{"id":4665,"date":"2016-10-18T16:43:29","date_gmt":"2016-10-18T13:43:29","guid":{"rendered":"http:\/\/www.yeniterter.az\/?p=4665"},"modified":"2016-10-19T13:30:03","modified_gmt":"2016-10-19T10:30:03","slug":"ispaniyal-i-m%c9%99sl%c9%99h%c9%99tci-jurnalist%c9%99-erm%c9%99ni-vandalizmi-bar%c9%99d%c9%99-m%c9%99lumat-verilib","status":"publish","type":"post","link":"https:\/\/yeniterter.az\/?p=4665","title":{"rendered":"\u0130SPAN\u0130YAL I   M\u018fSL\u018fH\u018fT\u00c7\u0130   JURNAL\u0130ST\u018f ERM\u018fN\u0130  VANDAL\u0130ZM\u0130  BAR\u018fD\u018f M\u018fLUMAT  VER\u0130L\u0130B"},"content":{"rendered":"<p><img decoding=\"async\" loading=\"lazy\" class=\"wp-image-4666 alignleft\" src=\"http:\/\/www.yeniterter.az\/wp-content\/uploads\/\u0418\u0437\u043e\u0431\u0440\u0430\u0436\u0435\u043d\u0438\u0435-341-300x201.jpg\" alt=\"%d0%b8%d0%b7%d0%be%d0%b1%d1%80%d0%b0%d0%b6%d0%b5%d0%bd%d0%b8%d0%b5-341\" width=\"152\" height=\"102\" srcset=\"https:\/\/yeniterter.az\/wp-content\/uploads\/\u0418\u0437\u043e\u0431\u0440\u0430\u0436\u0435\u043d\u0438\u0435-341-300x201.jpg 300w, https:\/\/yeniterter.az\/wp-content\/uploads\/\u0418\u0437\u043e\u0431\u0440\u0430\u0436\u0435\u043d\u0438\u0435-341-768x514.jpg 768w, https:\/\/yeniterter.az\/wp-content\/uploads\/\u0418\u0437\u043e\u0431\u0440\u0430\u0436\u0435\u043d\u0438\u0435-341-1024x685.jpg 1024w, https:\/\/yeniterter.az\/wp-content\/uploads\/\u0418\u0437\u043e\u0431\u0440\u0430\u0436\u0435\u043d\u0438\u0435-341.jpg 1500w\" sizes=\"(max-width: 152px) 100vw, 152px\" \/>\u0130spaniyan\u0131n ke\u00e7mi\u015f Beyn\u0259lxalq Xidm\u0259tinin r\u0259hb\u0259ri, m\u0259sl\u0259h\u0259t\u00e7i jurnalist, V Bak\u0131 Beyn\u0259lxalq Humanitar Forumunun i\u015ftirak\u00e7\u0131s\u0131 Carmen Rodriguez c\u0259bh\u0259 b\u00f6lg\u0259sind\u0259 m\u00f6vcud v\u0259ziyy\u0259t, orada ya\u015fayan dinc \u0259hali v\u0259 m\u00fcv\u0259qq\u0259ti m\u0259skunla\u015fm\u0131\u015f qa\u00e7q\u0131n v\u0259 m\u0259cburi k\u00f6\u00e7k\u00fcnl\u0259rin g\u00fcz\u0259ran\u0131 il\u0259 tan\u0131\u015f olmaq m\u0259qs\u0259di il\u0259 T\u0259rt\u0259r rayonuna s\u0259f\u0259r edib.<img decoding=\"async\" loading=\"lazy\" class=\" wp-image-4702 alignright\" src=\"http:\/\/www.yeniterter.az\/wp-content\/uploads\/DSC_69341-300x201.jpg\" alt=\"dsc_69341\" width=\"155\" height=\"104\" srcset=\"https:\/\/yeniterter.az\/wp-content\/uploads\/DSC_69341-300x201.jpg 300w, https:\/\/yeniterter.az\/wp-content\/uploads\/DSC_69341-768x514.jpg 768w, https:\/\/yeniterter.az\/wp-content\/uploads\/DSC_69341-1024x685.jpg 1024w, https:\/\/yeniterter.az\/wp-content\/uploads\/DSC_69341.jpg 1600w\" sizes=\"(max-width: 155px) 100vw, 155px\" \/><br \/>\nQonaqlar \u0259vv\u0259lc\u0259 T\u0259rt\u0259r Rayon \u0130cra Hakimiyy\u0259tinin r\u0259smil\u0259ri il\u0259 g\u00f6r\u00fc\u015f\u00fcbl\u0259r. G\u00f6r\u00fc\u015fd\u0259 rayon icra hakimiyy\u0259ti ba\u015f\u00e7\u0131s\u0131n\u0131n birinci m\u00fcavini Ramiz \u015eabanov qonaqlara c\u0259bh\u0259 x\u0259ttind\u0259 ya\u015fayan dinc \u0259halinin \u00fczl\u0259\u015fdiyi \u00e7\u0259tinlikl\u0259r, erm\u0259nil\u0259rin ya\u015fay\u0131\u015f m\u0259nt\u0259q\u0259l\u0259rini at\u0259\u015f\u0259 tutmas\u0131 n\u0259tic\u0259sind\u0259 yaranan probleml\u0259r bar\u0259d\u0259 m\u0259lumat verib.<br \/>\nSonra qonaqlar rayon \u0259razisind\u0259 yerl\u0259\u015f\u0259n N. sayl\u0131 h\u0259rbi hiss\u0259d\u0259 v\u0259 m\u0259cburi k\u00f6\u00e7k\u00fcnl\u0259rin s\u0131x ya\u015fad\u0131\u011f\u0131 H\u0259s\u0259nqaya k\u0259ndind\u0259 olublar.<\/p>\n","protected":false},"excerpt":{"rendered":"<p>\u0130spaniyan\u0131n ke\u00e7mi\u015f Beyn\u0259lxalq Xidm\u0259tinin r\u0259hb\u0259ri, m\u0259sl\u0259h\u0259t\u00e7i jurnalist, V Bak\u0131 Beyn\u0259lxalq Humanitar Forumunun i\u015ftirak\u00e7\u0131s\u0131 Carmen Rodriguez c\u0259bh\u0259 b\u00f6lg\u0259sind\u0259 m\u00f6vcud v\u0259ziyy\u0259t, orada ya\u015fayan dinc \u0259hali v\u0259 m\u00fcv\u0259qq\u0259ti m\u0259skunla\u015fm\u0131\u015f qa\u00e7q\u0131n v\u0259 m\u0259cburi k\u00f6\u00e7k\u00fcnl\u0259rin g\u00fcz\u0259ran\u0131 il\u0259 tan\u0131\u015f olmaq m\u0259qs\u0259di il\u0259 T\u0259rt\u0259r rayonuna s\u0259f\u0259r edib. Qonaqlar \u0259vv\u0259lc\u0259 T\u0259rt\u0259r Rayon \u0130cra Hakimiyy\u0259tinin r\u0259smil\u0259ri il\u0259 g\u00f6r\u00fc\u015f\u00fcbl\u0259r. G\u00f6r\u00fc\u015fd\u0259 rayon icra hakimiyy\u0259ti ba\u015f\u00e7\u0131s\u0131n\u0131n birinci [&hellip;]<\/p>\n","protected":false},"author":2,"featured_media":0,"comment_status":"closed","ping_status":"closed","sticky":false,"template":"","format":"standard","meta":[],"categories":[1],"tags":[13],"_links":{"self":[{"href":"https:\/\/yeniterter.az\/index.php?rest_route=\/wp\/v2\/posts\/4665"}],"collection":[{"href":"https:\/\/yeniterter.az\/index.php?rest_route=\/wp\/v2\/posts"}],"about":[{"href":"https:\/\/yeniterter.az\/index.php?rest_route=\/wp\/v2\/types\/post"}],"author":[{"embeddable":true,"href":"https:\/\/yeniterter.az\/index.php?rest_route=\/wp\/v2\/users\/2"}],"replies":[{"embeddable":true,"href":"https:\/\/yeniterter.az\/index.php?rest_route=%2Fwp%2Fv2%2Fcomments&post=4665"}],"version-history":[{"count":0,"href":"https:\/\/yeniterter.az\/index.php?rest_route=\/wp\/v2\/posts\/4665\/revisions"}],"wp:attachment":[{"href":"https:\/\/yeniterter.az\/index.php?rest_route=%2Fwp%2Fv2%2Fmedia&parent=4665"}],"wp:term":[{"taxonomy":"category","embeddable":true,"href":"https:\/\/yeniterter.az\/index.php?rest_route=%2Fwp%2Fv2%2Fcategories&post=4665"},{"taxonomy":"post_tag","embeddable":true,"href":"https:\/\/yeniterter.az\/index.php?rest_route=%2Fwp%2Fv2%2Ftags&post=4665"}],"curies":[{"name":"wp","href":"https:\/\/api.w.org\/{rel}","templated":true}]}}