{"id":4660,"date":"2016-10-18T16:36:28","date_gmt":"2016-10-18T13:36:28","guid":{"rendered":"http:\/\/www.yeniterter.az\/?p=4660"},"modified":"2016-10-18T16:36:28","modified_gmt":"2016-10-18T13:36:28","slug":"evimiz-%c9%99vv%c9%99lkind%c9%99n-d%c9%99-rahatdir","status":"publish","type":"post","link":"https:\/\/yeniterter.az\/?p=4660","title":{"rendered":"EV\u0130M\u0130Z    \u018fVV\u018fLK\u0130ND\u018fN   D\u018f   RAHATDIR"},"content":{"rendered":"<p>Bu ilin aprel hadis\u0259l\u0259ri zaman\u0131 erm\u0259ni t\u0259xribat\u00e7\u0131lar\u0131n\u0131n atd\u0131qlar\u0131 artilleriya m\u0259rmil\u0259ri ill\u0259r uzunu \u0259ziyy\u0259tl\u0259 tikdirdiyimiz evimizi darmada\u011f\u0131n etmi\u015fdir. Xo\u015fb\u0259xtlikd\u0259n ail\u0259 \u00fczvl\u0259rimizd\u0259n z\u0259r\u0259r \u00e7\u0259k\u0259n olmam\u0131\u015fd\u0131r.<br \/>\nHadis\u0259d\u0259n d\u0259rhal sonra \u00f6lk\u0259 ba\u015f\u00e7\u0131s\u0131 \u0130lham \u018fliyev v\u0259 onun xan\u0131m\u0131 biz\u0259 ba\u015f \u00e7\u0259kdil\u0259r, v\u0259ziyy\u0259tl\u0259 tan\u0131\u015f oldular. Onlar\u0131n bu g\u0259li\u015fi bizi \u00fcr\u0259kl\u0259ndirdi, \u00e7\u0259tinlikl\u0259rin \u00f6hd\u0259sind\u0259n g\u0259lm\u0259y\u0259 k\u00f6m\u0259k etdi. Prezidentimizin T\u0259rt\u0259r rayonuna ay\u0131rd\u0131\u011f\u0131 v\u0259sait hesab\u0131na aprel hadis\u0259l\u0259ri zaman\u0131 z\u0259r\u0259r \u00e7\u0259kmi\u015f evl\u0259rin ham\u0131s\u0131, o c\u00fcml\u0259d\u0259n bizim evimiz \u0259vv\u0259lkind\u0259n d\u0259 yax\u015f\u0131 b\u0259rpa olundu.<br \/>\nHavalar soyuduqca d\u00fc\u015f\u00fcn\u00fcr\u00fck ki, n\u0259 yax\u015f\u0131 ki, bizim bel\u0259 d\u00f6vl\u0259t ba\u015f\u00e7\u0131m\u0131z var. Yoxsa evsiz-e\u015fiksiz g\u00fcz\u0259ran\u0131m\u0131z nec\u0259 olard\u0131?<br \/>\nAil\u0259miz ad\u0131ndan Prezidentimiz\u0259 v\u0259 onun tap\u015f\u0131r\u0131qlar\u0131 v\u0259 t\u00f6vsiy\u0259l\u0259rini icra ed\u0259n b\u00fct\u00fcn insanlara minn\u0259tdarl\u0131\u011f\u0131m\u0131z\u0131 bildiririk.<\/p>\n<p style=\"text-align: right;\"><strong><em>Elmira S\u0259f\u0259rova,<\/em><\/strong><br \/>\n<strong><em>Fikr\u0259t \u018fmirov k\u00fc\u00e7\u0259sinin sakini<\/em><\/strong><\/p>\n","protected":false},"excerpt":{"rendered":"<p>Bu ilin aprel hadis\u0259l\u0259ri zaman\u0131 erm\u0259ni t\u0259xribat\u00e7\u0131lar\u0131n\u0131n atd\u0131qlar\u0131 artilleriya m\u0259rmil\u0259ri ill\u0259r uzunu \u0259ziyy\u0259tl\u0259 tikdirdiyimiz evimizi darmada\u011f\u0131n etmi\u015fdir. Xo\u015fb\u0259xtlikd\u0259n ail\u0259 \u00fczvl\u0259rimizd\u0259n z\u0259r\u0259r \u00e7\u0259k\u0259n olmam\u0131\u015fd\u0131r. Hadis\u0259d\u0259n d\u0259rhal sonra \u00f6lk\u0259 ba\u015f\u00e7\u0131s\u0131 \u0130lham \u018fliyev v\u0259 onun xan\u0131m\u0131 biz\u0259 ba\u015f \u00e7\u0259kdil\u0259r, v\u0259ziyy\u0259tl\u0259 tan\u0131\u015f oldular. Onlar\u0131n bu g\u0259li\u015fi bizi \u00fcr\u0259kl\u0259ndirdi, \u00e7\u0259tinlikl\u0259rin \u00f6hd\u0259sind\u0259n g\u0259lm\u0259y\u0259 k\u00f6m\u0259k etdi. Prezidentimizin T\u0259rt\u0259r rayonuna ay\u0131rd\u0131\u011f\u0131 v\u0259sait hesab\u0131na [&hellip;]<\/p>\n","protected":false},"author":2,"featured_media":0,"comment_status":"closed","ping_status":"closed","sticky":false,"template":"","format":"standard","meta":[],"categories":[1],"tags":[13],"_links":{"self":[{"href":"https:\/\/yeniterter.az\/index.php?rest_route=\/wp\/v2\/posts\/4660"}],"collection":[{"href":"https:\/\/yeniterter.az\/index.php?rest_route=\/wp\/v2\/posts"}],"about":[{"href":"https:\/\/yeniterter.az\/index.php?rest_route=\/wp\/v2\/types\/post"}],"author":[{"embeddable":true,"href":"https:\/\/yeniterter.az\/index.php?rest_route=\/wp\/v2\/users\/2"}],"replies":[{"embeddable":true,"href":"https:\/\/yeniterter.az\/index.php?rest_route=%2Fwp%2Fv2%2Fcomments&post=4660"}],"version-history":[{"count":0,"href":"https:\/\/yeniterter.az\/index.php?rest_route=\/wp\/v2\/posts\/4660\/revisions"}],"wp:attachment":[{"href":"https:\/\/yeniterter.az\/index.php?rest_route=%2Fwp%2Fv2%2Fmedia&parent=4660"}],"wp:term":[{"taxonomy":"category","embeddable":true,"href":"https:\/\/yeniterter.az\/index.php?rest_route=%2Fwp%2Fv2%2Fcategories&post=4660"},{"taxonomy":"post_tag","embeddable":true,"href":"https:\/\/yeniterter.az\/index.php?rest_route=%2Fwp%2Fv2%2Ftags&post=4660"}],"curies":[{"name":"wp","href":"https:\/\/api.w.org\/{rel}","templated":true}]}}