{"id":4520,"date":"2016-09-28T14:58:44","date_gmt":"2016-09-28T11:58:44","guid":{"rendered":"http:\/\/www.yeniterter.az\/?p=4520"},"modified":"2016-09-28T14:58:44","modified_gmt":"2016-09-28T11:58:44","slug":"az%c9%99rbaycan%e2%80%88prezidenti%e2%80%88ilham%e2%80%88%c9%99liyevin%e2%80%88sarkisyana%e2%80%88s%c9%99rt%e2%80%88cavabi","status":"publish","type":"post","link":"https:\/\/yeniterter.az\/?p=4520","title":{"rendered":"AZ\u018fRBAYCAN\u2008PREZ\u0130DENT\u0130\u2008\u0130LHAM\u2008\u018fL\u0130YEV\u0130N\u2008SARK\u0130SYANA\u2008S\u018fRT\u2008CAVABI"},"content":{"rendered":"<p><img decoding=\"async\" loading=\"lazy\" class=\" wp-image-4521 alignleft\" src=\"http:\/\/www.yeniterter.az\/wp-content\/uploads\/bu-2-300x179.jpg\" alt=\"bu\" width=\"189\" height=\"113\" srcset=\"https:\/\/yeniterter.az\/wp-content\/uploads\/bu-2-300x179.jpg 300w, https:\/\/yeniterter.az\/wp-content\/uploads\/bu-2-768x459.jpg 768w, https:\/\/yeniterter.az\/wp-content\/uploads\/bu-2-1024x612.jpg 1024w, https:\/\/yeniterter.az\/wp-content\/uploads\/bu-2.jpg 1500w\" sizes=\"(max-width: 189px) 100vw, 189px\" \/>Bi\u015fkekd\u0259 ke\u00e7iril\u0259n MDB D\u00f6vl\u0259t Ba\u015f\u00e7\u0131lar\u0131 \u015euras\u0131n\u0131n n\u00f6vb\u0259ti iclas\u0131nda h\u0259mi\u015f\u0259ki kimi Serj Sarkisyan\u0131n yalan v\u0259 iftiralarla dolu \u00e7\u0131x\u0131\u015f\u0131na m\u00f6ht\u0259r\u0259m Prezidentimiz \u0130lham \u018fliyevin verdiyi s\u0259rt cavab \u0259sl t\u0259rs \u015fill\u0259 effekti verdi.<br \/>\nMDB D\u00f6vl\u0259t Ba\u015f\u00e7\u0131lar\u0131 \u015euras\u0131n\u0131n iclas\u0131nda Sarkisyan\u0131n bu ilin aprel ay\u0131nda c\u0259bh\u0259 x\u0259ttind\u0259 ba\u015f vermi\u015f hadis\u0259l\u0259rl\u0259 ba\u011fl\u0131 \u015fikay\u0259t xarakterli \u00e7\u0131x\u0131\u015f\u0131 n\u00f6vb\u0259ti d\u0259f\u0259 onun \u00f6z\u00fcn\u00fc biab\u0131r etmi\u015fdir.<br \/>\nPrezident \u0130lham \u018fliyev \u0259lifba s\u0131ras\u0131 il\u0259 \u00e7\u0131x\u0131\u015f etm\u0259li olan Belarus Prezidenti Aleksandr Luka\u015fenkodan ona dan\u0131\u015fmaq \u00fc\u00e7\u00fcn imkan verm\u0259sini xahi\u015f etmi\u015f v\u0259 Erm\u0259nistan prezidentini yerin\u0259 oturtmu\u015fdur. Prezident \u0130lham \u018fliyev demi\u015fdir: \u201cT\u0259s\u0259vv\u00fcr edirsinizmi, v\u0259ziyy\u0259t kifay\u0259t q\u0259d\u0259r paradoksald\u0131r. Erm\u0259nistan suveren d\u00f6vl\u0259tin \u0259razisini i\u015f\u011fal edir, onun \u0259razi b\u00fct\u00f6v-l\u00fcy\u00fcn\u00fc pozur, Da\u011fl\u0131q Qaraba\u011fdan v\u0259 ona biti\u015fik yeddi rayondan yerli az\u0259rbaycanl\u0131 \u0259halini qovur, bir milyon insan\u0131 qa\u00e7q\u0131n v\u0259 m\u0259cburi k\u00f6\u00e7k\u00fcn v\u0259ziyy\u0259tin\u0259 sal\u0131r, i\u015f\u011fal edilmi\u015f \u0259razil\u0259rd\u0259 h\u0259r \u015feyi, o c\u00fcml\u0259d\u0259n tarixi, dini, m\u0259d\u0259ni abid\u0259l\u0259rimizi, b\u00fct\u00fcn infrastrukturu da\u011f\u0131d\u0131r, \u2013bu, AT\u018fT-in iki missiyas\u0131n\u0131n m\u0259ruz\u0259l\u0259ri il\u0259 t\u0259sdiq edilib\u2013sonra is\u0259 20 ild\u0259n art\u0131q m\u00fcdd\u0259td\u0259 dan\u0131\u015f\u0131qlar prosesini imitasiya etm\u0259kl\u0259 m\u0259\u015f\u011ful olur. Eyni zamanda, bu prosesin sonsuz olmas\u0131 \u00fc\u00e7\u00fcn m\u00fcxt\u0259lif t\u0259xribatlara \u0259l at\u0131r v\u0259 onlardan biri m\u0259hz bu ilin aprelind\u0259 oldu. Az\u0259rbaycan\u0131n dinc sakinl\u0259rinin be\u015f y\u00fczd\u0259n \u00e7ox evi erm\u0259ni ordusu t\u0259r\u0259find\u0259n artilleriya at\u0259\u015fin\u0259 m\u0259ruz qald\u0131, y\u00fczd\u0259n \u00e7ox ev da\u011f\u0131d\u0131ld\u0131, aralar\u0131nda u\u015faqlar da olmaqla, t\u0259xmin\u0259n on dinc v\u0259t\u0259nda\u015f q\u0259tl\u0259 yetirildi, h\u0259lak oldu.\u201d<br \/>\nSerj Sarkisyan \u201cYalana cavab verm\u0259yin sad\u0259c\u0259 m\u0259nas\u0131 yoxdur\u201d dem\u0259kl\u0259 \u00f6z m\u0259\u011flubiyy\u0259tini a\u00e7\u0131q-a\u015fkar n\u00fcmayi\u015f etdirdi.<br \/>\nAz\u0259rbaycan Prezidentinin \u201cM\u0259n yalana art\u0131q cavab verdim\u201d dem\u0259si is\u0259 Erm\u0259nistan d\u00f6vl\u0259tinin ba\u015f\u00e7\u0131s\u0131na n\u00f6vb\u0259ti d\u0259f\u0259 t\u0259rs \u015fill\u0259 effekti verdi.<\/p>\n","protected":false},"excerpt":{"rendered":"<p>Bi\u015fkekd\u0259 ke\u00e7iril\u0259n MDB D\u00f6vl\u0259t Ba\u015f\u00e7\u0131lar\u0131 \u015euras\u0131n\u0131n n\u00f6vb\u0259ti iclas\u0131nda h\u0259mi\u015f\u0259ki kimi Serj Sarkisyan\u0131n yalan v\u0259 iftiralarla dolu \u00e7\u0131x\u0131\u015f\u0131na m\u00f6ht\u0259r\u0259m Prezidentimiz \u0130lham \u018fliyevin verdiyi s\u0259rt cavab \u0259sl t\u0259rs \u015fill\u0259 effekti verdi. MDB D\u00f6vl\u0259t Ba\u015f\u00e7\u0131lar\u0131 \u015euras\u0131n\u0131n iclas\u0131nda Sarkisyan\u0131n bu ilin aprel ay\u0131nda c\u0259bh\u0259 x\u0259ttind\u0259 ba\u015f vermi\u015f hadis\u0259l\u0259rl\u0259 ba\u011fl\u0131 \u015fikay\u0259t xarakterli \u00e7\u0131x\u0131\u015f\u0131 n\u00f6vb\u0259ti d\u0259f\u0259 onun \u00f6z\u00fcn\u00fc biab\u0131r etmi\u015fdir. Prezident [&hellip;]<\/p>\n","protected":false},"author":2,"featured_media":0,"comment_status":"closed","ping_status":"closed","sticky":false,"template":"","format":"standard","meta":[],"categories":[1],"tags":[13],"_links":{"self":[{"href":"https:\/\/yeniterter.az\/index.php?rest_route=\/wp\/v2\/posts\/4520"}],"collection":[{"href":"https:\/\/yeniterter.az\/index.php?rest_route=\/wp\/v2\/posts"}],"about":[{"href":"https:\/\/yeniterter.az\/index.php?rest_route=\/wp\/v2\/types\/post"}],"author":[{"embeddable":true,"href":"https:\/\/yeniterter.az\/index.php?rest_route=\/wp\/v2\/users\/2"}],"replies":[{"embeddable":true,"href":"https:\/\/yeniterter.az\/index.php?rest_route=%2Fwp%2Fv2%2Fcomments&post=4520"}],"version-history":[{"count":0,"href":"https:\/\/yeniterter.az\/index.php?rest_route=\/wp\/v2\/posts\/4520\/revisions"}],"wp:attachment":[{"href":"https:\/\/yeniterter.az\/index.php?rest_route=%2Fwp%2Fv2%2Fmedia&parent=4520"}],"wp:term":[{"taxonomy":"category","embeddable":true,"href":"https:\/\/yeniterter.az\/index.php?rest_route=%2Fwp%2Fv2%2Fcategories&post=4520"},{"taxonomy":"post_tag","embeddable":true,"href":"https:\/\/yeniterter.az\/index.php?rest_route=%2Fwp%2Fv2%2Ftags&post=4520"}],"curies":[{"name":"wp","href":"https:\/\/api.w.org\/{rel}","templated":true}]}}