{"id":4517,"date":"2016-09-28T14:56:23","date_gmt":"2016-09-28T11:56:23","guid":{"rendered":"http:\/\/www.yeniterter.az\/?p=4517"},"modified":"2016-09-28T14:56:23","modified_gmt":"2016-09-28T11:56:23","slug":"%c9%99m%c9%99k%e2%80%88v%c9%99%e2%80%88%c9%99halinin%e2%80%88sosial%e2%80%88mudafi%c9%99si-naziri%e2%80%88s%c9%99lim%e2%80%88muslumov%e2%80%88t%c9%99rt%c9%99rd%c9%99","status":"publish","type":"post","link":"https:\/\/yeniterter.az\/?p=4517","title":{"rendered":"\u018fM\u018fK\u2008V\u018f\u2008\u018fHAL\u0130N\u0130N\u2008SOS\u0130AL\u2008M\u00dcDAF\u0130\u018fS\u0130 NAZ\u0130R\u0130\u2008S\u018fL\u0130M\u2008M\u00dcSL\u00dcMOV\u2008T\u018fRT\u018fRD\u018f"},"content":{"rendered":"<p><img decoding=\"async\" loading=\"lazy\" class=\" wp-image-4518 alignleft\" src=\"http:\/\/www.yeniterter.az\/wp-content\/uploads\/01-7-300x201.jpg\" alt=\"01\" width=\"172\" height=\"115\" srcset=\"https:\/\/yeniterter.az\/wp-content\/uploads\/01-7-300x201.jpg 300w, https:\/\/yeniterter.az\/wp-content\/uploads\/01-7-768x514.jpg 768w, https:\/\/yeniterter.az\/wp-content\/uploads\/01-7-1024x685.jpg 1024w, https:\/\/yeniterter.az\/wp-content\/uploads\/01-7.jpg 1500w\" sizes=\"(max-width: 172px) 100vw, 172px\" \/>T\u0259rt\u0259r, A\u011fdam, B\u0259rd\u0259, A\u011fc\u0259b\u0259di v\u0259 La\u00e7\u0131n rayonlar\u0131ndan olan v\u0259t\u0259nda\u015flar \u0259sas\u0259n \u0259m\u0259k h\u00fcquqlar\u0131n\u0131n m\u00fcdafi\u0259si, imtiyazl\u0131 \u015f\u0259xsl\u0259rin d\u00f6vl\u0259t hesab\u0131na m\u0259nzill\u0259 t\u0259minat\u0131, m\u0259\u015f\u011fulluq, b\u0259rpa m\u00fcalic\u0259si, \u0259m\u0259k pensiyas\u0131 h\u00fcququnun m\u00fc\u0259yy\u0259n olunmas\u0131 v\u0259 s. m\u0259s\u0259l\u0259l\u0259rl\u0259 ba\u011fl\u0131 m\u00fcraci\u0259t edibl\u0259r. H\u0259r bir m\u00fcraci\u0259td\u0259 \u0259ksini tapan m\u0259s\u0259l\u0259 obyektiv \u015f\u0259kild\u0259 ara\u015fd\u0131r\u0131l\u0131b, ayr\u0131-ayr\u0131 m\u00fcraci\u0259tl\u0259rl\u0259 ba\u011fl\u0131 h\u00fcquqi izahatlar verilib.<br \/>\nS\u0259lim M\u00fcsl\u00fcmov Qaraba\u011f m\u00fcharib\u0259si \u0259lill\u0259rinin v\u0259 \u015f\u0259hid ail\u0259l\u0259rinin d\u00f6vl\u0259t hesab\u0131na m\u0259nzill\u0259 t\u0259min olunmas\u0131 il\u0259 ba\u011fl\u0131 m\u00fcraci\u0259tl\u0259ri cavabland\u0131rark\u0259n bu ilin \u00f6t\u0259n d\u00f6vr\u00fcnd\u0259 respublikan\u0131n m\u00fcxt\u0259lif b\u00f6lg\u0259l\u0259rind\u0259 234 m\u0259nzilin h\u0259min t\u0259b\u0259q\u0259l\u0259rd\u0259n olan insanlar\u0131n istifad\u0259sin\u0259 verildiyini bildirib: \u201cAz\u0259rbaycan Prezidenti \u0130lham \u018fliyevin 20 iyun 2014-c\u00fc il tarixli S\u0259r\u0259ncam\u0131na \u0259sas\u0259n, Qaraba\u011f m\u00fcharib\u0259si \u0259lill\u0259ri v\u0259 \u015f\u0259hid ail\u0259l\u0259ri \u00fc\u00e7\u00fcn m\u0259nzil tikintisi i\u015fl\u0259ri bu b\u00f6lg\u0259d\u0259 d\u0259 u\u011furla apar\u0131l\u0131r. Ke\u00e7\u0259n v\u0259 cari ilin \u00f6t\u0259n d\u00f6vr\u00fcnd\u0259 T\u0259rt\u0259r rayonunda 58 n\u0259f\u0259r, A\u011fcab\u0259di rayonunda 14 n\u0259f\u0259r, A\u011fdam rayonunda 10 n\u0259f\u0259r, B\u0259rd\u0259 rayonunda 5 n\u0259f\u0259r olmaqla, h\u0259min rayonlar \u00fczr\u0259 \u00fcmumilikd\u0259 87 n\u0259f\u0259r Qaraba\u011f m\u00fcharib\u0259si \u0259lili v\u0259 \u015f\u0259hid ail\u0259si m\u00fcasir t\u0259l\u0259bl\u0259r\u0259 cavab ver\u0259n m\u0259nzill\u0259rl\u0259 t\u0259min olunub. Bu rayonlar \u00fczr\u0259 cari ild\u0259 daha 16 f\u0259rdi evin tikintisi d\u0259 n\u0259z\u0259rd\u0259 tutulub\u201d.<br \/>\nV\u0259t\u0259nda\u015flar\u0131n bir qismi m\u00fcraci\u0259tl\u0259rin\u0259 \u0259sas\u0259n, nazirliyin aidiyy\u0259ti m\u00fc\u0259ssis\u0259l\u0259rind\u0259 b\u0259rpa m\u00fcalic\u0259sin\u0259 c\u0259lb edilm\u0259k \u00fc\u00e7\u00fcn qeydiyyata g\u00f6t\u00fcr\u00fcl\u00fcb. <!--more--><br \/>\nM\u0259\u015f\u011fullu\u011fun t\u0259min olunmas\u0131na dair m\u00fcraci\u0259tl\u0259rl\u0259 \u0259laq\u0259dar yerind\u0259c\u0259 t\u0259dbirl\u0259r g\u00f6r\u00fcl\u00fcb, onlara ya\u015fad\u0131qlar\u0131 \u0259razid\u0259 f\u0259aliyy\u0259t g\u00f6st\u0259r\u0259n m\u00fc\u0259ssis\u0259l\u0259rd\u0259ki vakant i\u015f yerl\u0259ri t\u0259klif olunaraq, se\u00e7dikl\u0259ri i\u015f yerl\u0259rin\u0259 g\u00f6nd\u0259ri\u015fl\u0259r t\u0259qdim edilib. Habel\u0259 yeni pe\u015f\u0259l\u0259r\u0259 yiy\u0259l\u0259nm\u0259k arzusunda olan i\u015faxtaran \u015f\u0259xsl\u0259r nazirlik t\u0259r\u0259find\u0259n pe\u015f\u0259 haz\u0131rl\u0131\u011f\u0131 v\u0259 \u0259lav\u0259 t\u0259hsil kurslar\u0131na c\u0259lb edilm\u0259k \u00fc\u00e7\u00fcn qeydiyyata g\u00f6t\u00fcr\u00fcl\u00fcbl\u0259r. S\u0259lim M\u00fcsl\u00fcmov cari ilin 8 ay\u0131 \u0259rzind\u0259 \u018fm\u0259k v\u0259 \u018fhalinin Sosial M\u00fcdafi\u0259si Nazirliyinin m\u0259\u015f\u011fulluq orqanlar\u0131 t\u0259r\u0259find\u0259n 48759 n\u0259f\u0259r, o c\u00fcml\u0259d\u0259n T\u0259rt\u0259r, A\u011fdam, B\u0259rd\u0259, A\u011fcab\u0259di, La\u00e7\u0131n rayonlar\u0131 \u00fczr\u0259 2022 n\u0259f\u0259r v\u0259t\u0259nda\u015f\u0131n m\u00fcnasib i\u015f yerl\u0259ri il\u0259 t\u0259min edildikl\u0259rini diqq\u0259t\u0259 \u00e7atd\u0131r\u0131b.<br \/>\nQ\u0259bula g\u0259l\u0259n v\u0259t\u0259nda\u015flar m\u00fcraci\u0259tl\u0259ri zaman\u0131 sosial sah\u0259y\u0259 g\u00f6st\u0259ril\u0259n Prezident qay\u011f\u0131s\u0131ndan da raz\u0131l\u0131qla b\u0259hs ed\u0259r\u0259k, sosial proqramlar\u0131n u\u011furla davam etdirilm\u0259sin\u0259, \u0259halinin m\u0259\u015f\u011fulluq imkanlar\u0131n\u0131n art\u0131r\u0131lmas\u0131na g\u00f6r\u0259 d\u00f6vl\u0259timizin ba\u015f\u00e7\u0131s\u0131na minn\u0259tdarl\u0131qlar\u0131n\u0131 ifad\u0259 edibl\u0259r.<br \/>\nQ\u0259bul zaman\u0131 nazirliyin s\u0259lahiyy\u0259t dair\u0259sin\u0259 aid olmayan m\u00fcraci\u0259tl\u0259rd\u0259 \u0259ksini tapan m\u0259s\u0259l\u0259l\u0259r aidiyy\u0259ti qurumlara \u00e7atd\u0131r\u0131lmaq \u00fc\u00e7\u00fcn qeydiyyata al\u0131n\u0131b.<\/p>\n","protected":false},"excerpt":{"rendered":"<p>T\u0259rt\u0259r, A\u011fdam, B\u0259rd\u0259, A\u011fc\u0259b\u0259di v\u0259 La\u00e7\u0131n rayonlar\u0131ndan olan v\u0259t\u0259nda\u015flar \u0259sas\u0259n \u0259m\u0259k h\u00fcquqlar\u0131n\u0131n m\u00fcdafi\u0259si, imtiyazl\u0131 \u015f\u0259xsl\u0259rin d\u00f6vl\u0259t hesab\u0131na m\u0259nzill\u0259 t\u0259minat\u0131, m\u0259\u015f\u011fulluq, b\u0259rpa m\u00fcalic\u0259si, \u0259m\u0259k pensiyas\u0131 h\u00fcququnun m\u00fc\u0259yy\u0259n olunmas\u0131 v\u0259 s. m\u0259s\u0259l\u0259l\u0259rl\u0259 ba\u011fl\u0131 m\u00fcraci\u0259t edibl\u0259r. H\u0259r bir m\u00fcraci\u0259td\u0259 \u0259ksini tapan m\u0259s\u0259l\u0259 obyektiv \u015f\u0259kild\u0259 ara\u015fd\u0131r\u0131l\u0131b, ayr\u0131-ayr\u0131 m\u00fcraci\u0259tl\u0259rl\u0259 ba\u011fl\u0131 h\u00fcquqi izahatlar verilib. S\u0259lim M\u00fcsl\u00fcmov Qaraba\u011f m\u00fcharib\u0259si \u0259lill\u0259rinin v\u0259 \u015f\u0259hid [&hellip;]<\/p>\n","protected":false},"author":2,"featured_media":0,"comment_status":"closed","ping_status":"closed","sticky":false,"template":"","format":"standard","meta":[],"categories":[1],"tags":[13],"_links":{"self":[{"href":"https:\/\/yeniterter.az\/index.php?rest_route=\/wp\/v2\/posts\/4517"}],"collection":[{"href":"https:\/\/yeniterter.az\/index.php?rest_route=\/wp\/v2\/posts"}],"about":[{"href":"https:\/\/yeniterter.az\/index.php?rest_route=\/wp\/v2\/types\/post"}],"author":[{"embeddable":true,"href":"https:\/\/yeniterter.az\/index.php?rest_route=\/wp\/v2\/users\/2"}],"replies":[{"embeddable":true,"href":"https:\/\/yeniterter.az\/index.php?rest_route=%2Fwp%2Fv2%2Fcomments&post=4517"}],"version-history":[{"count":0,"href":"https:\/\/yeniterter.az\/index.php?rest_route=\/wp\/v2\/posts\/4517\/revisions"}],"wp:attachment":[{"href":"https:\/\/yeniterter.az\/index.php?rest_route=%2Fwp%2Fv2%2Fmedia&parent=4517"}],"wp:term":[{"taxonomy":"category","embeddable":true,"href":"https:\/\/yeniterter.az\/index.php?rest_route=%2Fwp%2Fv2%2Fcategories&post=4517"},{"taxonomy":"post_tag","embeddable":true,"href":"https:\/\/yeniterter.az\/index.php?rest_route=%2Fwp%2Fv2%2Ftags&post=4517"}],"curies":[{"name":"wp","href":"https:\/\/api.w.org\/{rel}","templated":true}]}}