{"id":4433,"date":"2016-09-19T16:30:42","date_gmt":"2016-09-19T13:30:42","guid":{"rendered":"http:\/\/www.yeniterter.az\/?p=4433"},"modified":"2016-09-19T16:34:39","modified_gmt":"2016-09-19T13:34:39","slug":"dini-ekstremizm-v%c9%99-onun-f%c9%99sadlari-maarifl%c9%99ndirici-t%c9%99dbir","status":"publish","type":"post","link":"https:\/\/yeniterter.az\/?p=4433","title":{"rendered":"\u201cD\u0130N\u0130 EKSTREM\u0130ZM V\u018f ONUN F\u018fSADLARI\u201d: MAAR\u0130FL\u018fND\u0130R\u0130C\u0130 T\u018fDB\u0130R"},"content":{"rendered":"<p><img decoding=\"async\" loading=\"lazy\" class=\" wp-image-4435 alignleft\" src=\"http:\/\/www.yeniterter.az\/wp-content\/uploads\/6f541970a2e0f1b2d2bc1c481eea33d7-300x217.jpg\" alt=\"6f541970a2e0f1b2d2bc1c481eea33d7\" width=\"169\" height=\"122\" srcset=\"https:\/\/yeniterter.az\/wp-content\/uploads\/6f541970a2e0f1b2d2bc1c481eea33d7-300x217.jpg 300w, https:\/\/yeniterter.az\/wp-content\/uploads\/6f541970a2e0f1b2d2bc1c481eea33d7-768x555.jpg 768w, https:\/\/yeniterter.az\/wp-content\/uploads\/6f541970a2e0f1b2d2bc1c481eea33d7-1024x740.jpg 1024w, https:\/\/yeniterter.az\/wp-content\/uploads\/6f541970a2e0f1b2d2bc1c481eea33d7.jpg 1500w\" sizes=\"(max-width: 169px) 100vw, 169px\" \/><img decoding=\"async\" loading=\"lazy\" class=\" wp-image-4434 alignright\" src=\"http:\/\/www.yeniterter.az\/wp-content\/uploads\/DSC_0003-\u041a\u043e\u043f\u0438\u0440\u043e\u0432\u0430\u0442\u044c1-300x199.jpg\" alt=\"dsc_0003-%d0%ba%d0%be%d0%bf%d0%b8%d1%80%d0%be%d0%b2%d0%b0%d1%82%d1%8c1\" width=\"162\" height=\"108\" srcset=\"https:\/\/yeniterter.az\/wp-content\/uploads\/DSC_0003-\u041a\u043e\u043f\u0438\u0440\u043e\u0432\u0430\u0442\u044c1-300x199.jpg 300w, https:\/\/yeniterter.az\/wp-content\/uploads\/DSC_0003-\u041a\u043e\u043f\u0438\u0440\u043e\u0432\u0430\u0442\u044c1-768x508.jpg 768w, https:\/\/yeniterter.az\/wp-content\/uploads\/DSC_0003-\u041a\u043e\u043f\u0438\u0440\u043e\u0432\u0430\u0442\u044c1-1024x678.jpg 1024w, https:\/\/yeniterter.az\/wp-content\/uploads\/DSC_0003-\u041a\u043e\u043f\u0438\u0440\u043e\u0432\u0430\u0442\u044c1.jpg 1500w\" sizes=\"(max-width: 162px) 100vw, 162px\" \/>Sentyabr\u0131n 9-da T\u0259rt\u0259r rayon G\u0259ncl\u0259r M\u0259rk\u0259zind\u0259 Az\u0259rbaycan Respublikas\u0131 G\u0259ncl\u0259r v\u0259 \u0130dman Nazirliyi, Dini Qurumlarla \u0130\u015f \u00fczr\u0259 D\u00f6vl\u0259t Komit\u0259si T\u0259rt\u0259r Rayon \u0130cra Hakimiyy\u0259ti il\u0259 birlikd\u0259 \u201cDini ekstremizm v\u0259 onun f\u0259sadlar\u0131\u201d m\u00f6vzusunda maarifl\u0259ndirici t\u0259dbir ke\u00e7irmi\u015fl\u0259r.<br \/>\nT\u0259dbird\u0259 rayon g\u0259ncl\u0259ri, din xadiml\u0259ri v\u0259 ictimaiyy\u0259tin n\u00fcmay\u0259nd\u0259l\u0259ri i\u015ftirak etmi\u015fl\u0259r.<br \/>\n\u018fvv\u0259lc\u0259 t\u0259dbir i\u015ftirak\u00e7\u0131lar\u0131 torpaqlar\u0131m\u0131z\u0131n azadl\u0131\u011f\u0131 u\u011frunda h\u0259lak olmu\u015f \u015f\u0259hidl\u0259rimizin xatir\u0259sini bir d\u0259qiq\u0259lik s\u00fckutla yad etmi\u015fl\u0259r.<br \/>\nT\u0259rt\u0259r Rayon \u0130cra Hakimiyy\u0259ti ba\u015f\u00e7\u0131s\u0131 aparat\u0131n\u0131n ictimai-siyasi v\u0259 humanitar m\u0259s\u0259l\u0259l\u0259r \u015f\u00f6b\u0259sinin m\u00fcdir m\u00fcavini-dini qurumlarla i\u015fin t\u0259\u015fkilat\u00e7\u0131s\u0131 Elvin Umudov T\u0259rt\u0259r rayonunda dini v\u0259 m\u0259n\u0259vi-\u0259xlaqi d\u0259y\u0259rl\u0259rin qorunmas\u0131, qada\u011fan olunmu\u015f dini t\u0259riq\u0259tl\u0259rin t\u0259bli\u011finin qar\u015f\u0131s\u0131n\u0131n al\u0131nmas\u0131 sah\u0259sind\u0259 g\u00f6r\u00fcl\u0259n i\u015fl\u0259rin v\u0259ziyy\u0259ti il\u0259 ba\u011fl\u0131 maarifl\u0259ndirm\u0259 prosesinin m\u00fcasir t\u0259l\u0259bl\u0259r\u0259 uy\u011funla\u015fd\u0131r\u0131lmas\u0131 istiqam\u0259tind\u0259 g\u00f6r\u00fcl\u0259n i\u015fl\u0259rd\u0259n dan\u0131\u015fm\u0131\u015fd\u0131r. Bildirmi\u015fdir ki, cari ilin iyun ay\u0131n\u0131n 9-da D\u00f6vl\u0259t M\u00fc\u015faviri Kamal Abdulla rayonumuza s\u0259f\u0259r etmi\u015f, T\u0259rt\u0259r \u201cC\u00fcm\u0259\u201d M\u0259scidind\u0259 dindarlarla g\u00f6r\u00fc\u015fm\u00fc\u015f, d\u00f6vl\u0259timiz t\u0259r\u0259find\u0259n onlara g\u00f6st\u0259ril\u0259n diqq\u0259t v\u0259 qay\u011f\u0131dan dan\u0131\u015fm\u0131\u015fd\u0131r.<!--more--><br \/>\nElvin Umudov qeyd etmi\u015fdir ki, rayonda 5 m\u0259scid var, onlardan biri rayon m\u0259rk\u0259zind\u0259 f\u0259aliyy\u0259t g\u00f6st\u0259r\u0259n T\u0259rt\u0259r \u201cC\u00fcm\u0259\u201d m\u0259scididir. Dig\u0259r 4 m\u0259scid Hac\u0131q\u0259rv\u0259nd, Azadqaraqoyunlu, \u018fskipara v\u0259 Qaynaq k\u0259ndl\u0259rind\u0259 m\u00f6vs\u00fcmi f\u0259aliyy\u0259t g\u00f6st\u0259rir. \u018frazid\u0259 olan m\u0259scidl\u0259r v\u0259 ziyar\u0259tgahlar b\u0259l\u0259diyy\u0259l\u0259rin balans\u0131na verilmi\u015fdir. Rayonda bir dini icma f\u0259aliyy\u0259t g\u00f6st\u0259rir.<br \/>\n2015-ci ild\u0259 T\u0259rt\u0259r \u201cC\u00fcm\u0259\u201d m\u0259scidind\u0259 Qafqaz M\u00fcs\u0259lmanlar\u0131 \u0130dar\u0259si t\u0259r\u0259find\u0259n ayr\u0131lm\u0131\u015f v\u0259sait hesab\u0131na cari t\u0259mir i\u015fl\u0259ri apar\u0131lm\u0131\u015fd\u0131r.<br \/>\nT\u0259rt\u0259r Rayon \u0130cra Hakimiyy\u0259ti ba\u015f\u00e7\u0131s\u0131 yan\u0131nda 15 n\u0259f\u0259rd\u0259n ibar\u0259t Dini i\u015fl\u0259r \u00fczr\u0259 komissiya f\u0259aliyy\u0259t g\u00f6st\u0259rir. Komissiya z\u0259r\u0259rli dini \u0259d\u0259biyyat\u0131n rayona g\u0259tirilm\u0259sinin v\u0259 yay\u0131lmas\u0131n\u0131n qar\u015f\u0131s\u0131n\u0131n al\u0131nmas\u0131 istiqam\u0259tind\u0259 z\u0259ruri t\u0259dbirl\u0259ri h\u0259yata ke\u00e7irir. Bu m\u0259qs\u0259dl\u0259 dini \u0259d\u0259biyyat\u0131n sat\u0131\u015f\u0131 il\u0259 m\u0259\u015f\u011ful olan ma\u011fazalara bax\u0131\u015f ke\u00e7irilir, rayon a\u011fsaqqallar\u0131, din adamlar\u0131 v\u0259 h\u00fcquq-m\u00fchafiz\u0259 orqanlar\u0131 il\u0259 s\u0131x \u0259m\u0259kda\u015fl\u0131q m\u00fcnasib\u0259tl\u0259ri m\u00f6vcuddur.<br \/>\nT\u0259dbird\u0259 Az\u0259rbaycan Respublikas\u0131 G\u0259ncl\u0259r v\u0259 \u0130dman Nazirliyinin v\u0259t\u0259np\u0259rv\u0259rlik v\u0259 v\u0259t\u0259nda\u015fl\u0131q t\u0259rbiy\u0259si sektorunun m\u00fcdiri \u018fli M\u0259mm\u0259dov \u00e7\u0131x\u0131\u015f ed\u0259r\u0259k dini ekstremizml\u0259 m\u00fcbariz\u0259nin \u0259h\u0259miyy\u0259ti bar\u0259d\u0259 dan\u0131\u015fm\u0131\u015f v\u0259 bu istiqam\u0259td\u0259 h\u0259yata ke\u00e7iril\u0259n t\u0259dbirl\u0259rin z\u0259ruri oldu\u011funu bildirmi\u015fdir.<br \/>\nDini Qurumlarla \u0130\u015f \u00fczr\u0259 D\u00f6vl\u0259t Komit\u0259sinin dini maarifl\u0259ndirm\u0259 i\u015finin t\u0259\u015fkili \u015f\u00f6b\u0259sinin m\u00fcdir m\u00fcavini Ruslan \u018fsg\u0259rov d\u00fcnyada, x\u00fcsusil\u0259 Yax\u0131n \u015e\u0259rqd\u0259 dini radikalizm v\u0259 ekstremizmin silahl\u0131 m\u00fcnaqi\u015f\u0259l\u0259r\u0259 s\u0259b\u0259b olmas\u0131 v\u0259 meydana g\u0259tirdiyi f\u0259sadlar haqq\u0131nda m\u0259lumat vermi\u015fdir. Bildirmi\u015fdir ki, dinin siyasil\u0259\u015fdirildiyi v\u0259 ya geosiyasi maraqlara al\u0259t oldu\u011fu \u00f6lk\u0259l\u0259r b\u00f6y\u00fck f\u0259lak\u0259tl\u0259rl\u0259 \u00fczl\u0259\u015fm\u0259kd\u0259dir.<br \/>\nSonra T\u0259rt\u0259r Rayon Polis \u015e\u00f6b\u0259si r\u0259isinin \u015f\u0259xsi hey\u0259tl\u0259 i\u015f \u00fczr\u0259 k\u00f6m\u0259k\u00e7isi N\u0259bi M\u0259mm\u0259dov, C\u00fcm\u0259 M\u0259scidinin axundu Sadiq C\u0259f\u0259rov, Heyd\u0259r \u018fliyev M\u0259rk\u0259zinin direktoru S\u0259lim\u0259 Yusibova v\u0259 rayon t\u0259hsil \u015f\u00f6b\u0259sinin \u0259m\u0259kda\u015f\u0131 Nigar M\u0259s-t\u0259lizad\u0259 m\u00f6vzu \u0259traf\u0131nda \u00e7\u0131x\u0131\u015f ed\u0259r\u0259k \u00f6z fikirl\u0259rini bildirmi\u015fl\u0259r.<\/p>\n","protected":false},"excerpt":{"rendered":"<p>Sentyabr\u0131n 9-da T\u0259rt\u0259r rayon G\u0259ncl\u0259r M\u0259rk\u0259zind\u0259 Az\u0259rbaycan Respublikas\u0131 G\u0259ncl\u0259r v\u0259 \u0130dman Nazirliyi, Dini Qurumlarla \u0130\u015f \u00fczr\u0259 D\u00f6vl\u0259t Komit\u0259si T\u0259rt\u0259r Rayon \u0130cra Hakimiyy\u0259ti il\u0259 birlikd\u0259 \u201cDini ekstremizm v\u0259 onun f\u0259sadlar\u0131\u201d m\u00f6vzusunda maarifl\u0259ndirici t\u0259dbir ke\u00e7irmi\u015fl\u0259r. T\u0259dbird\u0259 rayon g\u0259ncl\u0259ri, din xadiml\u0259ri v\u0259 ictimaiyy\u0259tin n\u00fcmay\u0259nd\u0259l\u0259ri i\u015ftirak etmi\u015fl\u0259r. \u018fvv\u0259lc\u0259 t\u0259dbir i\u015ftirak\u00e7\u0131lar\u0131 torpaqlar\u0131m\u0131z\u0131n azadl\u0131\u011f\u0131 u\u011frunda h\u0259lak olmu\u015f \u015f\u0259hidl\u0259rimizin xatir\u0259sini bir d\u0259qiq\u0259lik [&hellip;]<\/p>\n","protected":false},"author":2,"featured_media":0,"comment_status":"closed","ping_status":"closed","sticky":false,"template":"","format":"standard","meta":[],"categories":[1],"tags":[13],"_links":{"self":[{"href":"https:\/\/yeniterter.az\/index.php?rest_route=\/wp\/v2\/posts\/4433"}],"collection":[{"href":"https:\/\/yeniterter.az\/index.php?rest_route=\/wp\/v2\/posts"}],"about":[{"href":"https:\/\/yeniterter.az\/index.php?rest_route=\/wp\/v2\/types\/post"}],"author":[{"embeddable":true,"href":"https:\/\/yeniterter.az\/index.php?rest_route=\/wp\/v2\/users\/2"}],"replies":[{"embeddable":true,"href":"https:\/\/yeniterter.az\/index.php?rest_route=%2Fwp%2Fv2%2Fcomments&post=4433"}],"version-history":[{"count":0,"href":"https:\/\/yeniterter.az\/index.php?rest_route=\/wp\/v2\/posts\/4433\/revisions"}],"wp:attachment":[{"href":"https:\/\/yeniterter.az\/index.php?rest_route=%2Fwp%2Fv2%2Fmedia&parent=4433"}],"wp:term":[{"taxonomy":"category","embeddable":true,"href":"https:\/\/yeniterter.az\/index.php?rest_route=%2Fwp%2Fv2%2Fcategories&post=4433"},{"taxonomy":"post_tag","embeddable":true,"href":"https:\/\/yeniterter.az\/index.php?rest_route=%2Fwp%2Fv2%2Ftags&post=4433"}],"curies":[{"name":"wp","href":"https:\/\/api.w.org\/{rel}","templated":true}]}}