{"id":4422,"date":"2016-09-19T16:17:44","date_gmt":"2016-09-19T13:17:44","guid":{"rendered":"http:\/\/www.yeniterter.az\/?p=4422"},"modified":"2016-09-19T16:19:01","modified_gmt":"2016-09-19T13:19:01","slug":"aciq-qapi-gunu","status":"publish","type":"post","link":"https:\/\/yeniterter.az\/?p=4422","title":{"rendered":"\u201cA\u00c7IQ QAPI\u201d G\u00dcN\u00dc"},"content":{"rendered":"<p><img decoding=\"async\" loading=\"lazy\" class=\" wp-image-4423 alignleft\" src=\"http:\/\/www.yeniterter.az\/wp-content\/uploads\/\u0418\u0437\u043e\u0431\u0440\u0430\u0436\u0435\u043d\u0438\u0435-110-1-300x201.jpg\" alt=\"%d0%b8%d0%b7%d0%be%d0%b1%d1%80%d0%b0%d0%b6%d0%b5%d0%bd%d0%b8%d0%b5-110\" width=\"147\" height=\"98\" srcset=\"https:\/\/yeniterter.az\/wp-content\/uploads\/\u0418\u0437\u043e\u0431\u0440\u0430\u0436\u0435\u043d\u0438\u0435-110-1-300x201.jpg 300w, https:\/\/yeniterter.az\/wp-content\/uploads\/\u0418\u0437\u043e\u0431\u0440\u0430\u0436\u0435\u043d\u0438\u0435-110-1-768x514.jpg 768w, https:\/\/yeniterter.az\/wp-content\/uploads\/\u0418\u0437\u043e\u0431\u0440\u0430\u0436\u0435\u043d\u0438\u0435-110-1-1024x685.jpg 1024w, https:\/\/yeniterter.az\/wp-content\/uploads\/\u0418\u0437\u043e\u0431\u0440\u0430\u0436\u0435\u043d\u0438\u0435-110-1.jpg 1500w\" sizes=\"(max-width: 147px) 100vw, 147px\" \/><img decoding=\"async\" loading=\"lazy\" class=\" wp-image-4424 alignright\" src=\"http:\/\/www.yeniterter.az\/wp-content\/uploads\/DSC_4427-\u041a\u043e\u043f\u0438\u0440\u043e\u0432\u0430\u0442\u044c-300x201.jpg\" alt=\"dsc_4427-%d0%ba%d0%be%d0%bf%d0%b8%d1%80%d0%be%d0%b2%d0%b0%d1%82%d1%8c\" width=\"149\" height=\"100\" srcset=\"https:\/\/yeniterter.az\/wp-content\/uploads\/DSC_4427-\u041a\u043e\u043f\u0438\u0440\u043e\u0432\u0430\u0442\u044c-300x201.jpg 300w, https:\/\/yeniterter.az\/wp-content\/uploads\/DSC_4427-\u041a\u043e\u043f\u0438\u0440\u043e\u0432\u0430\u0442\u044c-768x514.jpg 768w, https:\/\/yeniterter.az\/wp-content\/uploads\/DSC_4427-\u041a\u043e\u043f\u0438\u0440\u043e\u0432\u0430\u0442\u044c-1024x685.jpg 1024w, https:\/\/yeniterter.az\/wp-content\/uploads\/DSC_4427-\u041a\u043e\u043f\u0438\u0440\u043e\u0432\u0430\u0442\u044c.jpg 1500w\" sizes=\"(max-width: 149px) 100vw, 149px\" \/>Qurban bayram\u0131 \u0259r\u0259f\u0259sind\u0259 rayonun \u0259razisind\u0259 yerl\u0259\u015f\u0259n h\u0259rbi hiss\u0259l\u0259rd\u0259 \u201cA\u00e7\u0131q qap\u0131\u201d g\u00fcn\u00fc ke\u00e7irildi. T\u0259dbird\u0259 rayon icra hakimiyy\u0259tinin n\u00fcmay\u0259nd\u0259l\u0259ri, \u0259sg\u0259r valideynl\u0259ri v\u0259 do\u011fmalar\u0131, m\u00fcharib\u0259 veteranlar\u0131, \u015f\u0259hid ail\u0259l\u0259ri, t\u0259hsil, s\u0259hiyy\u0259, m\u0259d\u0259niyy\u0259t i\u015f\u00e7il\u0259ri, m\u0259kt\u0259blil\u0259r v\u0259 rayon ictimaiyy\u0259tinin t\u0259msil\u00e7il\u0259ri i\u015ftirak etdil\u0259r.<br \/>\nN\u00fcmay\u0259nd\u0259l\u0259r \u0259vv\u0259lc\u0259 h\u0259rbi hiss\u0259l\u0259rd\u0259 \u0259sg\u0259rl\u0259rin ya\u015fay\u0131\u015f, m\u0259i\u015f\u0259t \u015f\u0259raiti il\u0259 tan\u0131\u015f olub, xidm\u0259ti v\u0259 inzibati binalarda, \u0259sg\u0259r yataqxanalar\u0131nda, yem\u0259kxanalarda oldular.<br \/>\n\u201cA\u00e7\u0131q qap\u0131\u201d g\u00fcn\u00fcnd\u0259 \u0259sg\u0259r v\u0259 zabitl\u0259r qar\u015f\u0131s\u0131nda \u00e7\u0131x\u0131\u015f ed\u0259n rayon icra hakimiyy\u0259tinin ba\u015f\u00e7\u0131s\u0131 M\u00fcst\u0259qim M\u0259mm\u0259dov onlar\u0131 Qurban bayram\u0131 m\u00fcnasib\u0259til\u0259 t\u0259brik etdi. Bildirdi ki, h\u0259r bir az\u0259rbaycanl\u0131n\u0131n \u0259n b\u00f6y\u00fck arzusu Erm\u0259nistan t\u0259r\u0259find\u0259n i\u015f\u011fal olunmu\u015f torpaqlar\u0131m\u0131z\u0131n d\u00fc\u015fm\u0259n tapda\u011f\u0131ndan azad olunmas\u0131 v\u0259 Az\u0259rbaycan bayra\u011f\u0131n\u0131n Da\u011fl\u0131q Qaraba\u011fda dal\u011falanmas\u0131d\u0131r. Bunun \u00fc\u00e7\u00fcn h\u0259r birimiz \u00fcz\u0259rimiz\u0259 d\u00fc\u015f\u0259n v\u0259zif\u0259l\u0259ri layiqinc\u0259 yerin\u0259 yetirm\u0259liyik. Q\u0259l\u0259b\u0259 g\u00fcn\u00fc uzaqda deyil, biz Ali Ba\u015f Komandan, Prezident \u0130lham \u018fliyevin r\u0259hb\u0259rliyi alt\u0131nda torpaqlar\u0131m\u0131z\u0131 i\u015f\u011faldan azad ed\u0259c\u0259yik v\u0259 bayra\u011f\u0131m\u0131z o g\u00f6z\u0259l torpaqlar\u0131m\u0131zda da dal\u011falanacaqd\u0131r.<!--more--><br \/>\nSonra M\u00fcst\u0259qim M\u0259mm\u0259dov aprel d\u00f6y\u00fc\u015fl\u0259ri zaman\u0131 ordumuzun g\u00f6st\u0259rdiyi q\u0259hr\u0259manl\u0131qdan, Respublika Prezidenti c\u0259nab \u0130lham \u018fliyevin \u00f6z xan\u0131m\u0131 il\u0259 rayonumuza olan s\u0259f\u0259rind\u0259n, \u015f\u0259h\u0259rd\u0259, d\u00fc\u015fm\u0259nl\u0259 200 metrlik m\u0259saf\u0259d\u0259 olan Qapanl\u0131 k\u0259ndind\u0259 da\u011f\u0131lm\u0131\u015f evl\u0259r\u0259 bax\u0131\u015f ke\u00e7irm\u0259sind\u0259n, regionlarda apar\u0131lan tikinti-quruculuq i\u015fl\u0259rin\u0259, ordu quruculu\u011funa, \u015f\u0259hid ail\u0259l\u0259rin\u0259, m\u00fcharib\u0259 veteranlar\u0131na g\u00f6st\u0259rdiyi diqq\u0259t v\u0259 qay\u011f\u0131dan, rayonumuzda torpaqlar\u0131m\u0131z u\u011frunda h\u0259lak olmu\u015f \u015f\u0259hidl\u0259rin adlar\u0131n\u0131n \u0259b\u0259dil\u0259\u015fdirilm\u0259si istiqam\u0259tind\u0259 g\u00f6r\u00fcl\u0259n i\u015fl\u0259rd\u0259n dan\u0131\u015fd\u0131.<br \/>\nRayon r\u0259hb\u0259ri \u0259sg\u0259rl\u0259rl\u0259 g\u00f6r\u00fc\u015f\u0259 g\u0259l\u0259n valideynl\u0259rl\u0259 s\u0259mimi s\u00f6hb\u0259t apard\u0131, onlar\u0131n qay\u011f\u0131lar\u0131 il\u0259 maraqland\u0131.<br \/>\nQurban bayram\u0131 m\u00fcnasib\u0259ti il\u0259 T\u0259rt\u0259r Rayon \u0130cra Hakimiyy\u0259ti t\u0259r\u0259find\u0259n h\u0259rbi hiss\u0259l\u0259r\u0259 qurban pay\u0131 verildi.<br \/>\nSonda rayon r\u0259hb\u0259ri v\u0259 dig\u0259r qonaqlar \u0259sg\u0259r v\u0259 zabitl\u0259r il\u0259 birlikd\u0259 bayram s\u00fcfr\u0259si arxas\u0131nda \u0259yl\u0259\u015fdil\u0259r.<br \/>\nT\u0259dbird\u0259 T\u0259rt\u0259r rayonunun m\u0259d\u0259niyy\u0259t i\u015f\u00e7il\u0259ri maraql\u0131 konsert proqram\u0131 il\u0259 \u00e7\u0131x\u0131\u015f etdil\u0259r.<\/p>\n<p style=\"text-align: right;\"><strong><em>\u201cYeni T\u0259rt\u0259r\u201d<\/em><\/strong><\/p>\n","protected":false},"excerpt":{"rendered":"<p>Qurban bayram\u0131 \u0259r\u0259f\u0259sind\u0259 rayonun \u0259razisind\u0259 yerl\u0259\u015f\u0259n h\u0259rbi hiss\u0259l\u0259rd\u0259 \u201cA\u00e7\u0131q qap\u0131\u201d g\u00fcn\u00fc ke\u00e7irildi. T\u0259dbird\u0259 rayon icra hakimiyy\u0259tinin n\u00fcmay\u0259nd\u0259l\u0259ri, \u0259sg\u0259r valideynl\u0259ri v\u0259 do\u011fmalar\u0131, m\u00fcharib\u0259 veteranlar\u0131, \u015f\u0259hid ail\u0259l\u0259ri, t\u0259hsil, s\u0259hiyy\u0259, m\u0259d\u0259niyy\u0259t i\u015f\u00e7il\u0259ri, m\u0259kt\u0259blil\u0259r v\u0259 rayon ictimaiyy\u0259tinin t\u0259msil\u00e7il\u0259ri i\u015ftirak etdil\u0259r. N\u00fcmay\u0259nd\u0259l\u0259r \u0259vv\u0259lc\u0259 h\u0259rbi hiss\u0259l\u0259rd\u0259 \u0259sg\u0259rl\u0259rin ya\u015fay\u0131\u015f, m\u0259i\u015f\u0259t \u015f\u0259raiti il\u0259 tan\u0131\u015f olub, xidm\u0259ti v\u0259 inzibati binalarda, \u0259sg\u0259r yataqxanalar\u0131nda, yem\u0259kxanalarda oldular. [&hellip;]<\/p>\n","protected":false},"author":2,"featured_media":0,"comment_status":"closed","ping_status":"closed","sticky":false,"template":"","format":"standard","meta":[],"categories":[1],"tags":[13],"_links":{"self":[{"href":"https:\/\/yeniterter.az\/index.php?rest_route=\/wp\/v2\/posts\/4422"}],"collection":[{"href":"https:\/\/yeniterter.az\/index.php?rest_route=\/wp\/v2\/posts"}],"about":[{"href":"https:\/\/yeniterter.az\/index.php?rest_route=\/wp\/v2\/types\/post"}],"author":[{"embeddable":true,"href":"https:\/\/yeniterter.az\/index.php?rest_route=\/wp\/v2\/users\/2"}],"replies":[{"embeddable":true,"href":"https:\/\/yeniterter.az\/index.php?rest_route=%2Fwp%2Fv2%2Fcomments&post=4422"}],"version-history":[{"count":0,"href":"https:\/\/yeniterter.az\/index.php?rest_route=\/wp\/v2\/posts\/4422\/revisions"}],"wp:attachment":[{"href":"https:\/\/yeniterter.az\/index.php?rest_route=%2Fwp%2Fv2%2Fmedia&parent=4422"}],"wp:term":[{"taxonomy":"category","embeddable":true,"href":"https:\/\/yeniterter.az\/index.php?rest_route=%2Fwp%2Fv2%2Fcategories&post=4422"},{"taxonomy":"post_tag","embeddable":true,"href":"https:\/\/yeniterter.az\/index.php?rest_route=%2Fwp%2Fv2%2Ftags&post=4422"}],"curies":[{"name":"wp","href":"https:\/\/api.w.org\/{rel}","templated":true}]}}