{"id":4419,"date":"2016-09-19T16:12:38","date_gmt":"2016-09-19T13:12:38","guid":{"rendered":"http:\/\/www.yeniterter.az\/?p=4419"},"modified":"2016-09-19T16:12:38","modified_gmt":"2016-09-19T13:12:38","slug":"yeni-korpu-salinir-2","status":"publish","type":"post","link":"https:\/\/yeniterter.az\/?p=4419","title":{"rendered":"YEN\u0130 K\u00d6RP\u00dc SALINIR"},"content":{"rendered":"<p><img decoding=\"async\" loading=\"lazy\" class=\" wp-image-4420 alignleft\" src=\"http:\/\/www.yeniterter.az\/wp-content\/uploads\/\u0418\u0437\u043e\u0431\u0440\u0430\u0436\u0435\u043d\u0438\u0435-132-300x201.jpg\" alt=\"%d0%b8%d0%b7%d0%be%d0%b1%d1%80%d0%b0%d0%b6%d0%b5%d0%bd%d0%b8%d0%b5-132\" width=\"152\" height=\"102\" srcset=\"https:\/\/yeniterter.az\/wp-content\/uploads\/\u0418\u0437\u043e\u0431\u0440\u0430\u0436\u0435\u043d\u0438\u0435-132-300x201.jpg 300w, https:\/\/yeniterter.az\/wp-content\/uploads\/\u0418\u0437\u043e\u0431\u0440\u0430\u0436\u0435\u043d\u0438\u0435-132-768x514.jpg 768w, https:\/\/yeniterter.az\/wp-content\/uploads\/\u0418\u0437\u043e\u0431\u0440\u0430\u0436\u0435\u043d\u0438\u0435-132-1024x685.jpg 1024w, https:\/\/yeniterter.az\/wp-content\/uploads\/\u0418\u0437\u043e\u0431\u0440\u0430\u0436\u0435\u043d\u0438\u0435-132.jpg 1500w\" sizes=\"(max-width: 152px) 100vw, 152px\" \/>T\u0259rt\u0259r \u00e7ay\u0131n\u0131n sa\u011f v\u0259 sol sahill\u0259rini birl\u0259\u015fdir\u0259n, rayonumuzun Sar\u0131cal\u0131 v\u0259 Zolg\u00f6r\u0259n k\u0259ndl\u0259ri aras\u0131nda in\u015fas\u0131na c\u0259mi bir ay \u0259vv\u0259l ba\u015flanm\u0131\u015f m\u00fch\u00fcm strateji \u0259h\u0259miyy\u0259tli k\u00f6rp\u00fcn\u00fcn tikintisi davam edir. Bu \u0259razil\u0259rd\u0259ki ya\u015fay\u0131\u015f m\u0259nt\u0259q\u0259l\u0259rinin insanlar\u0131n\u0131n \u00e7oxdank\u0131 arzular\u0131 art\u0131q realla\u015fmaq \u00fczr\u0259dir.<br \/>\nYeni k\u00f6rp\u00fc 3 a\u015f\u0131r\u0131ml\u0131 olmaqla uzunlu\u011fu 106, eni 12 metrdir. 4 dayaq \u00fcz\u0259rind\u0259 in\u015fa edil\u0259c\u0259k k\u00f6rp\u00fcn\u00fcn 2 daya\u011f\u0131 tamamil\u0259 haz\u0131rd\u0131r, \u00fc\u00e7\u00fcnc\u00fc v\u0259 d\u00f6rd\u00fcnc\u00fc dayaqlar\u0131n qura\u015fd\u0131r\u0131lmas\u0131 i\u015fl\u0259ri davam edir.<br \/>\nHal-haz\u0131rda k\u00f6rp\u00fcn\u00fcn tikintisind\u0259 h\u0259r g\u00fcn 40 n\u0259f\u0259r i\u015f\u00e7i q\u00fcvv\u0259sind\u0259n v\u0259 15-\u0259 yax\u0131n texnikan\u0131n g\u00fcc\u00fcnd\u0259n istifad\u0259 edilir. Yeni k\u00f6rp\u00fcn\u00fcn uzun-\u00f6m\u00fcrl\u00fc v\u0259 dayan\u0131ql\u0131 olmas\u0131 \u00fc\u00e7\u00fcn var q\u00fcvv\u0259mizl\u0259 \u00e7al\u0131\u015f\u0131r, keyfiyy\u0259ti diqq\u0259t m\u0259rk\u0259zind\u0259 saxlay\u0131r\u0131q.<br \/>\nOnu da qeyd edim ki, k\u00f6rp\u00fcn\u00fcn sifari\u015f\u00e7i t\u0259\u015fkilat\u0131 \u201cAz\u0259r-avtoyol\u201d ASC, podrat\u00e7\u0131 t\u0259\u015fkilat\u0131 is\u0259 \u201cK\u00f6rp\u00fc-Bina Tikinti\u201d MMC-dir.<br \/>\nSifari\u015f\u00e7i t\u0259\u015fkilat\u0131n n\u00fcmay\u0259nd\u0259l\u0259ri vaxt-a\u015f\u0131r\u0131 yan\u0131m\u0131za g\u0259lir, g\u00f6r\u00fcl\u0259n i\u015fl\u0259rin keyfiyy\u0259tin\u0259 n\u0259zar\u0259t edirl\u0259r.<br \/>\nBurada \u00e7al\u0131\u015fan insanlar\u0131n h\u0259r birinin m\u0259qs\u0259di keyfiyy\u0259tli i\u015f g\u00f6rm\u0259kdir. Bu, bizim birinci i\u015fimiz deyil, h\u0259r birimizin bu sah\u0259d\u0259 kifay\u0259t q\u0259d\u0259r t\u0259cr\u00fcb\u0259miz var.<\/p>\n<p style=\"text-align: right;\"><strong><em>Vidadi M\u0259cidov,<\/em><\/strong><br \/>\n<strong><em>k\u00f6rp\u00fc tikintisinin i\u015f icra\u00e7\u0131s\u0131<\/em><\/strong><\/p>\n","protected":false},"excerpt":{"rendered":"<p>T\u0259rt\u0259r \u00e7ay\u0131n\u0131n sa\u011f v\u0259 sol sahill\u0259rini birl\u0259\u015fdir\u0259n, rayonumuzun Sar\u0131cal\u0131 v\u0259 Zolg\u00f6r\u0259n k\u0259ndl\u0259ri aras\u0131nda in\u015fas\u0131na c\u0259mi bir ay \u0259vv\u0259l ba\u015flanm\u0131\u015f m\u00fch\u00fcm strateji \u0259h\u0259miyy\u0259tli k\u00f6rp\u00fcn\u00fcn tikintisi davam edir. Bu \u0259razil\u0259rd\u0259ki ya\u015fay\u0131\u015f m\u0259nt\u0259q\u0259l\u0259rinin insanlar\u0131n\u0131n \u00e7oxdank\u0131 arzular\u0131 art\u0131q realla\u015fmaq \u00fczr\u0259dir. Yeni k\u00f6rp\u00fc 3 a\u015f\u0131r\u0131ml\u0131 olmaqla uzunlu\u011fu 106, eni 12 metrdir. 4 dayaq \u00fcz\u0259rind\u0259 in\u015fa edil\u0259c\u0259k k\u00f6rp\u00fcn\u00fcn 2 daya\u011f\u0131 tamamil\u0259 [&hellip;]<\/p>\n","protected":false},"author":2,"featured_media":0,"comment_status":"closed","ping_status":"closed","sticky":false,"template":"","format":"standard","meta":[],"categories":[1],"tags":[13],"_links":{"self":[{"href":"https:\/\/yeniterter.az\/index.php?rest_route=\/wp\/v2\/posts\/4419"}],"collection":[{"href":"https:\/\/yeniterter.az\/index.php?rest_route=\/wp\/v2\/posts"}],"about":[{"href":"https:\/\/yeniterter.az\/index.php?rest_route=\/wp\/v2\/types\/post"}],"author":[{"embeddable":true,"href":"https:\/\/yeniterter.az\/index.php?rest_route=\/wp\/v2\/users\/2"}],"replies":[{"embeddable":true,"href":"https:\/\/yeniterter.az\/index.php?rest_route=%2Fwp%2Fv2%2Fcomments&post=4419"}],"version-history":[{"count":0,"href":"https:\/\/yeniterter.az\/index.php?rest_route=\/wp\/v2\/posts\/4419\/revisions"}],"wp:attachment":[{"href":"https:\/\/yeniterter.az\/index.php?rest_route=%2Fwp%2Fv2%2Fmedia&parent=4419"}],"wp:term":[{"taxonomy":"category","embeddable":true,"href":"https:\/\/yeniterter.az\/index.php?rest_route=%2Fwp%2Fv2%2Fcategories&post=4419"},{"taxonomy":"post_tag","embeddable":true,"href":"https:\/\/yeniterter.az\/index.php?rest_route=%2Fwp%2Fv2%2Ftags&post=4419"}],"curies":[{"name":"wp","href":"https:\/\/api.w.org\/{rel}","templated":true}]}}