{"id":4416,"date":"2016-09-19T16:09:28","date_gmt":"2016-09-19T13:09:28","guid":{"rendered":"http:\/\/www.yeniterter.az\/?p=4416"},"modified":"2016-09-19T16:09:28","modified_gmt":"2016-09-19T13:09:28","slug":"tarix-diyarsunasliq-muzeyinin-tikintisi-sur%c9%99tl%c9%99nir","status":"publish","type":"post","link":"https:\/\/yeniterter.az\/?p=4416","title":{"rendered":"TAR\u0130X-D\u0130YAR\u015e\u00dcNASLIQ MUZEY\u0130N\u0130N T\u0130K\u0130NT\u0130S\u0130  S\u00dcR\u018fTL\u018fN\u0130R"},"content":{"rendered":"<p><img decoding=\"async\" loading=\"lazy\" class=\" wp-image-4417 alignleft\" src=\"http:\/\/www.yeniterter.az\/wp-content\/uploads\/\u0418\u0437\u043e\u0431\u0440\u0430\u0436\u0435\u043d\u0438\u0435-278-300x201.jpg\" alt=\"%d0%b8%d0%b7%d0%be%d0%b1%d1%80%d0%b0%d0%b6%d0%b5%d0%bd%d0%b8%d0%b5-278\" width=\"165\" height=\"110\" srcset=\"https:\/\/yeniterter.az\/wp-content\/uploads\/\u0418\u0437\u043e\u0431\u0440\u0430\u0436\u0435\u043d\u0438\u0435-278-300x201.jpg 300w, https:\/\/yeniterter.az\/wp-content\/uploads\/\u0418\u0437\u043e\u0431\u0440\u0430\u0436\u0435\u043d\u0438\u0435-278-768x514.jpg 768w, https:\/\/yeniterter.az\/wp-content\/uploads\/\u0418\u0437\u043e\u0431\u0440\u0430\u0436\u0435\u043d\u0438\u0435-278-1024x685.jpg 1024w, https:\/\/yeniterter.az\/wp-content\/uploads\/\u0418\u0437\u043e\u0431\u0440\u0430\u0436\u0435\u043d\u0438\u0435-278.jpg 1500w\" sizes=\"(max-width: 165px) 100vw, 165px\" \/>\u00dcmumi sah\u0259si 1200 kvadratmetr olan tarix-diyar\u015f\u00fcnasl\u0131q muzeyinin tikintisi s\u00fcr\u0259tl\u0259 davam etdirilir. Heyd\u0259r \u018fliyev prospektind\u0259 tikil\u0259n bu yeni bina zirz\u0259mili v\u0259 ikim\u0259rt\u0259b\u0259li olacaqd\u0131r.<br \/>\nBinan\u0131n tikintisin\u0259 xeyli i\u015f\u00e7i q\u00fcvv\u0259si v\u0259 m\u00fcasir texnika c\u0259lb edildiyind\u0259n g\u00fcnd\u0259lik i\u015f normas\u0131 art\u0131qlamas\u0131 il\u0259 yerin\u0259 yetirilir. Haz\u0131rda binan\u0131n ikinci m\u0259rt\u0259b\u0259sind\u0259 i\u015f gedir. \u0130n\u015faat\u00e7\u0131lar i\u015fin keyfiyy\u0259tini d\u0259 diqq\u0259t m\u0259rk\u0259zind\u0259 saxlay\u0131rlar.<br \/>\nRayonumuzun m\u0259rk\u0259zind\u0259, Yeni Az\u0259rbaycan Partiyas\u0131 T\u0259rt\u0259r Rayon T\u0259\u015fkilat\u0131n\u0131n v\u0259 \u015fahmat m\u0259kt\u0259binin yeni binalar\u0131 il\u0259 bir s\u0131rada yerl\u0259\u015f\u0259n bu obyekt \u015f\u0259h\u0259rimizin g\u00f6z\u0259lliyin\u0259 daha bir t\u00f6vh\u0259 olacaqd\u0131r.<\/p>\n<p style=\"text-align: right;\"><strong><em>\u201cYeni T\u0259rt\u0259r\u201d<\/em><\/strong><\/p>\n","protected":false},"excerpt":{"rendered":"<p>\u00dcmumi sah\u0259si 1200 kvadratmetr olan tarix-diyar\u015f\u00fcnasl\u0131q muzeyinin tikintisi s\u00fcr\u0259tl\u0259 davam etdirilir. Heyd\u0259r \u018fliyev prospektind\u0259 tikil\u0259n bu yeni bina zirz\u0259mili v\u0259 ikim\u0259rt\u0259b\u0259li olacaqd\u0131r. Binan\u0131n tikintisin\u0259 xeyli i\u015f\u00e7i q\u00fcvv\u0259si v\u0259 m\u00fcasir texnika c\u0259lb edildiyind\u0259n g\u00fcnd\u0259lik i\u015f normas\u0131 art\u0131qlamas\u0131 il\u0259 yerin\u0259 yetirilir. Haz\u0131rda binan\u0131n ikinci m\u0259rt\u0259b\u0259sind\u0259 i\u015f gedir. \u0130n\u015faat\u00e7\u0131lar i\u015fin keyfiyy\u0259tini d\u0259 diqq\u0259t m\u0259rk\u0259zind\u0259 saxlay\u0131rlar. Rayonumuzun m\u0259rk\u0259zind\u0259, Yeni [&hellip;]<\/p>\n","protected":false},"author":2,"featured_media":0,"comment_status":"closed","ping_status":"closed","sticky":false,"template":"","format":"standard","meta":[],"categories":[1],"tags":[13],"_links":{"self":[{"href":"https:\/\/yeniterter.az\/index.php?rest_route=\/wp\/v2\/posts\/4416"}],"collection":[{"href":"https:\/\/yeniterter.az\/index.php?rest_route=\/wp\/v2\/posts"}],"about":[{"href":"https:\/\/yeniterter.az\/index.php?rest_route=\/wp\/v2\/types\/post"}],"author":[{"embeddable":true,"href":"https:\/\/yeniterter.az\/index.php?rest_route=\/wp\/v2\/users\/2"}],"replies":[{"embeddable":true,"href":"https:\/\/yeniterter.az\/index.php?rest_route=%2Fwp%2Fv2%2Fcomments&post=4416"}],"version-history":[{"count":0,"href":"https:\/\/yeniterter.az\/index.php?rest_route=\/wp\/v2\/posts\/4416\/revisions"}],"wp:attachment":[{"href":"https:\/\/yeniterter.az\/index.php?rest_route=%2Fwp%2Fv2%2Fmedia&parent=4416"}],"wp:term":[{"taxonomy":"category","embeddable":true,"href":"https:\/\/yeniterter.az\/index.php?rest_route=%2Fwp%2Fv2%2Fcategories&post=4416"},{"taxonomy":"post_tag","embeddable":true,"href":"https:\/\/yeniterter.az\/index.php?rest_route=%2Fwp%2Fv2%2Ftags&post=4416"}],"curies":[{"name":"wp","href":"https:\/\/api.w.org\/{rel}","templated":true}]}}