{"id":4413,"date":"2016-09-19T16:07:04","date_gmt":"2016-09-19T13:07:04","guid":{"rendered":"http:\/\/www.yeniterter.az\/?p=4413"},"modified":"2016-09-19T16:07:04","modified_gmt":"2016-09-19T13:07:04","slug":"istirah%c9%99t-m%c9%99kaninin-biri-d%c9%99-artacaq","status":"publish","type":"post","link":"https:\/\/yeniterter.az\/?p=4413","title":{"rendered":"\u0130ST\u0130RAH\u018fT M\u018fKANININ B\u0130R\u0130 D\u018f ARTACAQ"},"content":{"rendered":"<p><img decoding=\"async\" loading=\"lazy\" class=\" wp-image-4414 alignleft\" src=\"http:\/\/www.yeniterter.az\/wp-content\/uploads\/\u0418\u0437\u043e\u0431\u0440\u0430\u0436\u0435\u043d\u0438\u0435-167-300x201.jpg\" alt=\"%d0%b8%d0%b7%d0%be%d0%b1%d1%80%d0%b0%d0%b6%d0%b5%d0%bd%d0%b8%d0%b5-167\" width=\"145\" height=\"97\" srcset=\"https:\/\/yeniterter.az\/wp-content\/uploads\/\u0418\u0437\u043e\u0431\u0440\u0430\u0436\u0435\u043d\u0438\u0435-167-300x201.jpg 300w, https:\/\/yeniterter.az\/wp-content\/uploads\/\u0418\u0437\u043e\u0431\u0440\u0430\u0436\u0435\u043d\u0438\u0435-167-768x514.jpg 768w, https:\/\/yeniterter.az\/wp-content\/uploads\/\u0418\u0437\u043e\u0431\u0440\u0430\u0436\u0435\u043d\u0438\u0435-167-1024x685.jpg 1024w, https:\/\/yeniterter.az\/wp-content\/uploads\/\u0418\u0437\u043e\u0431\u0440\u0430\u0436\u0435\u043d\u0438\u0435-167.jpg 1500w\" sizes=\"(max-width: 145px) 100vw, 145px\" \/>Murovda\u011f\u0131n \u0259t\u0259yind\u0259 q\u0259rar tutan T\u0259rt\u0259r rayonu c\u0259bh\u0259 b\u00f6lg\u0259si olsa da, \u00f6z t\u0259bii g\u00f6z\u0259llikl\u0259ri il\u0259 dig\u0259r b\u00f6lg\u0259l\u0259rd\u0259n f\u0259rql\u0259nir. Buran\u0131n t\u0259bi\u0259ti insan sa\u011flaml\u0131\u011f\u0131 \u00fc\u00e7\u00fcn \u0259v\u0259zolunmaz nem\u0259tdir.<br \/>\nSon zamanlar b\u00f6lg\u0259l\u0259rimizin h\u0259r birind\u0259 oldu\u011fu kimi T\u0259rt\u0259rd\u0259 d\u0259 quruculuq, abadl\u0131q i\u015fl\u0259ri m\u00fct\u0259madi \u015f\u0259kild\u0259 davam etdirilir\u2013yollar, k\u00fc\u00e7\u0259l\u0259r asfaltlan\u0131r, ya\u015f\u0131ll\u0131qlar art\u0131r\u0131l\u0131r, bir s\u00f6zl\u0259, \u015f\u0259h\u0259rimiz\u0259 diqq\u0259t v\u0259 qay\u011f\u0131 g\u00f6st\u0259rilir. Ya\u015fay\u0131\u015f v\u0259 inzibati binalar tikilir.<br \/>\n\u015e\u0259h\u0259rimizin m\u0259rk\u0259zind\u0259ki Heyd\u0259r Park\u0131 da tan\u0131nmaz olub. H\u0259r g\u00fcn t\u0259rt\u0259rlil\u0259r bu istirah\u0259t m\u0259rk\u0259zin\u0259 g\u0259lir, doyunca istirah\u0259t edib dinc\u0259lir, g\u00f6z\u0259llikl\u0259rd\u0259n z\u00f6vq al\u0131rlar.<br \/>\nBel\u0259 istirah\u0259t m\u0259kanlar\u0131ndan biri d\u0259 T\u0259rt\u0259r \u00e7ay\u0131n\u0131n sol sahilind\u0259ki 2,5 hektar \u0259razid\u0259 sal\u0131nan yeni park olacaq. Burada m\u00f6vcud a\u011faclar qaydaya sal\u0131n\u0131r, qalan a\u00e7\u0131q sah\u0259y\u0259 minl\u0259rl\u0259 ma\u015f\u0131n yum\u015faq torpaq da\u015f\u0131n\u0131b t\u00f6-k\u00fcl\u0259r\u0259k hamarlan\u0131r. \u018frazid\u0259n ke\u00e7\u0259n Buruc arx\u0131 beton kanal \u015f\u0259klin\u0259 sal\u0131n\u0131b.<br \/>\nYeni park\u0131n tikintisind\u0259 xeyli i\u015f\u00e7i q\u00fcvv\u0259sind\u0259n v\u0259 kifay\u0259t q\u0259d\u0259r ma\u015f\u0131n-mexanizml\u0259rin g\u00fcc\u00fcnd\u0259n istifad\u0259 olunur.<br \/>\nYeni sal\u0131nan bu parkda quruculuq- abadl\u0131q i\u015fl\u0259ri ba\u015fa \u00e7atandan sonra bura t\u0259rt\u0259rlil\u0259rin \u0259n m\u0259nal\u0131 istirah\u0259t m\u0259kan\u0131 olacaqd\u0131r. Bunun daha bir g\u00f6z\u0259lliyi ondad\u0131r ki, park T\u0259rt\u0259r \u00e7ay\u0131n\u0131n sahilind\u0259 sal\u0131n\u0131r.<\/p>\n<p style=\"text-align: right;\"><strong><em>\u201cYeni T\u0259rt\u0259r\u201d<\/em><\/strong><\/p>\n","protected":false},"excerpt":{"rendered":"<p>Murovda\u011f\u0131n \u0259t\u0259yind\u0259 q\u0259rar tutan T\u0259rt\u0259r rayonu c\u0259bh\u0259 b\u00f6lg\u0259si olsa da, \u00f6z t\u0259bii g\u00f6z\u0259llikl\u0259ri il\u0259 dig\u0259r b\u00f6lg\u0259l\u0259rd\u0259n f\u0259rql\u0259nir. Buran\u0131n t\u0259bi\u0259ti insan sa\u011flaml\u0131\u011f\u0131 \u00fc\u00e7\u00fcn \u0259v\u0259zolunmaz nem\u0259tdir. Son zamanlar b\u00f6lg\u0259l\u0259rimizin h\u0259r birind\u0259 oldu\u011fu kimi T\u0259rt\u0259rd\u0259 d\u0259 quruculuq, abadl\u0131q i\u015fl\u0259ri m\u00fct\u0259madi \u015f\u0259kild\u0259 davam etdirilir\u2013yollar, k\u00fc\u00e7\u0259l\u0259r asfaltlan\u0131r, ya\u015f\u0131ll\u0131qlar art\u0131r\u0131l\u0131r, bir s\u00f6zl\u0259, \u015f\u0259h\u0259rimiz\u0259 diqq\u0259t v\u0259 qay\u011f\u0131 g\u00f6st\u0259rilir. Ya\u015fay\u0131\u015f v\u0259 inzibati binalar [&hellip;]<\/p>\n","protected":false},"author":2,"featured_media":0,"comment_status":"closed","ping_status":"closed","sticky":false,"template":"","format":"standard","meta":[],"categories":[1],"tags":[13],"_links":{"self":[{"href":"https:\/\/yeniterter.az\/index.php?rest_route=\/wp\/v2\/posts\/4413"}],"collection":[{"href":"https:\/\/yeniterter.az\/index.php?rest_route=\/wp\/v2\/posts"}],"about":[{"href":"https:\/\/yeniterter.az\/index.php?rest_route=\/wp\/v2\/types\/post"}],"author":[{"embeddable":true,"href":"https:\/\/yeniterter.az\/index.php?rest_route=\/wp\/v2\/users\/2"}],"replies":[{"embeddable":true,"href":"https:\/\/yeniterter.az\/index.php?rest_route=%2Fwp%2Fv2%2Fcomments&post=4413"}],"version-history":[{"count":0,"href":"https:\/\/yeniterter.az\/index.php?rest_route=\/wp\/v2\/posts\/4413\/revisions"}],"wp:attachment":[{"href":"https:\/\/yeniterter.az\/index.php?rest_route=%2Fwp%2Fv2%2Fmedia&parent=4413"}],"wp:term":[{"taxonomy":"category","embeddable":true,"href":"https:\/\/yeniterter.az\/index.php?rest_route=%2Fwp%2Fv2%2Fcategories&post=4413"},{"taxonomy":"post_tag","embeddable":true,"href":"https:\/\/yeniterter.az\/index.php?rest_route=%2Fwp%2Fv2%2Ftags&post=4413"}],"curies":[{"name":"wp","href":"https:\/\/api.w.org\/{rel}","templated":true}]}}