{"id":4324,"date":"2016-09-07T10:53:22","date_gmt":"2016-09-07T07:53:22","guid":{"rendered":"http:\/\/www.yeniterter.az\/?p=4324"},"modified":"2016-09-07T10:53:22","modified_gmt":"2016-09-07T07:53:22","slug":"m%c9%99n-ist%c9%99r%c9%99m-gull%c9%99r-acilsin-gull%c9%99l%c9%99r-acilmasin","status":"publish","type":"post","link":"https:\/\/yeniterter.az\/?p=4324","title":{"rendered":"\u201cM\u018fN  \u0130ST\u018fR\u018fM  G\u00dcLL\u018fR  A\u00c7ILSIN,  G\u00dcLL\u018fL\u018fR  A\u00c7ILMASIN!\u201d"},"content":{"rendered":"<p><img decoding=\"async\" loading=\"lazy\" class=\" wp-image-4325 alignleft\" src=\"http:\/\/www.yeniterter.az\/wp-content\/uploads\/hqdefault-1-300x225.jpg\" alt=\"hqdefault\" width=\"160\" height=\"120\" srcset=\"https:\/\/yeniterter.az\/wp-content\/uploads\/hqdefault-1-300x225.jpg 300w, https:\/\/yeniterter.az\/wp-content\/uploads\/hqdefault-1.jpg 480w\" sizes=\"(max-width: 160px) 100vw, 160px\" \/>M\u0259rhum xalq \u015fairimiz, Az\u0259rbaycan \u0259d\u0259biyyat\u0131nda x\u00fcsusi yeri olan R\u0259sul Rzan\u0131n s\u00f6zl\u0259ridir. G\u00f6z\u0259l s\u00f6zl\u0259rdir, el\u0259 deyilmi? M\u0259nc\u0259 g\u00f6z\u0259ld\u0259n d\u0259 g\u00f6z\u0259ldir! Bunun s\u00fcbuta ehtiyac\u0131 yoxdur.<br \/>\nBu s\u00f6zl\u0259ri yada salanda ist\u0259r-ist\u0259m\u0259z m\u00fcasir d\u00fcnyam\u0131zda ba\u015f ver\u0259n qanl\u0131-qadal\u0131 sava\u015flar\u0131, m\u0259nas\u0131z, m\u0259ntiqsiz terrorlar\u0131, onlar\u0131n t\u00f6r\u0259tdikl\u0259ri g\u00fcnahs\u0131z insan qurbanlar\u0131n\u0131 xat\u0131rlamal\u0131 olursan. Xat\u0131rlay\u0131rsan, qan\u0131n qaral\u0131r, t\u0259\u0259ssufl\u0259nirs\u0259n, var\u0131ndan yox olursan.<br \/>\nBu hissl\u0259rl\u0259 ya\u015fayark\u0259n maraql\u0131 bir sual da d\u00fc\u015f\u00fcnd\u00fcr\u00fcr s\u0259ni. \u201cM\u0259g\u0259r insan d\u00fcnyaya bunun \u00fc\u00e7\u00fcnm\u00fc g\u0259lib? Qan-qada t\u00f6r\u0259tm\u0259k, fitn\u0259-f\u0259sad yaratmaq, bir-birini g\u00fcnahs\u0131z yer\u0259 m\u0259hv etm\u0259k \u00fc\u00e7\u00fcnm\u00fc?..\u201d<br \/>\nAx\u0131, insan\u0131 x\u0259lq ed\u0259nd\u0259 ulu yaradan\u0131m\u0131z ondan he\u00e7 n\u0259yi \u0259sirg\u0259m\u0259yib. Laz\u0131m olan h\u0259r \u015feyi verib ona. \u018fn ba\u015fl\u0131cas\u0131 b\u00fct\u00fcn canl\u0131lardan f\u0259rqli olan \u015f\u00fcur verib, a\u011f\u0131l verib, idrak verib ona. \u201cYa\u015fa, yarat, h\u0259r \u015feyi yax\u015f\u0131-yax\u015f\u0131 d\u00fc\u015f\u00fcn, d\u0259rk et, \u2013 deyib. S\u0259n\u0259 b\u0259x\u015f etdiyim bu d\u00fcnyan\u0131 daha da g\u00f6z\u0259ll\u0259\u015fdirm\u0259y\u0259 can at\u201d \u2013deyib&#8230;<br \/>\nB\u0259s, biz nec\u0259 \u0259m\u0259l etmi\u015fik uca yaradan\u0131n bu g\u00f6st\u0259ri\u015fl\u0259rin\u0259? A\u011fl\u0131m\u0131z artd\u0131qca a\u011f\u0131ls\u0131zla\u015fma\u011fa, elmin, texnikan\u0131n b\u00f6y\u00fck nailiyy\u0259tl\u0259rin\u0259 yiy\u0259l\u0259ndikc\u0259 onlardan m\u0259sr\u0259fsiz yer\u0259 istifad\u0259 etm\u0259y\u0259, icad etdiyimiz q\u0131r\u011f\u0131n silahlar\u0131 il\u0259 \u00f6z\u00fcm\u00fcz \u00f6z\u00fcm\u00fcz\u00fc m\u0259hv etm\u0259y\u0259 ba\u015flam\u0131\u015f\u0131q. Faci\u0259 buras\u0131ndad\u0131r ki, h\u0259tta bununla \u00f6y\u00fcnm\u0259y\u0259, q\u00fcrr\u0259l\u0259nm\u0259y\u0259 d\u0259 \u00e7al\u0131\u015fm\u0131\u015f\u0131q. Yax\u0131n \u015e\u0259rqd\u0259, \u0130raqda, Suriyada, \u018ffqan\u0131standa ba\u015f ver\u0259nl\u0259r dedikl\u0259rimizin s\u00fcbutu deyilmi? \u0130blisl\u0259rin, \u015feytanlar\u0131n fitvas\u0131na uyub \u00f6z\u00fcn\u00fc \u0130slam d\u00f6vl\u0259ti adland\u0131rd\u0131\u011f\u0131 halda, \u201cAllahu \u018fkb\u0259r\u201d dey\u0259r\u0259k qan qarda\u015flar\u0131n\u0131n ba\u015f\u0131n\u0131 k\u0259s\u0259n \u0130\u015e\u0130D terror\u00e7ular\u0131n\u0131n h\u0259r\u0259k\u0259tl\u0259rin\u0259 n\u0259 ad verm\u0259k olar? Niy\u0259 xristianlar\u0131n m\u00fcs\u0259lman d\u00fcnyas\u0131na qar\u015f\u0131 d\u00fc\u015f\u00fcn\u00fclm\u00fc\u015f t\u0259xribat\u0131 hesab etmirik bunu? Bu g\u00fcn kimi ayd\u0131n h\u0259qiq\u0259ti n\u0259 vaxt d\u0259rk ed\u0259c\u0259yik biz?!..<!--more--><br \/>\nBahar\u0131n g\u0259li\u015fini, t\u0259bi\u0259tin oyan\u0131\u015f \u00e7a\u011f\u0131n\u0131 xat\u0131rlayaq. N\u0259rgizl\u0259r, b\u0259n\u00f6v\u015f\u0259l\u0259r salamlay\u0131r bizi, \u201cnec\u0259yik, xo\u015funuza g\u0259lirikmi?\u201d\u2013deyirl\u0259r. K\u00f6rp\u0259 t\u0259b\u0259ss\u00fcm\u00fcn\u0259 b\u0259nz\u0259yir onlar\u0131n x\u0259fif t\u0259b\u0259ss\u00fcm\u00fc. Ana qoynunda onun \u015firin z\u00fcmz\u00fcm\u0259li laylas\u0131 il\u0259 uyuyan k\u00f6rp\u0259l\u0259r kimi&#8230;<br \/>\nB\u0259s, bunlar\u0131 duyan insan\u2013 g\u00fcll\u0259rin a\u00e7\u0131lmas\u0131 il\u0259 f\u0259r\u0259hl\u0259n\u0259n, k\u00f6rp\u0259 t\u0259b\u0259ss\u00fcm\u00fc il\u0259 sevin\u0259n varl\u0131q t\u0259tiy\u0259 \u0259l at\u0131b g\u00fcll\u0259l\u0259rin a\u00e7\u0131lmas\u0131n\u0131 g\u00f6zl\u0259y\u0259rmi? G\u00f6r\u0259s\u0259n n\u0259 vaxt idrak\u0131m\u0131z d\u0259rk ed\u0259c\u0259k bunu? B\u00f6y\u00fck S\u0259m\u0259d Vur\u011fun demi\u015fk\u0259n: \u201cQalib g\u0259l\u0259c\u0259kmi cahanda kamal?\u201d Dostoyevski \u201cd\u00fcnyan\u0131 g\u00f6z\u0259llik xilas ed\u0259c\u0259k\u201d deyirdi.<br \/>\nQoy bu g\u00f6z\u0259l d\u00fcnyam\u0131z\u0131n g\u00f6z\u0259llikl\u0259ri s\u0259rs\u0259m d\u00fcnyam\u0131z\u0131 xilas etsin!..<\/p>\n<p style=\"text-align: right;\"><em><strong>Q\u0259dir Allahverdiyev,<\/strong><\/em><br \/>\n<em><strong>T\u0259rt\u0259r rayon A\u011fsaqqallar \u015euras\u0131n\u0131n s\u0259dri, yaz\u0131\u00e7\u0131-jurnalist<\/strong><\/em><\/p>\n","protected":false},"excerpt":{"rendered":"<p>M\u0259rhum xalq \u015fairimiz, Az\u0259rbaycan \u0259d\u0259biyyat\u0131nda x\u00fcsusi yeri olan R\u0259sul Rzan\u0131n s\u00f6zl\u0259ridir. G\u00f6z\u0259l s\u00f6zl\u0259rdir, el\u0259 deyilmi? M\u0259nc\u0259 g\u00f6z\u0259ld\u0259n d\u0259 g\u00f6z\u0259ldir! Bunun s\u00fcbuta ehtiyac\u0131 yoxdur. Bu s\u00f6zl\u0259ri yada salanda ist\u0259r-ist\u0259m\u0259z m\u00fcasir d\u00fcnyam\u0131zda ba\u015f ver\u0259n qanl\u0131-qadal\u0131 sava\u015flar\u0131, m\u0259nas\u0131z, m\u0259ntiqsiz terrorlar\u0131, onlar\u0131n t\u00f6r\u0259tdikl\u0259ri g\u00fcnahs\u0131z insan qurbanlar\u0131n\u0131 xat\u0131rlamal\u0131 olursan. Xat\u0131rlay\u0131rsan, qan\u0131n qaral\u0131r, t\u0259\u0259ssufl\u0259nirs\u0259n, var\u0131ndan yox olursan. Bu hissl\u0259rl\u0259 ya\u015fayark\u0259n maraql\u0131 [&hellip;]<\/p>\n","protected":false},"author":2,"featured_media":0,"comment_status":"closed","ping_status":"closed","sticky":false,"template":"","format":"standard","meta":[],"categories":[10],"tags":[20],"_links":{"self":[{"href":"https:\/\/yeniterter.az\/index.php?rest_route=\/wp\/v2\/posts\/4324"}],"collection":[{"href":"https:\/\/yeniterter.az\/index.php?rest_route=\/wp\/v2\/posts"}],"about":[{"href":"https:\/\/yeniterter.az\/index.php?rest_route=\/wp\/v2\/types\/post"}],"author":[{"embeddable":true,"href":"https:\/\/yeniterter.az\/index.php?rest_route=\/wp\/v2\/users\/2"}],"replies":[{"embeddable":true,"href":"https:\/\/yeniterter.az\/index.php?rest_route=%2Fwp%2Fv2%2Fcomments&post=4324"}],"version-history":[{"count":0,"href":"https:\/\/yeniterter.az\/index.php?rest_route=\/wp\/v2\/posts\/4324\/revisions"}],"wp:attachment":[{"href":"https:\/\/yeniterter.az\/index.php?rest_route=%2Fwp%2Fv2%2Fmedia&parent=4324"}],"wp:term":[{"taxonomy":"category","embeddable":true,"href":"https:\/\/yeniterter.az\/index.php?rest_route=%2Fwp%2Fv2%2Fcategories&post=4324"},{"taxonomy":"post_tag","embeddable":true,"href":"https:\/\/yeniterter.az\/index.php?rest_route=%2Fwp%2Fv2%2Ftags&post=4324"}],"curies":[{"name":"wp","href":"https:\/\/api.w.org\/{rel}","templated":true}]}}