{"id":4321,"date":"2016-09-07T10:48:27","date_gmt":"2016-09-07T07:48:27","guid":{"rendered":"http:\/\/www.yeniterter.az\/?p=4321"},"modified":"2016-09-08T10:37:15","modified_gmt":"2016-09-08T07:37:15","slug":"muharib%c9%99-h%c9%99l%c9%99-d%c9%99-davam-edir","status":"publish","type":"post","link":"https:\/\/yeniterter.az\/?p=4321","title":{"rendered":"M\u00dcHAR\u0130B\u018f H\u018fL\u018f D\u018f DAVAM ED\u0130R"},"content":{"rendered":"<p><img decoding=\"async\" loading=\"lazy\" class=\" wp-image-4322 alignleft\" src=\"http:\/\/www.yeniterter.az\/wp-content\/uploads\/1459860771_ert26-300x220.jpg\" alt=\"1459860771_ert26\" width=\"146\" height=\"107\" srcset=\"https:\/\/yeniterter.az\/wp-content\/uploads\/1459860771_ert26-300x220.jpg 300w, https:\/\/yeniterter.az\/wp-content\/uploads\/1459860771_ert26-768x563.jpg 768w, https:\/\/yeniterter.az\/wp-content\/uploads\/1459860771_ert26.jpg 913w\" sizes=\"(max-width: 146px) 100vw, 146px\" \/><img decoding=\"async\" loading=\"lazy\" class=\" wp-image-4375 alignright\" src=\"http:\/\/www.yeniterter.az\/wp-content\/uploads\/DSC_6183-1-300x201.jpg\" alt=\"dsc_6183\" width=\"156\" height=\"105\" srcset=\"https:\/\/yeniterter.az\/wp-content\/uploads\/DSC_6183-1-300x201.jpg 300w, https:\/\/yeniterter.az\/wp-content\/uploads\/DSC_6183-1-768x514.jpg 768w, https:\/\/yeniterter.az\/wp-content\/uploads\/DSC_6183-1-1024x685.jpg 1024w, https:\/\/yeniterter.az\/wp-content\/uploads\/DSC_6183-1.jpg 1600w\" sizes=\"(max-width: 156px) 100vw, 156px\" \/>Multikulturalizm termini d\u00fc\u015f\u00fcnc\u0259miz\u0259 yeni daxil olub. Bu termin haqq\u0131nda m\u00fcxt\u0259lif \u00f6lk\u0259l\u0259rd\u0259 m\u00fcxt\u0259lf t\u0259hlill\u0259r m\u00f6vcuddur. \u00dcmumilikd\u0259 multikulturalizm m\u0259d\u0259niyy\u0259tl\u0259r v\u0259 dinl\u0259r aras\u0131nda bir \u00fcnsiyy\u0259tdir. Multikulturalizm eyni bir \u00f6lk\u0259d\u0259 ya\u015fayan m\u00fcxt\u0259lif xalqlar\u0131n n\u00fcmay\u0259nd\u0259l\u0259rinin m\u0259d\u0259niyy\u0259t h\u00fcquqlar\u0131n\u0131 tan\u0131yan humanist d\u00fcnyag\u00f6r\u00fc\u015f\u00fc olan siyas\u0259tdir. \u00d6lk\u0259miz tarix boyu sivilizasiyalar\u0131n v\u0259 m\u0259d\u0259niyy\u0259tl\u0259rin qovu\u015fa\u011f\u0131nda yerl\u0259\u015fib. Az\u0259rbaycan\u0131n Asiya v\u0259 Avropa aras\u0131nda k\u00f6rp\u00fc olmas\u0131 burada m\u0259d\u0259niyy\u0259t m\u00fcxt\u0259lifliyinin yaranmas\u0131nda m\u00fch\u00fcm rol oynam\u0131\u015fd\u0131r. \u00c7oxm\u0259d\u0259niyy\u0259tlilik dedikd\u0259 is\u0259 ilk n\u00f6vb\u0259d\u0259 etnik, irqi, dini-m\u0259d\u0259ni m\u00fcxt\u0259liflik v\u0259 d\u0259y\u0259rl\u0259r n\u0259z\u0259rd\u0259 tutulur.<br \/>\nMultikulturalizm tolerantl\u0131q v\u0259 qar\u015f\u0131l\u0131ql\u0131 anla\u015fma, qar\u015f\u0131l\u0131ql\u0131 h\u00f6rm\u0259t, dostluq, d\u00f6z\u00fcml\u00fcl\u00fck \u00fcz\u0259rind\u0259 qurulan m\u00fchitdir. N\u0259z\u0259r\u0259 alaq ki, Az\u0259rbaycan \u0259razisind\u0259 \u00e7ox q\u0259dim zamanlardan m\u00fcxt\u0259lif etnik mill\u0259tl\u0259r \u2013 avarlar, l\u0259zgil\u0259r, udinl\u0259r ya\u015fay\u0131r v\u0259 onlar\u0131n multikultural d\u0259y\u0259rl\u0259ri qorunub saxlan\u0131ld\u0131\u011f\u0131 \u00fc\u00e7\u00fcn \u201cAz\u0259rbaycan multikulturalizm m\u0259kan\u0131d\u0131r\u201d dey\u0259 bil\u0259rik. Bu is\u0259 d\u00fcnyaya yeni bir mesajd\u0131r.<br \/>\nMultikulturalizm m\u00fchitinin formala\u015fmas\u0131nda c\u0259miyy\u0259td\u0259 qad\u0131nlar\u0131n rolu dan\u0131lmazd\u0131r. T\u0259mas x\u0259ttind\u0259 yerl\u0259\u015f\u0259n Qapanl\u0131 k\u0259ndinin bir sakini olaraq m\u0259cbur\u0259n c\u0259lb olundu\u011fumuz m\u00fcharib\u0259nin \u0259n a\u011f\u0131r faci\u0259l\u0259rini g\u00f6z\u00fcml\u0259 g\u00f6rm\u00fc\u015f\u0259m. I Qaraba\u011f m\u00fcharib\u0259si zaman\u0131 erm\u0259ni tanklar\u0131n\u0131n k\u0259nd\u0259 girm\u0259si, 21 ya\u015fl\u0131 k\u0259nd sakininin erm\u0259ni snayper\u00e7isi t\u0259r\u0259find\u0259n vurularaq \u015f\u0259hid olmas\u0131, insanlar\u0131n minaya d\u00fc\u015fm\u0259si, yol k\u0259narlar\u0131nda a\u011faclar altnda qalmalar\u0131, azya\u015fl\u0131 m\u0259kt\u0259bli u\u015faqlar\u0131n q\u0259tl\u0259 yetirilm\u0259si g\u00f6zl\u0259rim \u00f6n\u00fcnd\u0259dir.<!--more--><br \/>\nO vaxtdan bir \u00e7ox ill\u0259r \u00f6ts\u0259 d\u0259, m\u00fcharib\u0259 h\u0259l\u0259 d\u0259 ba\u015fa \u00e7atmay\u0131b. Art\u0131q m\u0259n d\u0259 2 \u00f6vlad anas\u0131yam. Bu g\u00fcn yen\u0259 d\u0259 insanlar h\u0259y\u0259canla ya\u015fay\u0131rlar. Himay\u0259md\u0259 olan ya\u015fl\u0131 anam da, \u00f6vladlar\u0131m da, o c\u00fcml\u0259d\u0259n Qapanl\u0131 v\u0259 Qarada\u011fl\u0131 k\u0259ndl\u0259rinin b\u00fct\u00fcn sakinl\u0259ri s\u0259h\u0259rl\u0259ri at\u0259\u015f s\u0259sl\u0259ri il\u0259 a\u00e7\u0131rlar. Bununla bel\u0259 k\u0259nd sakinl\u0259ri il\u0259 h\u0259rbi\u00e7il\u0259r h\u0259r zaman bir-birl\u0259rin\u0259 arxa-dayaq olur, ruh verirl\u0259r.<br \/>\nBu g\u00fcn bizim g\u00fccl\u00fc d\u00f6vl\u0259timiz, q\u00fcdr\u0259tli ordumuz var. Torpaqlar\u0131n 20 %-i i\u015f\u011fal olunan, bir milyondan art\u0131q qa\u00e7-q\u0131n\u0131 olan Az\u0259rbaycan\u0131m\u0131z sabit \u00f6lk\u0259l\u0259r s\u0131ras\u0131ndad\u0131r. Bu, bizi \u00e7ox sevindirir. Haz\u0131rda yer \u00fcz\u0259rind\u0259 sivilizasiyalar\u0131n toqqu\u015fmas\u0131 ya\u015fan\u0131r. \u0130nsanlar\u0131n bir-birinin dinin\u0259-etiqad\u0131na qar\u015f\u0131 d\u00f6z\u00fcms\u00fczl\u00fck n\u00fcmayi\u015f etdirdiyi bir d\u00f6vrd\u0259 Az\u0259rbaycanda m\u00fcxt\u0259lif mill\u0259tl\u0259rd\u0259n olan insanlar\u0131n qarda\u015fl\u0131q v\u0259 dostluq \u015f\u0259raitind\u0259 ya\u015famas\u0131 xaos i\u00e7ind\u0259 olan d\u00fcnyaya bunun m\u00fcmk\u00fcn olmas\u0131n\u0131 g\u00f6st\u0259rir.<\/p>\n<p style=\"text-align: right;\"><em><strong>S\u0259lim\u0259 Yusibova,<\/strong><\/em><br \/>\n<em><strong> Heyd\u0259r \u018fliyev M\u0259rk\u0259zinin direktoru.<\/strong><\/em><\/p>\n","protected":false},"excerpt":{"rendered":"<p>Multikulturalizm termini d\u00fc\u015f\u00fcnc\u0259miz\u0259 yeni daxil olub. Bu termin haqq\u0131nda m\u00fcxt\u0259lif \u00f6lk\u0259l\u0259rd\u0259 m\u00fcxt\u0259lf t\u0259hlill\u0259r m\u00f6vcuddur. \u00dcmumilikd\u0259 multikulturalizm m\u0259d\u0259niyy\u0259tl\u0259r v\u0259 dinl\u0259r aras\u0131nda bir \u00fcnsiyy\u0259tdir. Multikulturalizm eyni bir \u00f6lk\u0259d\u0259 ya\u015fayan m\u00fcxt\u0259lif xalqlar\u0131n n\u00fcmay\u0259nd\u0259l\u0259rinin m\u0259d\u0259niyy\u0259t h\u00fcquqlar\u0131n\u0131 tan\u0131yan humanist d\u00fcnyag\u00f6r\u00fc\u015f\u00fc olan siyas\u0259tdir. \u00d6lk\u0259miz tarix boyu sivilizasiyalar\u0131n v\u0259 m\u0259d\u0259niyy\u0259tl\u0259rin qovu\u015fa\u011f\u0131nda yerl\u0259\u015fib. Az\u0259rbaycan\u0131n Asiya v\u0259 Avropa aras\u0131nda k\u00f6rp\u00fc olmas\u0131 burada m\u0259d\u0259niyy\u0259t m\u00fcxt\u0259lifliyinin [&hellip;]<\/p>\n","protected":false},"author":2,"featured_media":0,"comment_status":"closed","ping_status":"closed","sticky":false,"template":"","format":"standard","meta":[],"categories":[10],"tags":[20],"_links":{"self":[{"href":"https:\/\/yeniterter.az\/index.php?rest_route=\/wp\/v2\/posts\/4321"}],"collection":[{"href":"https:\/\/yeniterter.az\/index.php?rest_route=\/wp\/v2\/posts"}],"about":[{"href":"https:\/\/yeniterter.az\/index.php?rest_route=\/wp\/v2\/types\/post"}],"author":[{"embeddable":true,"href":"https:\/\/yeniterter.az\/index.php?rest_route=\/wp\/v2\/users\/2"}],"replies":[{"embeddable":true,"href":"https:\/\/yeniterter.az\/index.php?rest_route=%2Fwp%2Fv2%2Fcomments&post=4321"}],"version-history":[{"count":0,"href":"https:\/\/yeniterter.az\/index.php?rest_route=\/wp\/v2\/posts\/4321\/revisions"}],"wp:attachment":[{"href":"https:\/\/yeniterter.az\/index.php?rest_route=%2Fwp%2Fv2%2Fmedia&parent=4321"}],"wp:term":[{"taxonomy":"category","embeddable":true,"href":"https:\/\/yeniterter.az\/index.php?rest_route=%2Fwp%2Fv2%2Fcategories&post=4321"},{"taxonomy":"post_tag","embeddable":true,"href":"https:\/\/yeniterter.az\/index.php?rest_route=%2Fwp%2Fv2%2Ftags&post=4321"}],"curies":[{"name":"wp","href":"https:\/\/api.w.org\/{rel}","templated":true}]}}