{"id":4308,"date":"2016-09-07T10:05:59","date_gmt":"2016-09-07T07:05:59","guid":{"rendered":"http:\/\/www.yeniterter.az\/?p=4308"},"modified":"2016-09-07T10:05:59","modified_gmt":"2016-09-07T07:05:59","slug":"o-daglarin-nisgilini-c%c9%99kir%c9%99m","status":"publish","type":"post","link":"https:\/\/yeniterter.az\/?p=4308","title":{"rendered":"O DA\u011eLARIN N\u0130SG\u0130L\u0130N\u0130 \u00c7\u018fK\u0130R\u018fM"},"content":{"rendered":"<p><img decoding=\"async\" loading=\"lazy\" class=\" wp-image-4309 alignleft\" src=\"http:\/\/www.yeniterter.az\/wp-content\/uploads\/236-300x200.jpg\" alt=\"236\" width=\"150\" height=\"100\" srcset=\"https:\/\/yeniterter.az\/wp-content\/uploads\/236-300x200.jpg 300w, https:\/\/yeniterter.az\/wp-content\/uploads\/236.jpg 768w\" sizes=\"(max-width: 150px) 100vw, 150px\" \/>K\u0259lb\u0259c\u0259r mahal\u0131ndan qa\u00e7q\u0131n d\u00fc\u015f\u0259n Da\u011f\u0131stan Abdullayev 1993-c\u00fc ild\u0259n T\u0259rt\u0259r rayonunun A\u011fk\u0259nd k\u0259ndind\u0259 m\u0259skunla\u015f\u0131b. G\u0259nc\u0259 D\u00f6vl\u0259t Universitetini d\u0259 el\u0259 1993-c\u00fc ild\u0259 bitirib. O vaxdan da A\u011fk\u0259ndd\u0259 yerl\u0259\u015f\u0259n K\u0259lb\u0259c\u0259r rayon 68 sayl\u0131 orta m\u0259kt\u0259bind\u0259 direktor m\u00fcavini i\u015fl\u0259yir. Ail\u0259likc\u0259 k\u0259nd camaat\u0131na qaynay\u0131b qar\u0131\u015f\u0131blar. Ail\u0259d\u0259 4 n\u0259f\u0259rdil\u0259r\u2013\u00f6z\u00fc, h\u0259yat yolda\u015f\u0131 v\u0259 iki q\u0131z\u0131.<br \/>\nO dan\u0131\u015f\u0131r, m\u0259n qulaq as\u0131ram. Hiss edir\u0259m ki, k\u0259ndl\u0259rind\u0259n, o da\u011flardan, me\u015f\u0259l\u0259rd\u0259n, buz bulaqlardan dan\u0131\u015fd\u0131qca k\u00f6vr\u0259lir. Deyir ki, Az\u0259rbaycan\u0131m\u0131z\u0131n h\u0259r bir gu\u015f\u0259si bizim \u00fc\u00e7\u00fcn do\u011fmad\u0131r, \u0259zizdir. Amma bununla bel\u0259 h\u0259r k\u0259sin do\u011fulub, boya-ba\u015fa \u00e7atd\u0131\u011f\u0131 ist\u0259r k\u0259nd olsun, ist\u0259rs\u0259 d\u0259 \u015f\u0259h\u0259r, onun \u0259sl v\u0259t\u0259ni, yurd yeri say\u0131l\u0131r.<br \/>\nEl\u0259 m\u0259nim do\u011fulub boya-ba\u015fa \u00e7atd\u0131\u011f\u0131m K\u0259lb\u0259c\u0259r mahal\u0131n\u0131n Zivel k\u0259ndi kimi. Uca da\u011flar\u0131n qoynunda q\u0259rar tutan bu k\u0259nd K\u0259lb\u0259c\u0259rin \u0259n q\u0259dim k\u0259ndl\u0259rind\u0259n say\u0131l\u0131r. Qal\u0131n me\u015f\u0259l\u0259rl\u0259, s\u0131ld\u0131r\u0131m qayalarla \u0259hat\u0259 olunmu\u015f bu k\u0259ndin havas\u0131 da, durna g\u00f6zl\u00fc bulaqlar\u0131 da insan sa\u011flaml\u0131\u011f\u0131 \u00fc\u00e7\u00fcn sanki can d\u0259rman\u0131d\u0131r.<br \/>\nNec\u0259 qa\u00e7q\u0131n d\u00fc\u015fd\u00fcy\u00fcn\u00fc soru\u015furam. Deyir ki, erm\u0259nil\u0259r k\u0259ndimizi q\u0259fl\u0259t\u0259n a\u011f\u0131r silahlardan at\u0259\u015f\u0259 tutdular. Camaat\u2013kimi piyada, kimi atlaulaqla k\u0259ndi t\u0259rk el\u0259di: 72 n\u0259f\u0259r q\u0131z-g\u0259lini is\u0259 bir \u201cKamAZ\u201dma\u015f\u0131n\u0131na y\u0131\u011f\u0131b, Murov yolu il\u0259 G\u0259nc\u0259y\u0259 yola sald\u0131q. Oradan da T\u0259rt\u0259rin A\u011fk\u0259nd k\u0259ndin\u0259 g\u0259ldik. \u018fvv\u0259ld\u0259n d\u0259 bilirdik ki, bu k\u0259ndd\u0259 K\u0259lb\u0259c\u0259rd\u0259n olan insanlar \u00e7oxdur. O, s\u00f6z\u00fcn\u0259 davam edir.<!--more--><br \/>\n\u0130ndi bizi yaradana \u00e7ox \u015f\u00fck\u00fcr. \u0130lham \u018fliyev kimi h\u0259m \u00f6lk\u0259 Prezidentimiz, h\u0259m d\u0259 Ali ba\u015f komandan\u0131m\u0131z var. \u00dcmidvar\u0131q ki, torpaqlar\u0131m\u0131z qaytar\u0131lacaq, onda biz d\u0259 \u00f6z do\u011fma yurd-yuvam\u0131za d\u00f6n\u0259c\u0259yik. Lakin h\u0259l\u0259 d\u0259 o da\u011flar\u0131n nisgilini \u00e7\u0259kirik.<br \/>\nYaman g\u00fcn\u00fcn \u00f6mr\u00fc az olar, Da\u011f\u0131stan m\u00fc\u0259llim! \u00c7ox \u00e7\u0259km\u0259z ki, b\u00fct\u00fcn qa\u00e7q\u0131n v\u0259 k\u00f6\u00e7k\u00fcnl\u0259rimiz kimi, siz d\u0259 \u00f6z do\u011fma yurd-yuvan\u0131za qay\u0131dars\u0131n\u0131z.<\/p>\n<p style=\"text-align: right;\"><em><strong>Mirz\u0259 N\u0259sir<\/strong><\/em><\/p>\n","protected":false},"excerpt":{"rendered":"<p>K\u0259lb\u0259c\u0259r mahal\u0131ndan qa\u00e7q\u0131n d\u00fc\u015f\u0259n Da\u011f\u0131stan Abdullayev 1993-c\u00fc ild\u0259n T\u0259rt\u0259r rayonunun A\u011fk\u0259nd k\u0259ndind\u0259 m\u0259skunla\u015f\u0131b. G\u0259nc\u0259 D\u00f6vl\u0259t Universitetini d\u0259 el\u0259 1993-c\u00fc ild\u0259 bitirib. O vaxdan da A\u011fk\u0259ndd\u0259 yerl\u0259\u015f\u0259n K\u0259lb\u0259c\u0259r rayon 68 sayl\u0131 orta m\u0259kt\u0259bind\u0259 direktor m\u00fcavini i\u015fl\u0259yir. Ail\u0259likc\u0259 k\u0259nd camaat\u0131na qaynay\u0131b qar\u0131\u015f\u0131blar. Ail\u0259d\u0259 4 n\u0259f\u0259rdil\u0259r\u2013\u00f6z\u00fc, h\u0259yat yolda\u015f\u0131 v\u0259 iki q\u0131z\u0131. O dan\u0131\u015f\u0131r, m\u0259n qulaq as\u0131ram. Hiss edir\u0259m [&hellip;]<\/p>\n","protected":false},"author":2,"featured_media":0,"comment_status":"closed","ping_status":"closed","sticky":false,"template":"","format":"standard","meta":[],"categories":[10],"tags":[20],"_links":{"self":[{"href":"https:\/\/yeniterter.az\/index.php?rest_route=\/wp\/v2\/posts\/4308"}],"collection":[{"href":"https:\/\/yeniterter.az\/index.php?rest_route=\/wp\/v2\/posts"}],"about":[{"href":"https:\/\/yeniterter.az\/index.php?rest_route=\/wp\/v2\/types\/post"}],"author":[{"embeddable":true,"href":"https:\/\/yeniterter.az\/index.php?rest_route=\/wp\/v2\/users\/2"}],"replies":[{"embeddable":true,"href":"https:\/\/yeniterter.az\/index.php?rest_route=%2Fwp%2Fv2%2Fcomments&post=4308"}],"version-history":[{"count":0,"href":"https:\/\/yeniterter.az\/index.php?rest_route=\/wp\/v2\/posts\/4308\/revisions"}],"wp:attachment":[{"href":"https:\/\/yeniterter.az\/index.php?rest_route=%2Fwp%2Fv2%2Fmedia&parent=4308"}],"wp:term":[{"taxonomy":"category","embeddable":true,"href":"https:\/\/yeniterter.az\/index.php?rest_route=%2Fwp%2Fv2%2Fcategories&post=4308"},{"taxonomy":"post_tag","embeddable":true,"href":"https:\/\/yeniterter.az\/index.php?rest_route=%2Fwp%2Fv2%2Ftags&post=4308"}],"curies":[{"name":"wp","href":"https:\/\/api.w.org\/{rel}","templated":true}]}}