{"id":4283,"date":"2016-08-29T15:49:26","date_gmt":"2016-08-29T12:49:26","guid":{"rendered":"http:\/\/www.yeniterter.az\/?p=4283"},"modified":"2016-08-29T15:49:26","modified_gmt":"2016-08-29T12:49:26","slug":"yeni-t%c9%99rt%c9%99rin-11-yasi-qeyd-olundu","status":"publish","type":"post","link":"https:\/\/yeniterter.az\/?p=4283","title":{"rendered":"\u201cYEN\u0130 T\u018fRT\u018fR\u201d\u0130N 11 YA\u015eI QEYD OLUNDU"},"content":{"rendered":"<p><img decoding=\"async\" loading=\"lazy\" class=\" wp-image-4284 alignleft\" src=\"http:\/\/www.yeniterter.az\/wp-content\/uploads\/\u0418\u0437\u043e\u0431\u0440\u0430\u0436\u0435\u043d\u0438\u0435-031-1-300x201.jpg\" alt=\"\u0418\u0437\u043e\u0431\u0440\u0430\u0436\u0435\u043d\u0438\u0435 031\" width=\"163\" height=\"109\" srcset=\"https:\/\/yeniterter.az\/wp-content\/uploads\/\u0418\u0437\u043e\u0431\u0440\u0430\u0436\u0435\u043d\u0438\u0435-031-1-300x201.jpg 300w, https:\/\/yeniterter.az\/wp-content\/uploads\/\u0418\u0437\u043e\u0431\u0440\u0430\u0436\u0435\u043d\u0438\u0435-031-1-768x514.jpg 768w, https:\/\/yeniterter.az\/wp-content\/uploads\/\u0418\u0437\u043e\u0431\u0440\u0430\u0436\u0435\u043d\u0438\u0435-031-1-1024x685.jpg 1024w, https:\/\/yeniterter.az\/wp-content\/uploads\/\u0418\u0437\u043e\u0431\u0440\u0430\u0436\u0435\u043d\u0438\u0435-031-1.jpg 1500w\" sizes=\"(max-width: 163px) 100vw, 163px\" \/>\u201cYeni T\u0259rt\u0259r\u201d q\u0259zetinin ilk n\u00f6mr\u0259sinin \u00e7apdan \u00e7\u0131xmas\u0131 m\u00fcnasib\u0259ti il\u0259 redaksiyada t\u0259dbir ke\u00e7irildi. Q\u0259zetin ba\u015f redaktoru Tofiq Yusif 7 illik fasil\u0259d\u0259n sonra q\u0259zetin yenid\u0259n n\u0259\u015fr olunma\u011fa ba\u015flamas\u0131n\u0131n rayonun ictimai-siyasi h\u0259yat\u0131nda m\u00fch\u00fcm hadis\u0259 oldu\u011funu qeyd etdi. Bildirdi ki, ilk vaxtlar i\u015fd\u0259 bir s\u0131ra \u00e7\u0259tinlikl\u0259r olsa da (bina, laz\u0131mi avadanl\u0131q yox idi, kollektiv formala\u015fmam\u0131\u015fd\u0131), \u201cYeni T\u0259rt\u0259r\u201din ilk n\u00f6mr\u0259si 2005-ci il avqustun 20-d\u0259 i\u015f\u0131q \u00fcz\u00fc g\u00f6rd\u00fc.<br \/>\nArt\u0131q 11 ildir ki, \u201cYeni T\u0259rt\u0259r\u201d ayda \u00fc\u00e7 d\u0259f\u0259 oxucular\u0131n\u0131n g\u00f6r\u00fc\u015f\u00fcn\u0259 g\u0259lir.<br \/>\nQ\u0259zetin \u0259m\u0259kda\u015f\u0131 \u018fv\u0259z N\u0259sirov \u00f6z \u00e7\u0131x\u0131\u015f\u0131nda bildirdi ki, g\u0259nclik ill\u0259rind\u0259n indiy\u0259d\u0259k, t\u0259xmin\u0259n yar\u0131m \u0259sr\u0259 b\u0259rab\u0259r bir m\u00fcdd\u0259td\u0259 redaksiyada \u00e7al\u0131\u015f\u0131b. Bu g\u00fcn informasiya bollu\u011fu \u015f\u0259raitind\u0259 ya\u015fasaq da, m\u00fcxt\u0259lif q\u0259zet v\u0259 jurnallar, elektron media s\u0131ras\u0131nda \u201cYeni T\u0259rt\u0259r\u201din \u00f6z yeri v\u0259 \u00f6z\u00fcn\u0259m\u0259xsus d\u0259sti-x\u0259tti var.<br \/>\nG\u0259ncl\u0259r ad\u0131ndan \u00e7\u0131x\u0131\u015f ed\u0259n T\u00fcrkan Sabirli g\u00f6st\u0259rdi ki, m\u0259n Bak\u0131 D\u00f6vl\u0259t Universitetini bitirdikd\u0259n sonra ilk i\u015f yerim \u201cYeni T\u0259rt\u0259r\u201d q\u0259zeti redaksiyas\u0131 olub. Hesab edir\u0259m ki, h\u0259yatda b\u0259xtim g\u0259tirib. \u00c7\u00fcnki BDU-da n\u0259z\u0259ri bilikl\u0259r\u0259 yiy\u0259l\u0259ndims\u0259, redaksiyada \u00e7al\u0131\u015fd\u0131\u011f\u0131m m\u00fcdd\u0259td\u0259 ya\u015fl\u0131 n\u0259slin n\u00fcmay\u0259nd\u0259l\u0259rinin t\u0259cr\u00fcb\u0259sind\u0259n b\u0259hr\u0259l\u0259ndim, q\u0259zet i\u015fi, onun dizayn\u0131 kimi \u00e7ox maraql\u0131 bir sah\u0259ni \u00f6yr\u0259ndim.<br \/>\nY\u0131\u011f\u0131nca\u011f\u0131n sonunda xatir\u0259 foto\u015f\u0259kli \u00e7\u0259kdirildi.<\/p>\n<p style=\"text-align: right;\"><strong><em>\u201cYeni T\u0259rt\u0259r\u201d<\/em> <\/strong><\/p>\n","protected":false},"excerpt":{"rendered":"<p>\u201cYeni T\u0259rt\u0259r\u201d q\u0259zetinin ilk n\u00f6mr\u0259sinin \u00e7apdan \u00e7\u0131xmas\u0131 m\u00fcnasib\u0259ti il\u0259 redaksiyada t\u0259dbir ke\u00e7irildi. Q\u0259zetin ba\u015f redaktoru Tofiq Yusif 7 illik fasil\u0259d\u0259n sonra q\u0259zetin yenid\u0259n n\u0259\u015fr olunma\u011fa ba\u015flamas\u0131n\u0131n rayonun ictimai-siyasi h\u0259yat\u0131nda m\u00fch\u00fcm hadis\u0259 oldu\u011funu qeyd etdi. Bildirdi ki, ilk vaxtlar i\u015fd\u0259 bir s\u0131ra \u00e7\u0259tinlikl\u0259r olsa da (bina, laz\u0131mi avadanl\u0131q yox idi, kollektiv formala\u015fmam\u0131\u015fd\u0131), \u201cYeni T\u0259rt\u0259r\u201din ilk n\u00f6mr\u0259si [&hellip;]<\/p>\n","protected":false},"author":2,"featured_media":0,"comment_status":"closed","ping_status":"closed","sticky":false,"template":"","format":"standard","meta":[],"categories":[1],"tags":[13],"_links":{"self":[{"href":"https:\/\/yeniterter.az\/index.php?rest_route=\/wp\/v2\/posts\/4283"}],"collection":[{"href":"https:\/\/yeniterter.az\/index.php?rest_route=\/wp\/v2\/posts"}],"about":[{"href":"https:\/\/yeniterter.az\/index.php?rest_route=\/wp\/v2\/types\/post"}],"author":[{"embeddable":true,"href":"https:\/\/yeniterter.az\/index.php?rest_route=\/wp\/v2\/users\/2"}],"replies":[{"embeddable":true,"href":"https:\/\/yeniterter.az\/index.php?rest_route=%2Fwp%2Fv2%2Fcomments&post=4283"}],"version-history":[{"count":0,"href":"https:\/\/yeniterter.az\/index.php?rest_route=\/wp\/v2\/posts\/4283\/revisions"}],"wp:attachment":[{"href":"https:\/\/yeniterter.az\/index.php?rest_route=%2Fwp%2Fv2%2Fmedia&parent=4283"}],"wp:term":[{"taxonomy":"category","embeddable":true,"href":"https:\/\/yeniterter.az\/index.php?rest_route=%2Fwp%2Fv2%2Fcategories&post=4283"},{"taxonomy":"post_tag","embeddable":true,"href":"https:\/\/yeniterter.az\/index.php?rest_route=%2Fwp%2Fv2%2Ftags&post=4283"}],"curies":[{"name":"wp","href":"https:\/\/api.w.org\/{rel}","templated":true}]}}