{"id":4279,"date":"2016-08-29T15:46:16","date_gmt":"2016-08-29T12:46:16","guid":{"rendered":"http:\/\/www.yeniterter.az\/?p=4279"},"modified":"2016-08-29T15:46:16","modified_gmt":"2016-08-29T12:46:16","slug":"95-sayli-t%c9%99rt%c9%99r-dair%c9%99-secki-komissiyasinda-t%c9%99dbir-kecirilib","status":"publish","type":"post","link":"https:\/\/yeniterter.az\/?p=4279","title":{"rendered":"95 SAYLI T\u018fRT\u018fR DA\u0130R\u018f SE\u00c7K\u0130 KOM\u0130SS\u0130YASINDA T\u018fDB\u0130R KE\u00c7\u0130R\u0130L\u0130B"},"content":{"rendered":"<p><img decoding=\"async\" loading=\"lazy\" class=\" wp-image-4280 alignleft\" src=\"http:\/\/www.yeniterter.az\/wp-content\/uploads\/\u0418\u0437\u043e\u0431\u0440\u0430\u0436\u0435\u043d\u0438\u0435-006-2-300x201.jpg\" alt=\"\u0418\u0437\u043e\u0431\u0440\u0430\u0436\u0435\u043d\u0438\u0435 006\" width=\"157\" height=\"105\" srcset=\"https:\/\/yeniterter.az\/wp-content\/uploads\/\u0418\u0437\u043e\u0431\u0440\u0430\u0436\u0435\u043d\u0438\u0435-006-2-300x201.jpg 300w, https:\/\/yeniterter.az\/wp-content\/uploads\/\u0418\u0437\u043e\u0431\u0440\u0430\u0436\u0435\u043d\u0438\u0435-006-2-768x514.jpg 768w, https:\/\/yeniterter.az\/wp-content\/uploads\/\u0418\u0437\u043e\u0431\u0440\u0430\u0436\u0435\u043d\u0438\u0435-006-2-1024x685.jpg 1024w, https:\/\/yeniterter.az\/wp-content\/uploads\/\u0418\u0437\u043e\u0431\u0440\u0430\u0436\u0435\u043d\u0438\u0435-006-2.jpg 1500w\" sizes=\"(max-width: 157px) 100vw, 157px\" \/><img decoding=\"async\" loading=\"lazy\" class=\" wp-image-4281 alignright\" src=\"http:\/\/www.yeniterter.az\/wp-content\/uploads\/\u0418\u0437\u043e\u0431\u0440\u0430\u0436\u0435\u043d\u0438\u0435-020-1-300x201.jpg\" alt=\"\u0418\u0437\u043e\u0431\u0440\u0430\u0436\u0435\u043d\u0438\u0435 020\" width=\"166\" height=\"111\" srcset=\"https:\/\/yeniterter.az\/wp-content\/uploads\/\u0418\u0437\u043e\u0431\u0440\u0430\u0436\u0435\u043d\u0438\u0435-020-1-300x201.jpg 300w, https:\/\/yeniterter.az\/wp-content\/uploads\/\u0418\u0437\u043e\u0431\u0440\u0430\u0436\u0435\u043d\u0438\u0435-020-1-768x514.jpg 768w, https:\/\/yeniterter.az\/wp-content\/uploads\/\u0418\u0437\u043e\u0431\u0440\u0430\u0436\u0435\u043d\u0438\u0435-020-1-1024x685.jpg 1024w, https:\/\/yeniterter.az\/wp-content\/uploads\/\u0418\u0437\u043e\u0431\u0440\u0430\u0436\u0435\u043d\u0438\u0435-020-1.jpg 1500w\" sizes=\"(max-width: 166px) 100vw, 166px\" \/>Az\u0259rbaycan Respublikas\u0131 Prezidentinin 2011-ci il 27 dekabr tarixli S\u0259r\u0259ncam\u0131 il\u0259 t\u0259sdiq edilmi\u015f \u201cAz\u0259rbaycan Respublikas\u0131nda insan h\u00fcquq v\u0259 azadl\u0131qlar\u0131n\u0131n m\u00fcdafi\u0259sinin s\u0259m\u0259r\u0259liliyini art\u0131rmaq sah\u0259sind\u0259 Milli F\u0259aliyy\u0259t Proqram\u0131\u201d \u0259sas\u0131nda dair\u0259 se\u00e7ki komissiyalar\u0131n\u0131n \u00fczvl\u0259ri v\u0259 m\u0259nt\u0259q\u0259 se\u00e7ki komissiyalar\u0131n\u0131n s\u0259drl\u0259ri \u00fc\u00e7\u00fcn regionlarda se\u00e7ki h\u00fcququ \u00fczr\u0259 ixtisasla\u015fd\u0131r\u0131lm\u0131\u015f \u00fc\u00e7g\u00fcnl\u00fck kurslar (22-24 avqust 2016-c\u0131 il) ke\u00e7irilir. Bel\u0259 t\u0259dbir 95 sayl\u0131 T\u0259rt\u0259r Dair\u0259 Se\u00e7ki Komissiyas\u0131nda da t\u0259\u015fkil olunmu\u015fdur.<br \/>\nT\u0259rt\u0259r rayonunda ke\u00e7iril\u0259n t\u0259dbiri 95 sayl\u0131 dair\u0259 se\u00e7ki komissiyas\u0131n\u0131n s\u0259dri H\u0259mid Mehdiyev a\u00e7d\u0131. T\u0259dbir bar\u0259d\u0259 toplant\u0131 i\u015ftirak\u00e7\u0131lar\u0131na \u0259trafl\u0131 m\u0259lumat verdi. Sonra T\u0259rt\u0259r Rayon \u0130cra Hakimiyy\u0259ti ba\u015f\u00e7\u0131s\u0131n\u0131n birinci m\u00fcavini Ramiz \u015eabanov, \u201cSe\u00e7ici siyah\u0131lar\u0131 il\u0259 i\u015fin apar\u0131lmas\u0131, referendumqaba\u011f\u0131 t\u0259\u015fviqat\u0131n apar\u0131lmas\u0131na \u015f\u0259rait yarad\u0131lmas\u0131, bildiri\u015fl\u0259rin se\u00e7icil\u0259r\u0259 \u00e7atd\u0131r\u0131lmas\u0131 v\u0259. s bu kimi istiqam\u0259tl\u0259rd\u0259 yerli icra v\u0259 b\u0259l\u0259diyy\u0259 qurumlar\u0131n\u0131n rolu v\u0259 onlar\u0131n se\u00e7ki komissiyalar\u0131 il\u0259 s\u0259m\u0259r\u0259li qar\u015f\u0131l\u0131ql\u0131 \u0259laq\u0259l\u0259rinin qurulmas\u0131\u201d m\u00f6vzusunda toplant\u0131 i\u015ftirak\u00e7\u0131lar\u0131 qar\u015f\u0131s\u0131nda \u00e7\u0131x\u0131\u015f etdi.<!--more--><br \/>\nG\u00fcnd\u0259likd\u0259 duran ikinci m\u0259s\u0259l\u0259 il\u0259 ba\u011fl\u0131\u2013\u201cReferendumda i\u015ftirak h\u00fcququ v\u0259 onun t\u0259minat\u0131n\u0131n qanunvericilik \u0259saslar\u0131, a\u015fa\u011f\u0131 se\u00e7ki komissiyalar\u0131 v\u0259 m\u0259hk\u0259m\u0259l\u0259r t\u0259r\u0259find\u0259n referendumda i\u015ftirak h\u00fcququnun qorunmas\u0131 mexanizml\u0259ri\u201d m\u00f6vzusunda is\u0259 T\u0259rt\u0259r rayon m\u0259hk\u0259m\u0259sinin hakimi M\u00fcbariz M\u0259mm\u0259dov dan\u0131\u015fd\u0131.<br \/>\nA\u00e7\u0131q diskussiya \u015f\u0259raitind\u0259 ke\u00e7\u0259n t\u0259dbird\u0259 11 sayl\u0131 Qaraa\u011fac\u0131 se\u00e7ki m\u0259nt\u0259q\u0259sinin s\u0259dri M\u0259zahir Quliyev, 5 sayl\u0131 se\u00e7ki m\u0259nt\u0259q\u0259sinin s\u0259dri Azad Abbasov, 12 sayl\u0131 se\u00e7ki m\u0259nt\u0259q\u0259sinin s\u0259dri M\u0259zahir H\u0259s\u0259nov, 24 sayl\u0131 se\u00e7ki m\u0259nt\u0259q\u0259sinin s\u0259dri Asif Al\u0131ki\u015fiyev, 8 sayl\u0131 se\u00e7ki m\u0259nt\u0259q\u0259sinin s\u0259dri Zabil Zeynalov, 30 sayl\u0131 se\u00e7ki m\u0259nt\u0259q\u0259sinin s\u0259dri Oqtay M\u0259m-m\u0131dov v\u0259 ba\u015fqalar\u0131 m\u00fczakir\u0259l\u0259rd\u0259 daha f\u0259al i\u015ftirak etmi\u015fl\u0259r.<br \/>\nSonda t\u0259dbiri H\u0259mid Mehdiyev yekunla\u015fd\u0131rd\u0131.<\/p>\n","protected":false},"excerpt":{"rendered":"<p>Az\u0259rbaycan Respublikas\u0131 Prezidentinin 2011-ci il 27 dekabr tarixli S\u0259r\u0259ncam\u0131 il\u0259 t\u0259sdiq edilmi\u015f \u201cAz\u0259rbaycan Respublikas\u0131nda insan h\u00fcquq v\u0259 azadl\u0131qlar\u0131n\u0131n m\u00fcdafi\u0259sinin s\u0259m\u0259r\u0259liliyini art\u0131rmaq sah\u0259sind\u0259 Milli F\u0259aliyy\u0259t Proqram\u0131\u201d \u0259sas\u0131nda dair\u0259 se\u00e7ki komissiyalar\u0131n\u0131n \u00fczvl\u0259ri v\u0259 m\u0259nt\u0259q\u0259 se\u00e7ki komissiyalar\u0131n\u0131n s\u0259drl\u0259ri \u00fc\u00e7\u00fcn regionlarda se\u00e7ki h\u00fcququ \u00fczr\u0259 ixtisasla\u015fd\u0131r\u0131lm\u0131\u015f \u00fc\u00e7g\u00fcnl\u00fck kurslar (22-24 avqust 2016-c\u0131 il) ke\u00e7irilir. Bel\u0259 t\u0259dbir 95 sayl\u0131 T\u0259rt\u0259r Dair\u0259 Se\u00e7ki [&hellip;]<\/p>\n","protected":false},"author":2,"featured_media":0,"comment_status":"closed","ping_status":"closed","sticky":false,"template":"","format":"standard","meta":[],"categories":[1],"tags":[13],"_links":{"self":[{"href":"https:\/\/yeniterter.az\/index.php?rest_route=\/wp\/v2\/posts\/4279"}],"collection":[{"href":"https:\/\/yeniterter.az\/index.php?rest_route=\/wp\/v2\/posts"}],"about":[{"href":"https:\/\/yeniterter.az\/index.php?rest_route=\/wp\/v2\/types\/post"}],"author":[{"embeddable":true,"href":"https:\/\/yeniterter.az\/index.php?rest_route=\/wp\/v2\/users\/2"}],"replies":[{"embeddable":true,"href":"https:\/\/yeniterter.az\/index.php?rest_route=%2Fwp%2Fv2%2Fcomments&post=4279"}],"version-history":[{"count":0,"href":"https:\/\/yeniterter.az\/index.php?rest_route=\/wp\/v2\/posts\/4279\/revisions"}],"wp:attachment":[{"href":"https:\/\/yeniterter.az\/index.php?rest_route=%2Fwp%2Fv2%2Fmedia&parent=4279"}],"wp:term":[{"taxonomy":"category","embeddable":true,"href":"https:\/\/yeniterter.az\/index.php?rest_route=%2Fwp%2Fv2%2Fcategories&post=4279"},{"taxonomy":"post_tag","embeddable":true,"href":"https:\/\/yeniterter.az\/index.php?rest_route=%2Fwp%2Fv2%2Ftags&post=4279"}],"curies":[{"name":"wp","href":"https:\/\/api.w.org\/{rel}","templated":true}]}}