{"id":4259,"date":"2016-08-29T14:59:49","date_gmt":"2016-08-29T11:59:49","guid":{"rendered":"http:\/\/www.yeniterter.az\/?p=4259"},"modified":"2016-08-29T15:08:45","modified_gmt":"2016-08-29T12:08:45","slug":"v%c9%99t%c9%99ndaslarin-muraci%c9%99tl%c9%99ri-haqqinda-az%c9%99rbaycan-respublikasi-qanununun-regionlarda-t%c9%99bligi","status":"publish","type":"post","link":"https:\/\/yeniterter.az\/?p=4259","title":{"rendered":"\u201cV\u018fT\u018fNDA\u015eLARIN M\u00dcRAC\u0130\u018fTL\u018fR\u0130 HAQQINDA\u201d AZ\u018fRBAYCAN RESPUBL\u0130KASI QANUNUNUN REG\u0130ONLARDA T\u018fBL\u0130\u011e\u0130"},"content":{"rendered":"<p><img decoding=\"async\" loading=\"lazy\" class=\" wp-image-4262 alignleft\" src=\"http:\/\/www.yeniterter.az\/wp-content\/uploads\/DSC_0490-\u2014-\u043a\u043e\u043f\u0438\u044f-300x199.jpg\" alt=\"DSC_0490 \u2014 \u043a\u043e\u043f\u0438\u044f\" width=\"156\" height=\"104\" srcset=\"https:\/\/yeniterter.az\/wp-content\/uploads\/DSC_0490-\u2014-\u043a\u043e\u043f\u0438\u044f-300x199.jpg 300w, https:\/\/yeniterter.az\/wp-content\/uploads\/DSC_0490-\u2014-\u043a\u043e\u043f\u0438\u044f-768x510.jpg 768w, https:\/\/yeniterter.az\/wp-content\/uploads\/DSC_0490-\u2014-\u043a\u043e\u043f\u0438\u044f-1024x681.jpg 1024w, https:\/\/yeniterter.az\/wp-content\/uploads\/DSC_0490-\u2014-\u043a\u043e\u043f\u0438\u044f.jpg 1500w\" sizes=\"(max-width: 156px) 100vw, 156px\" \/>T\u0259rt\u0259r rayon G\u0259ncl\u0259r M\u0259rk\u0259zind\u0259 \u201cG\u0259nc Politoloqlar M\u0259rk\u0259zi\u201d Az\u0259rbaycan Respublikas\u0131n\u0131n Prezidenti yan\u0131nda G\u0259ncl\u0259r Fondunun maliyy\u0259 d\u0259st\u0259yi il\u0259 \u201cV\u0259t\u0259nda\u015flar\u0131n m\u00fcraci\u0259tl\u0259ri haqq\u0131nda\u201d Az\u0259rbaycan Respublikas\u0131 Qanununun regionlarda t\u0259bli\u011fi\u201d layih\u0259si \u00e7\u0259r\u00e7iv\u0259sind\u0259 t\u0259dbir ke\u00e7irilib.<br \/>\nT\u0259dbiri giri\u015f s\u00f6z\u00fc il\u0259 a\u00e7an T\u0259rt\u0259r Rayon \u0130cra Hakimiyy\u0259tinin n\u00fcmay\u0259nd\u0259si Tunar\u0259 M\u0259mm\u0259dzad\u0259 i\u015ftirak\u00e7\u0131lar\u0131 salamlayaraq \u201cV\u0259t\u0259nda\u015flar\u0131n m\u00fcraci\u0259tl\u0259ri haqq\u0131nda\u201d Az\u0259rbaycan Respublikas\u0131 Qanununun regionlarda t\u0259bli\u011fi\u201d layih\u0259sinin \u0259h\u0259miyy\u0259tind\u0259n v\u0259 rayonda bu sah\u0259d\u0259 g\u00f6r\u00fcl\u0259n i\u015fl\u0259rd\u0259n dan\u0131\u015f\u0131b.\u00a0Sonra \u00abG\u0259nc Politoloqlar M\u0259rk\u0259zi\u00bbnin s\u0259dri \u0130lkin \u018fliyev v\u0259 h\u00fcquq\u015f\u00fcnas t\u0259lim\u00e7i Lamiy\u0259 M\u0259mm\u0259dova layih\u0259 haqq\u0131nda m\u0259lumat veribl\u0259r. Bildirilib ki, Az\u0259rbaycan Respublikas\u0131 Prezidentinin tap\u015f\u0131r\u0131\u011f\u0131 v\u0259 t\u00f6vsiy\u0259si il\u0259 haz\u0131rlanm\u0131\u015f yeni Qanuna m\u00fcasir d\u00f6vr\u00fcn t\u0259l\u0259bl\u0259rin\u0259 v\u0259 beyn\u0259lxalq h\u00fcququn normalar\u0131na uy\u011fun olaraq bir \u00e7ox yeni m\u00fcdd\u0259alar \u0259lav\u0259 edilmi\u015fdir.\u00a0M\u00f6vzu il\u0259 ba\u011fl\u0131 T\u0259rt\u0259r Rayon Polis \u015f\u00f6b\u0259sinin r\u0259is m\u00fcavini \u0130lqar F\u0259r\u0259cov, T\u0259rt\u0259r Rayon Prokurorunun k\u00f6m\u0259k\u00e7isi R\u0259\u015fid Bayramov \u00f6z fikirl\u0259rini b\u00f6l\u00fc\u015f\u00fcbl\u0259r.<br \/>\nSonda t\u0259dbir i\u015ftirak\u00e7\u0131lar\u0131n\u0131n suallar\u0131 cavabland\u0131r\u0131l\u0131b, i\u015ftirak\u00e7\u0131lara maarifl\u0259ndirici materiallar paylan\u0131b. N\u00f6vb\u0259ti g\u00fcn t\u0259dbir T\u0259rt\u0259r Pe\u015f\u0259 T\u0259limi M\u0259rk\u0259zind\u0259 davam etdirilib.<\/p>\n<p style=\"text-align: right;\"><strong><em>\u201cYeni T\u0259rt\u0259r\u201d<\/em><\/strong><\/p>\n","protected":false},"excerpt":{"rendered":"<p>T\u0259rt\u0259r rayon G\u0259ncl\u0259r M\u0259rk\u0259zind\u0259 \u201cG\u0259nc Politoloqlar M\u0259rk\u0259zi\u201d Az\u0259rbaycan Respublikas\u0131n\u0131n Prezidenti yan\u0131nda G\u0259ncl\u0259r Fondunun maliyy\u0259 d\u0259st\u0259yi il\u0259 \u201cV\u0259t\u0259nda\u015flar\u0131n m\u00fcraci\u0259tl\u0259ri haqq\u0131nda\u201d Az\u0259rbaycan Respublikas\u0131 Qanununun regionlarda t\u0259bli\u011fi\u201d layih\u0259si \u00e7\u0259r\u00e7iv\u0259sind\u0259 t\u0259dbir ke\u00e7irilib. T\u0259dbiri giri\u015f s\u00f6z\u00fc il\u0259 a\u00e7an T\u0259rt\u0259r Rayon \u0130cra Hakimiyy\u0259tinin n\u00fcmay\u0259nd\u0259si Tunar\u0259 M\u0259mm\u0259dzad\u0259 i\u015ftirak\u00e7\u0131lar\u0131 salamlayaraq \u201cV\u0259t\u0259nda\u015flar\u0131n m\u00fcraci\u0259tl\u0259ri haqq\u0131nda\u201d Az\u0259rbaycan Respublikas\u0131 Qanununun regionlarda t\u0259bli\u011fi\u201d layih\u0259sinin \u0259h\u0259miyy\u0259tind\u0259n v\u0259 rayonda bu [&hellip;]<\/p>\n","protected":false},"author":2,"featured_media":0,"comment_status":"closed","ping_status":"closed","sticky":false,"template":"","format":"standard","meta":[],"categories":[1],"tags":[13],"_links":{"self":[{"href":"https:\/\/yeniterter.az\/index.php?rest_route=\/wp\/v2\/posts\/4259"}],"collection":[{"href":"https:\/\/yeniterter.az\/index.php?rest_route=\/wp\/v2\/posts"}],"about":[{"href":"https:\/\/yeniterter.az\/index.php?rest_route=\/wp\/v2\/types\/post"}],"author":[{"embeddable":true,"href":"https:\/\/yeniterter.az\/index.php?rest_route=\/wp\/v2\/users\/2"}],"replies":[{"embeddable":true,"href":"https:\/\/yeniterter.az\/index.php?rest_route=%2Fwp%2Fv2%2Fcomments&post=4259"}],"version-history":[{"count":0,"href":"https:\/\/yeniterter.az\/index.php?rest_route=\/wp\/v2\/posts\/4259\/revisions"}],"wp:attachment":[{"href":"https:\/\/yeniterter.az\/index.php?rest_route=%2Fwp%2Fv2%2Fmedia&parent=4259"}],"wp:term":[{"taxonomy":"category","embeddable":true,"href":"https:\/\/yeniterter.az\/index.php?rest_route=%2Fwp%2Fv2%2Fcategories&post=4259"},{"taxonomy":"post_tag","embeddable":true,"href":"https:\/\/yeniterter.az\/index.php?rest_route=%2Fwp%2Fv2%2Ftags&post=4259"}],"curies":[{"name":"wp","href":"https:\/\/api.w.org\/{rel}","templated":true}]}}