{"id":4246,"date":"2016-08-29T14:41:17","date_gmt":"2016-08-29T11:41:17","guid":{"rendered":"http:\/\/www.yeniterter.az\/?p=4246"},"modified":"2016-08-29T14:41:17","modified_gmt":"2016-08-29T11:41:17","slug":"bakida-kiv-v%c9%99-mu%c9%99llif-huquqlari-movzusunda-konfrans-kecirilib","status":"publish","type":"post","link":"https:\/\/yeniterter.az\/?p=4246","title":{"rendered":"BAKIDA \u201cK\u0130V V\u018f M\u00dc\u018fLL\u0130F H\u00dcQUQLARI\u201d M\u00d6VZUSUNDA KONFRANS KE\u00c7\u0130R\u0130L\u0130B"},"content":{"rendered":"<p><img decoding=\"async\" loading=\"lazy\" class=\" wp-image-4247 alignleft\" src=\"http:\/\/www.yeniterter.az\/wp-content\/uploads\/Shekil-1-300x200.jpg\" alt=\"Shekil-1\" width=\"158\" height=\"105\" srcset=\"https:\/\/yeniterter.az\/wp-content\/uploads\/Shekil-1-300x200.jpg 300w, https:\/\/yeniterter.az\/wp-content\/uploads\/Shekil-1-768x512.jpg 768w, https:\/\/yeniterter.az\/wp-content\/uploads\/Shekil-1-1024x683.jpg 1024w, https:\/\/yeniterter.az\/wp-content\/uploads\/Shekil-1.jpg 1500w\" sizes=\"(max-width: 158px) 100vw, 158px\" \/>M\u0130TD\u0130B.Bak\u0131.Mediada \u0130nnovativ T\u0259\u015f\u0259bb\u00fcsl\u0259r\u0259 D\u0259st\u0259k \u0130ctimai Birliyi (M\u0130TD\u0130B) Bak\u0131 \u015f\u0259h\u0259rind\u0259 \u201cK\u0130V v\u0259 m\u00fc\u0259llif h\u00fcquqlar\u0131\u201d m\u00f6vzusunda konfrans ke\u00e7irib. Beyn\u0259lxalq M\u0259tbuat M\u0259rk\u0259zind\u0259 ke\u00e7iril\u0259n konfransa K\u0130V t\u0259msil\u00e7il\u0259ri v\u0259 internet f\u0259allar\u0131 qat\u0131l\u0131blar.<br \/>\nT\u0259dbir, Az\u0259rbaycan Respublikas\u0131n\u0131n Prezidenti yan\u0131nda Qeyri-H\u00f6kum\u0259t T\u0259\u015fkilatlar\u0131na D\u00f6vl\u0259t D\u0259st\u0259yi \u015euras\u0131n\u0131n maliyy\u0259 yard\u0131m\u0131 il\u0259 h\u0259yata ke\u00e7iril\u0259n \u201c\u0130nternet informasiya resursla-r\u0131nda m\u00fc\u0259llif h\u00fcquqlar\u0131n\u0131n qorunmas\u0131 t\u0259\u015f\u0259bb\u00fcsl\u0259rin\u0259 yard\u0131m\u201d layih\u0259si \u00e7\u0259r\u00e7iv\u0259sind\u0259 ba\u015f tutub.\u00a0Layih\u0259nin koordinatoru M\u00fc\u015ffiq \u018fl\u0259sg\u0259rli bildirib ki, t\u0259dbirin ke\u00e7irilm\u0259sind\u0259 m\u0259qs\u0259d K\u0130V i\u015f\u00e7il\u0259rind\u0259, x\u00fcsus\u0259n, internet \u00fcz\u0259rind\u0259n x\u0259b\u0259r yayan informasiya istehsal\u00e7\u0131lar\u0131nda m\u00fc\u0259llif h\u00fcquqlar\u0131n\u0131n qorunmas\u0131n\u0131n vacibliyi bar\u0259d\u0259 t\u0259s\u0259vv\u00fcr formala\u015fd\u0131rmaqdan ibar\u0259tdir: \u201c\u0130nternetin inki\u015faf\u0131 K\u0130V-d\u0259 m\u00fc\u0259llif h\u00fcquqlar\u0131n\u0131n qorunmas\u0131n\u0131 \u00e7\u0259tinl\u0259\u015fdirib. Bax-mayaraq ki, m\u00fc\u0259llif h\u00fcquqlar\u0131 h\u0259m qanunlarla qorunur, h\u0259m d\u0259 ona h\u00f6rm\u0259tl\u0259 yana\u015f\u0131lmas\u0131 Jurnalistl\u0259rin Pe\u015f\u0259 Davran\u0131\u015f\u0131 Kodeksinin \u0259sas t\u0259l\u0259bl\u0259rind\u0259n biridir. Amma t\u0259\u0259ss\u00fcfl\u0259 qeyd edilm\u0259lidir ki, bu g\u00fcn \u0259ks\u0259r x\u0259b\u0259r istehsal-\u00e7\u0131lar\u0131 m\u00fc\u0259llif h\u00fcquqlar\u0131na n\u0259inki h\u00f6rm\u0259tl\u0259 yana\u015fm\u0131rlar, \u00fcmumiyy\u0259tl\u0259 bu sah\u0259d\u0259 anlay\u0131\u015f geni\u015f yay\u0131lmay\u0131b. \u0130nternetin inki\u015faf\u0131, median\u0131n r\u0259q\u0259msal m\u00fcst\u0259viy\u0259 k\u00f6\u00e7m\u0259si m\u00fc\u0259llif h\u00fcquqlar\u0131n\u0131n qorunmas\u0131n\u0131 \u00e7\u0259tinl\u0259\u015fdirib. H\u0259yata ke\u00e7irdiyimiz layih\u0259 v\u0259 t\u0259dbirl\u0259r bu problemin aradan qald\u0131r\u0131lmas\u0131na yard\u0131m xarakteri da\u015f\u0131y\u0131r\u201d.<!--more--><br \/>\nKonfransda i\u015ftirak ed\u0259n CASCFEN s\u0259dri Az\u0259r H\u0259sr\u0259t v\u0259 AJN s\u0259dri Ayaz Nizamo\u011flu onlayn media m\u00fcst\u0259visind\u0259 m\u00fc\u0259llif h\u00fcquqlar\u0131n\u0131n qorunmas\u0131 \u00fc\u00e7\u00fcn t\u0259tbiq edil\u0259n yeni texnoloji mexanizml\u0259r bar\u0259d\u0259 m\u0259ruz\u0259 edib l\u0259r. JAM s\u0259dri Seymur Verdizad\u0259, TUM\u0130B s\u0259dri \u00c7ingiz Bayramov, \u201cAzadinform\u201d \u0130nformasiya Agentliyinin ba\u015f redaktoru Niyaz Nif-tiyev, \u201cRegion plus\u201d Jurnal\u0131n\u0131n ba\u015f redaktoru Namiq Mailov, \u201cTrend\u201d \u0130A t\u0259msil\u00e7isi El\u00e7in H\u00fcseynov, Lider TV-d\u0259n Elnur Nift\u0259liyev, \u201cMill\u0259t\u00e7ilik\u201d q\u0259zetinin ba\u015f redaktoru P\u0259rviz Qas\u0131mov, VT\u0130H\u0130B s\u0259dri Teyyub Mirqas\u0131mov, AzPress.az-\u0131n ba\u015f redaktoru Rasim Sad\u0131qov \u00e7\u0131x\u0131\u015flar\u0131nda m\u00fc\u0259llif h\u00fcquqlar\u0131n\u0131n qorunmamas\u0131n\u0131n pe\u015f\u0259kar K\u0130V-l\u0259r v\u0259 jurnalistl\u0259r \u00fc\u00e7\u00fcn yaratd\u0131\u011f\u0131 probleml\u0259rd\u0259n b\u0259hs ed\u0259r\u0259k, ke\u00e7iril\u0259n konfrans\u0131n bu sah\u0259d\u0259 yeni prosesl\u0259r\u0259 yol a\u00e7aca\u011f\u0131n\u0131 vur\u011fulay\u0131blar.<br \/>\nM\u0259lumat \u00fc\u00e7\u00fcn qeyd ed\u0259k ki, layih\u0259 \u00e7\u0259r\u00e7iv\u0259sind\u0259 \u00f6lk\u0259nin Q\u0259rb, C\u0259nub v\u0259 \u015eimal-\u015f\u0259rq b\u00f6lg\u0259sind\u0259 f\u0259aliyy\u0259t g\u00f6st\u0259r\u0259n media t\u0259msil\u00e7il\u0259ri \u00fc\u00e7\u00fcn seminarlar da ke\u00e7irilib. H\u0259m\u00e7inin, layih\u0259 \u00e7\u0259r\u00e7iv\u0259sind\u0259 media ekspertl\u0259ri v\u0259 h\u00fcquq\u015f\u00fcnaslar\u0131n i\u015ftirak\u0131 il\u0259 \u201cK\u0130V v\u0259 m\u00fc\u0259llif h\u00fcquqlar\u0131\u201d adl\u0131 v\u0259sait d\u0259 \u00e7ap edilib, jurnalistl\u0259r aras\u0131nda pulsuz paylan\u0131r.<\/p>\n","protected":false},"excerpt":{"rendered":"<p>M\u0130TD\u0130B.Bak\u0131.Mediada \u0130nnovativ T\u0259\u015f\u0259bb\u00fcsl\u0259r\u0259 D\u0259st\u0259k \u0130ctimai Birliyi (M\u0130TD\u0130B) Bak\u0131 \u015f\u0259h\u0259rind\u0259 \u201cK\u0130V v\u0259 m\u00fc\u0259llif h\u00fcquqlar\u0131\u201d m\u00f6vzusunda konfrans ke\u00e7irib. Beyn\u0259lxalq M\u0259tbuat M\u0259rk\u0259zind\u0259 ke\u00e7iril\u0259n konfransa K\u0130V t\u0259msil\u00e7il\u0259ri v\u0259 internet f\u0259allar\u0131 qat\u0131l\u0131blar. T\u0259dbir, Az\u0259rbaycan Respublikas\u0131n\u0131n Prezidenti yan\u0131nda Qeyri-H\u00f6kum\u0259t T\u0259\u015fkilatlar\u0131na D\u00f6vl\u0259t D\u0259st\u0259yi \u015euras\u0131n\u0131n maliyy\u0259 yard\u0131m\u0131 il\u0259 h\u0259yata ke\u00e7iril\u0259n \u201c\u0130nternet informasiya resursla-r\u0131nda m\u00fc\u0259llif h\u00fcquqlar\u0131n\u0131n qorunmas\u0131 t\u0259\u015f\u0259bb\u00fcsl\u0259rin\u0259 yard\u0131m\u201d layih\u0259si \u00e7\u0259r\u00e7iv\u0259sind\u0259 ba\u015f tutub.\u00a0Layih\u0259nin koordinatoru [&hellip;]<\/p>\n","protected":false},"author":2,"featured_media":0,"comment_status":"closed","ping_status":"closed","sticky":false,"template":"","format":"standard","meta":[],"categories":[1],"tags":[13],"_links":{"self":[{"href":"https:\/\/yeniterter.az\/index.php?rest_route=\/wp\/v2\/posts\/4246"}],"collection":[{"href":"https:\/\/yeniterter.az\/index.php?rest_route=\/wp\/v2\/posts"}],"about":[{"href":"https:\/\/yeniterter.az\/index.php?rest_route=\/wp\/v2\/types\/post"}],"author":[{"embeddable":true,"href":"https:\/\/yeniterter.az\/index.php?rest_route=\/wp\/v2\/users\/2"}],"replies":[{"embeddable":true,"href":"https:\/\/yeniterter.az\/index.php?rest_route=%2Fwp%2Fv2%2Fcomments&post=4246"}],"version-history":[{"count":0,"href":"https:\/\/yeniterter.az\/index.php?rest_route=\/wp\/v2\/posts\/4246\/revisions"}],"wp:attachment":[{"href":"https:\/\/yeniterter.az\/index.php?rest_route=%2Fwp%2Fv2%2Fmedia&parent=4246"}],"wp:term":[{"taxonomy":"category","embeddable":true,"href":"https:\/\/yeniterter.az\/index.php?rest_route=%2Fwp%2Fv2%2Fcategories&post=4246"},{"taxonomy":"post_tag","embeddable":true,"href":"https:\/\/yeniterter.az\/index.php?rest_route=%2Fwp%2Fv2%2Ftags&post=4246"}],"curies":[{"name":"wp","href":"https:\/\/api.w.org\/{rel}","templated":true}]}}