{"id":4218,"date":"2016-08-29T14:02:49","date_gmt":"2016-08-29T11:02:49","guid":{"rendered":"http:\/\/www.yeniterter.az\/?p=4218"},"modified":"2016-08-29T14:02:49","modified_gmt":"2016-08-29T11:02:49","slug":"avqustun%e2%80%8823-d%c9%99-az%c9%99rbaycanin%e2%80%88fuzuli%e2%80%88v%c9%99%e2%80%88c%c9%99brayil%e2%80%88avqustun%e2%80%8831-d%c9%99-is%c9%99-qubadli%e2%80%88rayonlarinin%e2%80%88erm%c9%99nistan","status":"publish","type":"post","link":"https:\/\/yeniterter.az\/?p=4218","title":{"rendered":"AVQUSTUN\u200823-d\u0259 AZ\u018fRBAYCANIN\u2008F\u00dcZUL\u0130\u2008V\u018f\u2008C\u018fBRAYIL,\u2008AVQUSTUN\u200831-d\u0259 \u0130S\u018f QUBADLI\u2008RAYONLARININ\u2008ERM\u018fN\u0130STAN\u2008T\u018fR\u018fF\u0130ND\u018fN\u2008\u0130\u015e\u011eAL\u2008OLUNMASININ\u2008 23-c\u00fc  \u0130L\u0130 \u2008TAMAM  OLDU"},"content":{"rendered":"<p><img decoding=\"async\" loading=\"lazy\" class=\" wp-image-4216 alignleft\" src=\"http:\/\/www.yeniterter.az\/wp-content\/uploads\/fuzuli-300x178.jpg\" alt=\"fuzuli\" width=\"170\" height=\"101\" srcset=\"https:\/\/yeniterter.az\/wp-content\/uploads\/fuzuli-300x178.jpg 300w, https:\/\/yeniterter.az\/wp-content\/uploads\/fuzuli.jpg 640w\" sizes=\"(max-width: 170px) 100vw, 170px\" \/>1993-c\u00fc il avqustun 23-d\u0259 F\u00fczuli rayonunun m\u0259rk\u0259zi v\u0259 51 k\u0259nd i\u015f\u011fal olunub.<br \/>\nRayonun \u00fcmumi sah\u0259si 1386 kv.kmdir.<br \/>\nRayonun i\u015f\u011faldan azad olunmu\u015f \u0259razisind\u0259 13 q\u0259s\u0259b\u0259 v\u0259 20 k\u0259nd var. Q\u0259s\u0259b\u0259l\u0259rd\u0259n 12-si i\u015f\u011faldan azad olunmu\u015f \u0259razid\u0259 yeni sal\u0131nm\u0131\u015f v\u0259 m\u0259cburi k\u00f6\u00e7k\u00fcn ail\u0259l\u0259ri m\u00fcv\u0259qq\u0259ti olaraq h\u0259min q\u0259s\u0259b\u0259l\u0259rd\u0259 yerl\u0259\u015fdirilib. Haz\u0131rda \u0259razid\u0259 51 min m\u0259cburi k\u00f6\u00e7k\u00fcn m\u0259skunla\u015f\u0131b.<\/p>\n","protected":false},"excerpt":{"rendered":"<p>1993-c\u00fc il avqustun 23-d\u0259 F\u00fczuli rayonunun m\u0259rk\u0259zi v\u0259 51 k\u0259nd i\u015f\u011fal olunub. Rayonun \u00fcmumi sah\u0259si 1386 kv.kmdir. Rayonun i\u015f\u011faldan azad olunmu\u015f \u0259razisind\u0259 13 q\u0259s\u0259b\u0259 v\u0259 20 k\u0259nd var. Q\u0259s\u0259b\u0259l\u0259rd\u0259n 12-si i\u015f\u011faldan azad olunmu\u015f \u0259razid\u0259 yeni sal\u0131nm\u0131\u015f v\u0259 m\u0259cburi k\u00f6\u00e7k\u00fcn ail\u0259l\u0259ri m\u00fcv\u0259qq\u0259ti olaraq h\u0259min q\u0259s\u0259b\u0259l\u0259rd\u0259 yerl\u0259\u015fdirilib. Haz\u0131rda \u0259razid\u0259 51 min m\u0259cburi k\u00f6\u00e7k\u00fcn m\u0259skunla\u015f\u0131b.<\/p>\n","protected":false},"author":2,"featured_media":0,"comment_status":"closed","ping_status":"closed","sticky":false,"template":"","format":"standard","meta":[],"categories":[10],"tags":[20],"_links":{"self":[{"href":"https:\/\/yeniterter.az\/index.php?rest_route=\/wp\/v2\/posts\/4218"}],"collection":[{"href":"https:\/\/yeniterter.az\/index.php?rest_route=\/wp\/v2\/posts"}],"about":[{"href":"https:\/\/yeniterter.az\/index.php?rest_route=\/wp\/v2\/types\/post"}],"author":[{"embeddable":true,"href":"https:\/\/yeniterter.az\/index.php?rest_route=\/wp\/v2\/users\/2"}],"replies":[{"embeddable":true,"href":"https:\/\/yeniterter.az\/index.php?rest_route=%2Fwp%2Fv2%2Fcomments&post=4218"}],"version-history":[{"count":0,"href":"https:\/\/yeniterter.az\/index.php?rest_route=\/wp\/v2\/posts\/4218\/revisions"}],"wp:attachment":[{"href":"https:\/\/yeniterter.az\/index.php?rest_route=%2Fwp%2Fv2%2Fmedia&parent=4218"}],"wp:term":[{"taxonomy":"category","embeddable":true,"href":"https:\/\/yeniterter.az\/index.php?rest_route=%2Fwp%2Fv2%2Fcategories&post=4218"},{"taxonomy":"post_tag","embeddable":true,"href":"https:\/\/yeniterter.az\/index.php?rest_route=%2Fwp%2Fv2%2Ftags&post=4218"}],"curies":[{"name":"wp","href":"https:\/\/api.w.org\/{rel}","templated":true}]}}