{"id":4210,"date":"2016-08-29T13:58:26","date_gmt":"2016-08-29T10:58:26","guid":{"rendered":"http:\/\/www.yeniterter.az\/?p=4210"},"modified":"2016-08-29T13:58:36","modified_gmt":"2016-08-29T10:58:36","slug":"4210","status":"publish","type":"post","link":"https:\/\/yeniterter.az\/?p=4210","title":{"rendered":""},"content":{"rendered":"<p><img decoding=\"async\" loading=\"lazy\" class=\" wp-image-4211 alignleft\" src=\"http:\/\/www.yeniterter.az\/wp-content\/uploads\/Qubadli-300x201.jpg\" alt=\"Qubadli\" width=\"178\" height=\"119\" srcset=\"https:\/\/yeniterter.az\/wp-content\/uploads\/Qubadli-300x201.jpg 300w, https:\/\/yeniterter.az\/wp-content\/uploads\/Qubadli.jpg 665w\" sizes=\"(max-width: 178px) 100vw, 178px\" \/>31 avqust Qubadl\u0131 rayonunun i\u015f\u011fal g\u00fcn\u00fcd\u00fcr. 1993-c\u00fc ild\u0259 Az\u0259rbaycan\u0131n c\u0259nub-q\u0259rbind\u0259 yerl\u0259\u015f\u0259n Qubadl\u0131 Erm\u0259nistan Silahl\u0131 Q\u00fcvv\u0259l\u0259ri t\u0259r\u0259find\u0259n z\u0259bt olunub. \u0130\u015f\u011fal n\u0259tic\u0259sind\u0259 rayonun 95 ya\u015fay\u0131\u015f m\u0259nt\u0259q\u0259si talan edilib v\u0259 yand\u0131r\u0131l\u0131b. Da\u011fl\u0131q \u0259raziy\u0259, \u0259lveri\u015fli co\u011frafi \u015f\u0259rait\u0259 malik G\u0259y\u0259n v\u0259 Yaz\u0131 d\u00fcz\u00fc, H\u0259k\u0259ri, B\u0259rg\u00fc\u015fad \u00e7aylar\u0131n\u0131n vadisind\u0259 yerl\u0259\u015f\u0259n Qubadl\u0131n\u0131n sah\u0259si 826 kv.kmdir. Haz\u0131rda rayonun 50 min\u0259d\u0259k \u0259halisi d\u0259d\u0259-baba yurdundan uzaqda, respublikan\u0131n 47 b\u00f6lg\u0259sind\u0259 m\u0259cburi k\u00f6\u00e7k\u00fcn h\u0259yat\u0131 ya\u015fay\u0131r.<\/p>\n","protected":false},"excerpt":{"rendered":"<p>31 avqust Qubadl\u0131 rayonunun i\u015f\u011fal g\u00fcn\u00fcd\u00fcr. 1993-c\u00fc ild\u0259 Az\u0259rbaycan\u0131n c\u0259nub-q\u0259rbind\u0259 yerl\u0259\u015f\u0259n Qubadl\u0131 Erm\u0259nistan Silahl\u0131 Q\u00fcvv\u0259l\u0259ri t\u0259r\u0259find\u0259n z\u0259bt olunub. \u0130\u015f\u011fal n\u0259tic\u0259sind\u0259 rayonun 95 ya\u015fay\u0131\u015f m\u0259nt\u0259q\u0259si talan edilib v\u0259 yand\u0131r\u0131l\u0131b. Da\u011fl\u0131q \u0259raziy\u0259, \u0259lveri\u015fli co\u011frafi \u015f\u0259rait\u0259 malik G\u0259y\u0259n v\u0259 Yaz\u0131 d\u00fcz\u00fc, H\u0259k\u0259ri, B\u0259rg\u00fc\u015fad \u00e7aylar\u0131n\u0131n vadisind\u0259 yerl\u0259\u015f\u0259n Qubadl\u0131n\u0131n sah\u0259si 826 kv.kmdir. Haz\u0131rda rayonun 50 min\u0259d\u0259k \u0259halisi d\u0259d\u0259-baba yurdundan uzaqda, [&hellip;]<\/p>\n","protected":false},"author":2,"featured_media":0,"comment_status":"closed","ping_status":"closed","sticky":false,"template":"","format":"standard","meta":[],"categories":[10],"tags":[20],"_links":{"self":[{"href":"https:\/\/yeniterter.az\/index.php?rest_route=\/wp\/v2\/posts\/4210"}],"collection":[{"href":"https:\/\/yeniterter.az\/index.php?rest_route=\/wp\/v2\/posts"}],"about":[{"href":"https:\/\/yeniterter.az\/index.php?rest_route=\/wp\/v2\/types\/post"}],"author":[{"embeddable":true,"href":"https:\/\/yeniterter.az\/index.php?rest_route=\/wp\/v2\/users\/2"}],"replies":[{"embeddable":true,"href":"https:\/\/yeniterter.az\/index.php?rest_route=%2Fwp%2Fv2%2Fcomments&post=4210"}],"version-history":[{"count":0,"href":"https:\/\/yeniterter.az\/index.php?rest_route=\/wp\/v2\/posts\/4210\/revisions"}],"wp:attachment":[{"href":"https:\/\/yeniterter.az\/index.php?rest_route=%2Fwp%2Fv2%2Fmedia&parent=4210"}],"wp:term":[{"taxonomy":"category","embeddable":true,"href":"https:\/\/yeniterter.az\/index.php?rest_route=%2Fwp%2Fv2%2Fcategories&post=4210"},{"taxonomy":"post_tag","embeddable":true,"href":"https:\/\/yeniterter.az\/index.php?rest_route=%2Fwp%2Fv2%2Ftags&post=4210"}],"curies":[{"name":"wp","href":"https:\/\/api.w.org\/{rel}","templated":true}]}}