{"id":4172,"date":"2016-08-18T11:56:00","date_gmt":"2016-08-18T08:56:00","guid":{"rendered":"http:\/\/www.yeniterter.az\/?p=4172"},"modified":"2016-08-18T11:56:00","modified_gmt":"2016-08-18T08:56:00","slug":"q%c9%99l%c9%99b%c9%99-bizim-olacaq","status":"publish","type":"post","link":"https:\/\/yeniterter.az\/?p=4172","title":{"rendered":"Q\u018fL\u018fB\u018f B\u0130Z\u0130M OLACAQ!"},"content":{"rendered":"<p><strong>\u00dcR\u018fKL\u018fR\u018f M\u018fLH\u018fM MEYV\u018f \u015e\u0130R\u018fS\u0130<\/strong><\/p>\n<p><img decoding=\"async\" loading=\"lazy\" class=\" wp-image-4173 alignleft\" src=\"http:\/\/www.yeniterter.az\/wp-content\/uploads\/IMG-20160801-WA0015-1-223x300.jpg\" alt=\"IMG-20160801-WA0015-1\" width=\"115\" height=\"155\" srcset=\"https:\/\/yeniterter.az\/wp-content\/uploads\/IMG-20160801-WA0015-1-223x300.jpg 223w, https:\/\/yeniterter.az\/wp-content\/uploads\/IMG-20160801-WA0015-1-768x1035.jpg 768w, https:\/\/yeniterter.az\/wp-content\/uploads\/IMG-20160801-WA0015-1-760x1024.jpg 760w, https:\/\/yeniterter.az\/wp-content\/uploads\/IMG-20160801-WA0015-1.jpg 842w\" sizes=\"(max-width: 115px) 100vw, 115px\" \/>2016-c\u0131 il, aprelin 2-si. T\u0259rt\u0259r rayonunun Qapanl\u0131 k\u0259ndi. Gec\u0259d\u0259n ba\u015flanan erm\u0259ni t\u0259xribat\u0131 sakinl\u0259r aras\u0131nda t\u0259\u015fvi\u015f yarad\u0131b. Dinc \u0259halid\u0259n \u00f6l\u0259nl\u0259r var. 7 n\u0259f\u0259r h\u0259rb\u00e7i yaralan\u0131b. At\u0131\u015fma is\u0259 davam edir. Evl\u0259rd\u0259 qalmaq t\u0259hl\u00fck\u0259lidir. B\u0259s bu qad\u0131n kimdir? O, h\u0259y\u0259t darvazas\u0131ndan \u00e7\u0131xaraq, titr\u0259k \u0259ll\u0259rind\u0259 zorla saxlad\u0131\u011f\u0131 o a\u011f\u0131r ye\u015fiyi hara apar\u0131r? Qad\u0131n yolun k\u0259nar\u0131na \u00e7at\u0131b dayan\u0131r. Y\u00fck\u00fcn\u00fc yer\u0259 qoyur v\u0259&#8230; il uzunu h\u0259y\u0259tinin m\u0259hsulundan haz\u0131rlad\u0131\u011f\u0131 meyv\u0259 \u015fir\u0259l\u0259rini \u00e7\u0131xararaq, d\u00f6-y\u00fc\u015fd\u0259n qay\u0131dan h\u0259rb\u00e7il\u0259r\u0259 uzad\u0131r:<br \/>\n\u2013\u0130\u00e7in, balalar\u0131m! Siz\u0259 qurban olum. Yax\u015f\u0131ca verdiniz o nankorlar\u0131n cavab\u0131n\u0131!<br \/>\nSeysulan istiqam\u0259tind\u0259 ged\u0259n a\u011f\u0131r vuru\u015fmada yaralananlar\u0131 d\u00f6y\u00fc\u015f meydan\u0131ndan t\u0259xriy\u0259 ed\u0259n snayper\u00e7i Nazim C\u0259f\u0259rzad\u0259 bu s\u0259hn\u0259ni g\u00f6r\u00fcb deyir:<br \/>\n\u2013\u00c7ox sa\u011f ol, ana! Narahat olma! Tezlikl\u0259 biz onlar\u0131n cavab\u0131n\u0131 el\u0259 ver\u0259ciyik ki, bir d\u0259 bu torpaqlara yax\u0131n d\u00fc\u015f\u0259 bilm\u0259y\u0259c\u0259kl\u0259r.<br \/>\nS\u0259rin meyv\u0259 \u015fir\u0259l\u0259ri yaral\u0131 d\u00f6y\u00fc\u015f\u00e7\u00fcl\u0259r\u0259 m\u0259lh\u0259m kimi t\u0259sir edir. Sanki bu m\u0259lh\u0259mi tan\u0131mad\u0131qlar\u0131 bir qad\u0131n\u0131n yox, el\u0259 \u00f6z analar\u0131n\u0131n \u0259lind\u0259n al\u0131b i\u00e7irl\u0259r. Nazim \u00f6z\u00fc yaral\u0131 olsa da, b\u00fct\u00fcn a\u011fr\u0131lar\u0131n\u0131 unudur. \u00dcz\u00fcnd\u0259ki ifad\u0259 d\u0259yi\u015fir&#8230;<br \/>\nBu hadis\u0259ni Nazim C\u0259f\u0259rzad\u0259 redaksiyam\u0131z\u0131n qona\u011f\u0131 olark\u0259n biz\u0259 dan\u0131\u015fd\u0131. Onu da \u0259lav\u0259 etdi ki, bu g\u00fcn Az\u0259rbaycan Ordusu \u00e7ox g\u00fccl\u00fcd\u00fcr, amma onu daha q\u00fcdr\u0259tli ed\u0259n xalq\u0131n m\u0259n\u0259vi d\u0259st\u0259yidir, bizim birliyimizdir.<!--more--><\/p>\n<p><strong>AVROPA \u0130K\u0130NC\u0130S\u0130<\/strong><br \/>\nNazim C\u0259f\u0259rzad\u0259 23 fevral 1981-ci ild\u0259 Masall\u0131da anadan olub. 1999-cu ild\u0259 h\u0259rbi xidm\u0259t\u0259 \u00e7a\u011f\u0131r\u0131l\u0131b. Xidm\u0259tini k\u0259\u015ffiyyat b\u00f6l\u00fcm\u00fcnd\u0259 davam etdirib. H\u0259rbi xidm\u0259tini ba\u015fa vurduqdan sonra, 2002-ci ilin fevral ay\u0131nda Silahl\u0131 Q\u00fcvv\u0259l\u0259rin T\u0259lim-T\u0259dris M\u0259rk\u0259zinin gizir haz\u0131rl\u0131\u011f\u0131 kursuna q\u0259bul olunub. H\u0259min ilin avqust ay\u0131nda kursu bitir\u0259r\u0259k k\u00f6n\u00fcll\u00fc olaraq x\u00fcsusi t\u0259yinatl\u0131 k\u0259\u015ffiyyat q\u00fcvv\u0259l\u0259rin\u0259 daxil olub. \u018fn \u00e7ox sevdiyi ixtisas snayper\u00e7i oldu\u011funa g\u00f6r\u0259, 2003-c\u00fc ild\u0259 T\u00fcrkiy\u0259 Respublikas\u0131n\u0131n Sparta \u015f\u0259h\u0259rind\u0259 7 ay m\u00fcdd\u0259tind\u0259 komando kursu ke\u00e7ib v\u0259 bu kursu ba\u015fa vurduqdan sonra Ankara \u015f\u0259h\u0259rind\u0259 Avropa \u00f6lk\u0259l\u0259ri aras\u0131nda ke\u00e7iril\u0259n \u201cSnayper \u00f6z\u0259l h\u0259r\u0259kat\u0131\u201d kursunu Avropa ikincisi olaraq bitirib.<\/p>\n<p><strong>APREL HAD\u0130S\u018fL\u018fR\u0130ND\u018f F\u018fRQL\u018fN\u018fN SNAYPER\u00c7\u0130<\/strong><br \/>\n\u00d6lk\u0259miz\u0259 qay\u0131td\u0131qdan sonra Nazim bir snayper\u00e7i kimi laz\u0131mi b\u00fct\u00fcn bilikl\u0259r\u0259 m\u00fck\u0259mm\u0259l yiy\u0259l\u0259nmi\u015fdi. Bu bilikl\u0259rl\u0259 d\u0259 xidm\u0259tini davam etdirir. Harada ona daha \u00e7ox ehtiyac duyulursa, o istiqam\u0259t\u0259 g\u00f6nd\u0259rilir. Aprel hadis\u0259l\u0259ri zaman\u0131 is\u0259 bacar\u0131ql\u0131 snayper\u00e7i d\u00fc\u015fm\u0259n t\u0259xribat\u0131n\u0131n qar\u015f\u0131s\u0131n\u0131n al\u0131nmas\u0131nda x\u00fcsusi f\u0259rql\u0259nib.<\/p>\n<p><strong>XO\u015eB\u018fXTL\u0130K<\/strong><br \/>\nNazim ail\u0259lidir, bir o\u011flu v\u0259 bir q\u0131z\u0131 var. O deyir ki, h\u0259rb\u00e7i, x\u00fcsusil\u0259 d\u0259 k\u0259\u015ffiyyat\u00e7\u0131 il\u0259 ail\u0259 quran qad\u0131n b\u00f6y\u00fck \u00fcr\u0259k sahibi olmal\u0131d\u0131r. \u00c7\u00fcnki o, daim g\u00f6zl\u0259m\u0259li v\u0259 ail\u0259 ba\u015f\u00e7\u0131s\u0131n\u0131n ev\u0259 sa\u011f-salamat d\u00f6nm\u0259si \u00fc\u00e7\u00fcn dua etm\u0259lidir. Ancaq b\u0259zi indiki ail\u0259l\u0259rd\u0259n f\u0259rqli olaraq bu ail\u0259d\u0259 h\u0259m d\u0259 y\u00fcks\u0259k m\u0259n\u0259vi m\u00fchit olur ki, bu da k\u0259\u015ffiyyat\u00e7\u0131 pe\u015f\u0259sind\u0259 \u00e7al\u0131\u015fanlardan \u00f6tr\u00fc m\u00fcasir silahlardan da \u00f6n\u0259mlidir.<br \/>\n\u2013Ananla tez-tez g\u00f6r\u00fc\u015f\u0259 bilirs\u0259nmi? \u2013dey\u0259 Nazimd\u0259n soru\u015furam.<br \/>\n\u2013Yox, ild\u0259 bir d\u0259f\u0259 ail\u0259ml\u0259 birlikd\u0259 do\u011fma Masall\u0131da istirah\u0259t edirik. Onda anam da, biz d\u0259 xo\u015fb\u0259xt oluruq. Anama \u00f6z i\u015fim haqq\u0131nda \u00e7ox dan\u0131\u015fm\u0131ram. Bilm\u0259s\u0259 yax\u015f\u0131d\u0131r. H\u0259rd\u0259n yaralar\u0131m\u0131 g\u00f6r\u00fcb k\u00f6vr\u0259lir. Ancaq bilir ki, V\u0259t\u0259ni qoruyuram. Ona g\u00f6r\u0259 d\u0259 m\u0259niml\u0259 f\u0259xr edir. \u0130st\u0259yir\u0259m o\u011flum da atas\u0131 kimi V\u0259t\u0259n\u0259 xidm\u0259t etsin, m\u0259n d\u0259 onunla \u00f6y\u00fcn\u00fcm.<br \/>\n\u2013Nazim deyir:<br \/>\nAprel hadis\u0259l\u0259ri zaman\u0131 t\u0259rt\u0259rlil\u0259rin f\u0259dakarl\u0131\u011f\u0131na heyran oldum. Q\u0259hr\u0259man camaatd\u0131r. \u0130ndi ham\u0131m\u0131z\u0131n birc\u0259 yolu var \u2013bu da Q\u0259l\u0259b\u0259y\u0259 aparan yoldur. Aprel hadis\u0259l\u0259ri bizi bu yola \u00e7\u0131xard\u0131, g\u00fcc\u00fcm\u00fcz\u00fc d\u00fcnyaya g\u00f6st\u0259rdi. \u0130n\u015fallah, g\u0259l\u0259c\u0259k q\u0259l\u0259b\u0259l\u0259r d\u0259 bizim olacaq!<\/p>\n<p style=\"text-align: right;\"><em><strong>Svetlana Bilalq\u0131z\u0131<\/strong><\/em><\/p>\n","protected":false},"excerpt":{"rendered":"<p>\u00dcR\u018fKL\u018fR\u018f M\u018fLH\u018fM MEYV\u018f \u015e\u0130R\u018fS\u0130 2016-c\u0131 il, aprelin 2-si. T\u0259rt\u0259r rayonunun Qapanl\u0131 k\u0259ndi. Gec\u0259d\u0259n ba\u015flanan erm\u0259ni t\u0259xribat\u0131 sakinl\u0259r aras\u0131nda t\u0259\u015fvi\u015f yarad\u0131b. Dinc \u0259halid\u0259n \u00f6l\u0259nl\u0259r var. 7 n\u0259f\u0259r h\u0259rb\u00e7i yaralan\u0131b. At\u0131\u015fma is\u0259 davam edir. Evl\u0259rd\u0259 qalmaq t\u0259hl\u00fck\u0259lidir. B\u0259s bu qad\u0131n kimdir? O, h\u0259y\u0259t darvazas\u0131ndan \u00e7\u0131xaraq, titr\u0259k \u0259ll\u0259rind\u0259 zorla saxlad\u0131\u011f\u0131 o a\u011f\u0131r ye\u015fiyi hara apar\u0131r? Qad\u0131n yolun k\u0259nar\u0131na [&hellip;]<\/p>\n","protected":false},"author":2,"featured_media":0,"comment_status":"closed","ping_status":"closed","sticky":false,"template":"","format":"standard","meta":[],"categories":[10],"tags":[20],"_links":{"self":[{"href":"https:\/\/yeniterter.az\/index.php?rest_route=\/wp\/v2\/posts\/4172"}],"collection":[{"href":"https:\/\/yeniterter.az\/index.php?rest_route=\/wp\/v2\/posts"}],"about":[{"href":"https:\/\/yeniterter.az\/index.php?rest_route=\/wp\/v2\/types\/post"}],"author":[{"embeddable":true,"href":"https:\/\/yeniterter.az\/index.php?rest_route=\/wp\/v2\/users\/2"}],"replies":[{"embeddable":true,"href":"https:\/\/yeniterter.az\/index.php?rest_route=%2Fwp%2Fv2%2Fcomments&post=4172"}],"version-history":[{"count":0,"href":"https:\/\/yeniterter.az\/index.php?rest_route=\/wp\/v2\/posts\/4172\/revisions"}],"wp:attachment":[{"href":"https:\/\/yeniterter.az\/index.php?rest_route=%2Fwp%2Fv2%2Fmedia&parent=4172"}],"wp:term":[{"taxonomy":"category","embeddable":true,"href":"https:\/\/yeniterter.az\/index.php?rest_route=%2Fwp%2Fv2%2Fcategories&post=4172"},{"taxonomy":"post_tag","embeddable":true,"href":"https:\/\/yeniterter.az\/index.php?rest_route=%2Fwp%2Fv2%2Ftags&post=4172"}],"curies":[{"name":"wp","href":"https:\/\/api.w.org\/{rel}","templated":true}]}}