{"id":4163,"date":"2016-08-18T11:38:13","date_gmt":"2016-08-18T08:38:13","guid":{"rendered":"http:\/\/www.yeniterter.az\/?p=4163"},"modified":"2016-08-18T11:42:43","modified_gmt":"2016-08-18T08:42:43","slug":"g%c9%99nc-%c9%99sg%c9%99r","status":"publish","type":"post","link":"https:\/\/yeniterter.az\/?p=4163","title":{"rendered":"G\u018fNC \u018fSG\u018fR"},"content":{"rendered":"<p><img decoding=\"async\" loading=\"lazy\" class=\"wp-image-4164 alignleft\" src=\"http:\/\/www.yeniterter.az\/wp-content\/uploads\/122-217x300.jpg\" alt=\"Exif_JPEG_420\" width=\"100\" height=\"138\" srcset=\"https:\/\/yeniterter.az\/wp-content\/uploads\/122-217x300.jpg 217w, https:\/\/yeniterter.az\/wp-content\/uploads\/122.jpg 322w\" sizes=\"(max-width: 100px) 100vw, 100px\" \/><\/p>\n<p>Rayonumuzdak\u0131 Heyd\u0259r Park\u0131nda g\u0259ncl\u0259rin h\u0259rbi xidm\u0259t\u0259 yolasalma m\u0259rasimi ke\u00e7irilirdi. M\u0259rasimd\u0259 Nurlan \u018fl\u0259kb\u0259rlinin valideynl\u0259ri d\u0259 i\u015ftirak edirdil\u0259r. Onlar\u0131n h\u0259r ikisi \u00e7\u0131x\u0131\u015f ed\u0259r\u0259k h\u0259rbi xidm\u0259t\u0259 yola d\u00fc\u015f\u0259n b\u00fct\u00fcn g\u0259ncl\u0259r\u0259 V\u0259t\u0259n\u0259 layiqinc\u0259 xidm\u0259t etm\u0259yi t\u00f6vsiy\u0259 etdil\u0259r.\u00a0Nurlan\u0131n atas\u0131 Az\u0259r Quliyev I Qaraba\u011f v\u0259 \u018ffqan\u0131stan m\u00fcharib\u0259l\u0259ri veteran\u0131d\u0131r. II qrup \u0259lildir. Anas\u0131 M\u0259rziy\u0259 xan\u0131m Nurlana v\u0259t\u0259nimizi atas\u0131 kimi sevm\u0259yi v\u0259 qoruma\u011f\u0131 arzulad\u0131.<br \/>\nArt\u0131q Nurlan\u0131n xidm\u0259t etdiyi h\u0259rbi hiss\u0259d\u0259 andi\u00e7m\u0259 m\u0259rasimi ke\u00e7irilib. T\u0259dbird\u0259 i\u015ftirak ed\u0259n valideynl\u0259r rayonumuza sevinc hissi il\u0259 qay\u0131d\u0131blar. \u00c7\u00fcnki komandirl\u0259r g\u0259nc \u0259sg\u0259rin xidm\u0259tind\u0259n raz\u0131d\u0131rlar.<br \/>\nQeyd ed\u0259k ki, Nurlan \u018fl\u0259kb\u0259rli rayonumuzdak\u0131 texniki pe\u015f\u0259 m\u0259kt\u0259bind\u0259 s\u00fcr\u00fcc\u00fcl\u00fck ixtisas\u0131na yiy\u0259l\u0259nib v\u0259 Bak\u0131 D\u00f6vl\u0259t Sosial-\u0130qtisad Kollecinin yol h\u0259r\u0259k\u0259tinin t\u0259\u015fkili fak\u00fclt\u0259sini bitirib. O, h\u0259m d\u0259 bacar\u0131ql\u0131 idman\u00e7\u0131d\u0131r. B\u00fct\u00fcn bunlar h\u0259rbi xidm\u0259t zaman\u0131 onun k\u00f6m\u0259yin\u0259 \u00e7at\u0131r.<\/p>\n<p style=\"text-align: right;\"><em><strong>K\u0259nan H\u00fcseynzad\u0259<\/strong><\/em><\/p>\n","protected":false},"excerpt":{"rendered":"<p>Rayonumuzdak\u0131 Heyd\u0259r Park\u0131nda g\u0259ncl\u0259rin h\u0259rbi xidm\u0259t\u0259 yolasalma m\u0259rasimi ke\u00e7irilirdi. M\u0259rasimd\u0259 Nurlan \u018fl\u0259kb\u0259rlinin valideynl\u0259ri d\u0259 i\u015ftirak edirdil\u0259r. Onlar\u0131n h\u0259r ikisi \u00e7\u0131x\u0131\u015f ed\u0259r\u0259k h\u0259rbi xidm\u0259t\u0259 yola d\u00fc\u015f\u0259n b\u00fct\u00fcn g\u0259ncl\u0259r\u0259 V\u0259t\u0259n\u0259 layiqinc\u0259 xidm\u0259t etm\u0259yi t\u00f6vsiy\u0259 etdil\u0259r.\u00a0Nurlan\u0131n atas\u0131 Az\u0259r Quliyev I Qaraba\u011f v\u0259 \u018ffqan\u0131stan m\u00fcharib\u0259l\u0259ri veteran\u0131d\u0131r. II qrup \u0259lildir. Anas\u0131 M\u0259rziy\u0259 xan\u0131m Nurlana v\u0259t\u0259nimizi atas\u0131 kimi sevm\u0259yi v\u0259 qoruma\u011f\u0131 [&hellip;]<\/p>\n","protected":false},"author":2,"featured_media":0,"comment_status":"closed","ping_status":"closed","sticky":false,"template":"","format":"standard","meta":[],"categories":[10],"tags":[20],"_links":{"self":[{"href":"https:\/\/yeniterter.az\/index.php?rest_route=\/wp\/v2\/posts\/4163"}],"collection":[{"href":"https:\/\/yeniterter.az\/index.php?rest_route=\/wp\/v2\/posts"}],"about":[{"href":"https:\/\/yeniterter.az\/index.php?rest_route=\/wp\/v2\/types\/post"}],"author":[{"embeddable":true,"href":"https:\/\/yeniterter.az\/index.php?rest_route=\/wp\/v2\/users\/2"}],"replies":[{"embeddable":true,"href":"https:\/\/yeniterter.az\/index.php?rest_route=%2Fwp%2Fv2%2Fcomments&post=4163"}],"version-history":[{"count":0,"href":"https:\/\/yeniterter.az\/index.php?rest_route=\/wp\/v2\/posts\/4163\/revisions"}],"wp:attachment":[{"href":"https:\/\/yeniterter.az\/index.php?rest_route=%2Fwp%2Fv2%2Fmedia&parent=4163"}],"wp:term":[{"taxonomy":"category","embeddable":true,"href":"https:\/\/yeniterter.az\/index.php?rest_route=%2Fwp%2Fv2%2Fcategories&post=4163"},{"taxonomy":"post_tag","embeddable":true,"href":"https:\/\/yeniterter.az\/index.php?rest_route=%2Fwp%2Fv2%2Ftags&post=4163"}],"curies":[{"name":"wp","href":"https:\/\/api.w.org\/{rel}","templated":true}]}}