{"id":4160,"date":"2016-08-18T11:33:10","date_gmt":"2016-08-18T08:33:10","guid":{"rendered":"http:\/\/www.yeniterter.az\/?p=4160"},"modified":"2016-08-18T11:33:10","modified_gmt":"2016-08-18T08:33:10","slug":"az%c9%99rbaycan-bayragi-ordenli-sahlar-allahverdiyev","status":"publish","type":"post","link":"https:\/\/yeniterter.az\/?p=4160","title":{"rendered":"\u201cAZ\u018fRBAYCAN BAYRA\u011eI\u201d ORDENL\u0130 \u015eAHLAR ALLAHVERD\u0130YEV"},"content":{"rendered":"<p><img decoding=\"async\" loading=\"lazy\" class=\" wp-image-4161 alignleft\" src=\"http:\/\/www.yeniterter.az\/wp-content\/uploads\/01-3-223x300.jpg\" alt=\"01\" width=\"114\" height=\"153\" srcset=\"https:\/\/yeniterter.az\/wp-content\/uploads\/01-3-223x300.jpg 223w, https:\/\/yeniterter.az\/wp-content\/uploads\/01-3-768x1033.jpg 768w, https:\/\/yeniterter.az\/wp-content\/uploads\/01-3-761x1024.jpg 761w, https:\/\/yeniterter.az\/wp-content\/uploads\/01-3.jpg 793w\" sizes=\"(max-width: 114px) 100vw, 114px\" \/>M\u0259nsim Allahverdiyevgilin ail\u0259si atas\u0131 1937-ci ild\u0259 s\u00fcrg\u00fcn edildikd\u0259n sonra Qubadl\u0131 rayonundan k\u00f6\u00e7m\u0259li olur. Na\u00e7ar qald\u0131qlar\u0131 bir zamanda na\u00fcmid yollar onlar\u0131 bir ne\u00e7\u0259 yeri d\u0259yi\u015fdikd\u0259n sonra 1943-c\u00fc ild\u0259 T\u0259rt\u0259r rayonuna g\u0259tirib \u00e7\u0131xar\u0131r. Xeyirxah insanlar\u0131n qay\u011f\u0131s\u0131 v\u0259 k\u00f6m\u0259kliyi il\u0259 Sarov k\u0259ndind\u0259 yerl\u0259\u015firl\u0259r. G\u00fcnl\u0259r ke\u00e7ib ill\u0259rl\u0259 \u0259v\u0259z olunur. Ail\u0259 k\u0259nd camaat\u0131 il\u0259 qaynay\u0131b-qar\u0131\u015f\u0131r, xo\u015fb\u0259xt g\u00fcnl\u0259rin say\u0131 art\u0131r. O\u011ful-q\u0131z\u0131n h\u0259yata g\u0259li\u015fi \u00f6zl\u0259ri il\u0259 b\u0259rab\u0259r ail\u0259y\u0259 b\u0259xt\u0259v\u0259rlik g\u0259tirir. Yurd h\u0259sr\u0259tinin yaras\u0131 yava\u015f-yava\u015f qaysaqlama\u011fa ba\u015flay\u0131r&#8230;<br \/>\nM\u0259nsim ki\u015finin evind\u0259 be\u015f \u00f6vlad d\u00fcnyaya g\u0259lmi\u015fdir. D\u00f6rd o\u011flan, bir q\u0131z. Suqra xala \u00f6vladlar\u0131 b\u00f6y\u00fcd\u00fckc\u0259 boylar\u0131na bax\u0131b f\u0259r\u0259hl\u0259nirdi. Ail\u0259ni g\u00f6zl\u0259y\u0259n b\u0259db\u0259xtlikd\u0259n n\u0259 atan\u0131n, n\u0259 d\u0259 anan\u0131n x\u0259b\u0259ri yoxuydu. Bilmirdil\u0259r ki, q\u0259fl\u0259ti hadis\u0259l\u0259r onlar\u0131n xo\u015fb\u0259xt h\u0259yat\u0131na a\u011f\u0131r z\u0259rb\u0259l\u0259r vuracaq, b\u0259xt\u0259v\u0259r ya\u015fanan g\u00fcnl\u0259ri k\u0259d\u0259r\u0259,niskil\u0259 b\u00fcr\u00fcy\u0259c\u0259k, bir-birinin ard\u0131nca iki \u00f6vlad\u0131n\u0131n h\u0259yat\u0131na son qoyacaq&#8230;<br \/>\nAil\u0259nin yegan\u0259 q\u0131z\u0131 Lal\u0259 tibb institutunun 4-c\u00fc kursunda t\u0259hsil al\u0131rd\u0131. 1993-c\u00fc il avqust ay\u0131n\u0131n 14-\u00fc idi. \u00d6z\u00fcn\u0259 geyim-kecim alma\u011fa G\u0259nc\u0259 \u015f\u0259h\u0259rin\u0259 getmi\u015fdi. Bazarda al\u0131\u015f-veri\u015f ed\u0259rk\u0259n o zamank\u0131 qarda\u015f q\u0131r\u011f\u0131n\u0131n\u0131n t\u00fc\u011fyan etdiyi bir vaxtda at\u0131lm\u0131\u015f g\u00fcll\u0259nin qurban\u0131na \u00e7evrildi. Ail\u0259nin qara g\u00fcnl\u0259ri d\u0259 o vaxtdan ba\u015flad\u0131. Ka\u015f bel\u0259 olmayayd\u0131!&#8230;<br \/>\n\u015eahlar Allahverdiyev ail\u0259d\u0259 \u00fc\u00e7\u00fcnc\u00fc o\u011flan\u0131yd\u0131. 1964-c\u00fc il iyul ay\u0131n\u0131n 19-da anadan olmu\u015fdu. \u0130lk t\u0259hsilini d\u0259 el\u0259 ya\u015fad\u0131\u011f\u0131 Sarov k\u0259ndind\u0259 alm\u0131\u015fd\u0131. H\u0259rbi xidm\u0259tini Sovet Ordusu s\u0131ralar\u0131nda ke\u00e7mi\u015fdi, \u00f6z\u00fc d\u0259 xaricd\u0259\u2013Almaniyada. Mina t\u0259mizl\u0259y\u0259n olmu\u015fdu. H\u0259rbid\u0259n qay\u0131td\u0131qdan sonra do\u011fma k\u0259ndl\u0259rind\u0259 qalaraq orada kolxoz i\u015fl\u0259rind\u0259 \u00e7al\u0131\u015fm\u0131\u015fd\u0131. Az\u0259rbaycan K\u0259nd T\u0259s\u0259rr\u00fcfat\u0131 \u0130nstitutunun aqronomluq fak\u00fclt\u0259sind\u0259 t\u0259hsil al\u0131rd\u0131.<!--more--><br \/>\n\u00d6lk\u0259mizd\u0259 Qaraba\u011f u\u011frunda \u00f6l\u00fcm-qal\u0131m sava\u015f\u0131 ba\u015flam\u0131\u015fd\u0131. \u018fli silah tutan, \u00fcr\u0259yind\u0259 t\u0259p\u0259ri olanlar V\u0259t\u0259nin m\u00fcdafi\u0259sin\u0259 qalx\u0131rd\u0131lar. 28 ya\u015fl\u0131 g\u0259nc \u015eahlar da \u00fcr\u0259yi t\u0259p\u0259rlil\u0259r s\u0131ras\u0131ndayd\u0131. 1992-ci ilin may ay\u0131nda k\u00f6n\u00fcll\u00fc olaraq T\u0259rt\u0259r \u00d6z\u00fcn\u00fcm\u00fcdafi\u0259 Batalyonuna daxil olmu\u015fdu. H\u0259rbi hiss\u0259d\u0259 m\u00fch\u0259ndis istehkam xidm\u0259tin\u0259 zabit kimi q\u0259bul olunmu\u015fdu. Batalyonun t\u0259rkibind\u0259ki \u0259n qo\u00e7aq o\u011flanlardan\u0131yd\u0131. Xidm\u0259t etdiyi zaman dem\u0259k olar ki, A\u011fd\u0259r\u0259 v\u0259 \u0259traf k\u0259ndl\u0259rin\u2013Marqu\u015favan, V\u0259ng, Drombon, \u00c7\u0131ld\u0131ran, Umudlu, Mehmana u\u011frunda ged\u0259n d\u00f6y\u00fc\u015fl\u0259rd\u0259 b\u00f6y\u00fck \u015f\u00fcca\u0259tl\u0259r g\u00f6st\u0259rmi\u015fdi. \u015eahlar\u0131n igidliyi he\u00e7 k\u0259sin diqq\u0259tind\u0259n yay\u0131nm\u0131rd\u0131. El\u0259 ona g\u00f6r\u0259 d\u0259 1992-ci ilin dekabr ay\u0131nda M\u00fcdafi\u0259 Nazirinin \u0259mri il\u0259 190 say\u0131l\u0131 h\u0259rbi hiss\u0259nin m\u00fch\u0259ndis-istehkam xidm\u0259tinin r\u0259isi t\u0259yin olundu. H\u0259rbi xidm\u0259td\u0259 oldu\u011fu zamanlarda y\u00fczl\u0259rl\u0259 minan\u0131 z\u0259r\u0259rsizl\u0259\u015fdirdi.<br \/>\n\u015eahlar\u0131n q\u0259lbind\u0259 d\u00fc\u015fm\u0259n\u0259 qar\u015f\u0131 kin-k\u00fcdur\u0259t var\u0131yd\u0131. H\u0259m torpaqlar\u0131m\u0131z\u0131n g\u00fcnd\u0259n-g\u00fcn\u0259 erm\u0259nil\u0259r t\u0259r\u0259find\u0259n i\u015f\u011fal olunmas\u0131, h\u0259m d\u0259 yegan\u0259 bac\u0131s\u0131 Lal\u0259nin \u00f6l\u00fcm\u00fc onu \u00e7ox sars\u0131d\u0131rd\u0131. Sanki bu g\u00fcl\u0259r\u00fczl\u00fc o\u011flan\u0131n q\u0259lbind\u0259 bir f\u0131rt\u0131na qopurdu, bir nifr\u0259t vulkan\u0131 \u00e7a\u011flay\u0131rd\u0131. D\u00f6y\u00fc\u015f meydan\u0131na at\u0131lark\u0259n yaln\u0131z qisas almaq ist\u0259yirdi, g\u00f6zl\u0259rin\u0259 he\u00e7 n\u0259 g\u00f6r\u00fcnm\u00fcrd\u00fc. D\u00f6y\u00fc\u015fl\u0259rd\u0259n u\u011furla qay\u0131danda \u00fcr\u0259yind\u0259 bir sevinc q\u0131\u011f\u0131lc\u0131m\u0131 yaran\u0131rd\u0131. Ev\u0259 g\u0259l\u0259n zaman valideynl\u0259rinin k\u00f6nl\u00fcn\u00fc alaraq v\u0259t\u0259ninin, o c\u00fcml\u0259d\u0259n \u015f\u0259hid olmu\u015f igidl\u0259rimizin qisas\u0131n\u0131 alaca\u011f\u0131n\u0131 s\u00f6yl\u0259yirdi,<br \/>\nT\u0259\u0259ss\u00fcf ki, 1994-c\u00fc ilin aprelin 13-d\u0259 A\u011fdam istiqam\u0259tind\u0259 ged\u0259n d\u00f6y\u00fc\u015f \u015eahlar\u0131n sonuncu d\u00f6y\u00fc\u015f\u00fc oldu. O, G\u00fcll\u00fcc\u0259 k\u0259ndi u\u011frunda ged\u0259n sava\u015f zaman\u0131 \u015f\u0259hid oldu. 1994-c\u00fc il aprelin 14-d\u0259 b\u00f6y\u00fcy\u00fcb boya-ba\u015fa \u00e7atd\u0131\u011f\u0131 Sarov k\u0259ndind\u0259 torpa\u011fa tap\u015f\u0131r\u0131ld\u0131. \u00d6z\u00fc il\u0259 b\u0259rab\u0259r erm\u0259nil\u0259r\u0259 olan nifr\u0259tini, qisas almaq arzusunu, bir d\u0259 \u00fcr\u0259yind\u0259ki ni\u015fanl\u0131s\u0131na olan sevgisini q\u0259br\u0259 apard\u0131. Arzular\u0131 pu\u00e7 olmu\u015f \u00f6vlad d\u0259rdin\u0259 anan\u0131n \u00fcr\u0259yi nec\u0259 d\u00f6zs\u00fcn, atan\u0131n qam\u0259ti nec\u0259 d\u00fcz qals\u0131n?!<br \/>\nYax\u015f\u0131 ki xalq\u0131m\u0131z q\u0259dirbil\u0259n xalqd\u0131r. D\u00f6vl\u0259timiz v\u0259t\u0259n u\u011frunda \u015f\u0259hid olan o\u011fullar\u0131n\u0131n q\u0259hr\u0259man\u0131l\u0131\u011f\u0131n\u0131 unutmur, onu layiqinc\u0259 qiym\u0259tl\u0259ndirir. \u015eahlar\u0131n da igidliyi unudulmad\u0131. \u00d6l\u00fcm\u00fcnd\u0259n sonra t\u0259hsil ald\u0131\u011f\u0131 Az\u0259rbaycan K\u0259nd T\u0259s\u0259rr\u00fc-fat\u0131 \u0130nstitutunun qar\u015f\u0131s\u0131nda b\u00fcst\u00fc qoyuldu, \u201cAz\u0259rbaycan Bayra\u011f\u0131\u201d ordeni il\u0259 t\u0259ltif olundu. Bu ilin iyul ay\u0131nda is\u0259 b\u00f6y\u00fc-d\u00fcy\u00fc k\u0259ndin\u2013Sarov k\u0259nd x\u0259st\u0259xanas\u0131n\u0131n h\u0259y\u0259tind\u0259 b\u00fcst\u00fc qoyularaq, bu s\u0259hiyy\u0259 oca\u011f\u0131na onun ad\u0131 verildi. \u015eahlar\u0131n igidliyin\u0259 veril\u0259n qiym\u0259t ya\u015fla\u015fm\u0131\u015f atan\u0131n \u00fcr\u0259yin\u0259 bir t\u0259s\u0259lli olur, s\u0259rinlik \u00e7il\u0259yir. D\u00fc\u015f\u00fcn\u00fcr ki, o\u011flunu u\u011frunda \u015f\u0259hid oldu\u011fu v\u0259t\u0259nin v\u0259t\u0259nda\u015flar\u0131 unutmur, onun \u015f\u0259hid ad\u0131n\u0131 uca tutaraq qiym\u0259tl\u0259ndirirl\u0259r. Bu o dem\u0259kdir ki, \u201c\u015e\u0259hidl\u0259r \u00f6lm\u0259z, V\u0259t\u0259n b\u00f6l\u00fcnm\u0259z\u201d! V\u0259t\u0259nin o\u011flu da, q\u0131z\u0131 da el\u0259 bu v\u0259t\u0259nin torpa\u011f\u0131d\u0131r, da\u015f\u0131d\u0131r, he\u00e7 zaman qurumayan, co\u015fub-\u00e7a\u011flayan, bal kimi bula\u011f\u0131d\u0131r, zaman-zaman \u00e7a\u011flayacaq.<\/p>\n<p style=\"text-align: right;\"><strong><em>Elfuz\u0259 V\u0259liyeva<\/em> <\/strong><\/p>\n","protected":false},"excerpt":{"rendered":"<p>M\u0259nsim Allahverdiyevgilin ail\u0259si atas\u0131 1937-ci ild\u0259 s\u00fcrg\u00fcn edildikd\u0259n sonra Qubadl\u0131 rayonundan k\u00f6\u00e7m\u0259li olur. Na\u00e7ar qald\u0131qlar\u0131 bir zamanda na\u00fcmid yollar onlar\u0131 bir ne\u00e7\u0259 yeri d\u0259yi\u015fdikd\u0259n sonra 1943-c\u00fc ild\u0259 T\u0259rt\u0259r rayonuna g\u0259tirib \u00e7\u0131xar\u0131r. Xeyirxah insanlar\u0131n qay\u011f\u0131s\u0131 v\u0259 k\u00f6m\u0259kliyi il\u0259 Sarov k\u0259ndind\u0259 yerl\u0259\u015firl\u0259r. G\u00fcnl\u0259r ke\u00e7ib ill\u0259rl\u0259 \u0259v\u0259z olunur. Ail\u0259 k\u0259nd camaat\u0131 il\u0259 qaynay\u0131b-qar\u0131\u015f\u0131r, xo\u015fb\u0259xt g\u00fcnl\u0259rin say\u0131 art\u0131r. O\u011ful-q\u0131z\u0131n [&hellip;]<\/p>\n","protected":false},"author":2,"featured_media":0,"comment_status":"closed","ping_status":"closed","sticky":false,"template":"","format":"standard","meta":[],"categories":[10],"tags":[20],"_links":{"self":[{"href":"https:\/\/yeniterter.az\/index.php?rest_route=\/wp\/v2\/posts\/4160"}],"collection":[{"href":"https:\/\/yeniterter.az\/index.php?rest_route=\/wp\/v2\/posts"}],"about":[{"href":"https:\/\/yeniterter.az\/index.php?rest_route=\/wp\/v2\/types\/post"}],"author":[{"embeddable":true,"href":"https:\/\/yeniterter.az\/index.php?rest_route=\/wp\/v2\/users\/2"}],"replies":[{"embeddable":true,"href":"https:\/\/yeniterter.az\/index.php?rest_route=%2Fwp%2Fv2%2Fcomments&post=4160"}],"version-history":[{"count":0,"href":"https:\/\/yeniterter.az\/index.php?rest_route=\/wp\/v2\/posts\/4160\/revisions"}],"wp:attachment":[{"href":"https:\/\/yeniterter.az\/index.php?rest_route=%2Fwp%2Fv2%2Fmedia&parent=4160"}],"wp:term":[{"taxonomy":"category","embeddable":true,"href":"https:\/\/yeniterter.az\/index.php?rest_route=%2Fwp%2Fv2%2Fcategories&post=4160"},{"taxonomy":"post_tag","embeddable":true,"href":"https:\/\/yeniterter.az\/index.php?rest_route=%2Fwp%2Fv2%2Ftags&post=4160"}],"curies":[{"name":"wp","href":"https:\/\/api.w.org\/{rel}","templated":true}]}}