{"id":4153,"date":"2016-08-18T11:07:59","date_gmt":"2016-08-18T08:07:59","guid":{"rendered":"http:\/\/www.yeniterter.az\/?p=4153"},"modified":"2016-08-18T11:07:59","modified_gmt":"2016-08-18T08:07:59","slug":"yaddasimda-qalan-izl%c9%99r","status":"publish","type":"post","link":"https:\/\/yeniterter.az\/?p=4153","title":{"rendered":"YADDA\u015eIMDA QALAN \u0130ZL\u018fR&#8230;"},"content":{"rendered":"<p>1998-ci ilin sonuna yax\u0131n T\u0259rt\u0259r q\u0259zetinin v\u0259sait \u00e7at\u0131\u015fmazl\u0131\u011f\u0131 ucbat\u0131ndan 7 il ba\u011flanmas\u0131 m\u0259nim yax\u015f\u0131 yad\u0131mdad\u0131r.<br \/>\nBu tarixi ona g\u00f6r\u0259 yax\u015f\u0131 xat\u0131rlay\u0131ram ki, h\u0259l\u0259 \u00f6t\u0259n \u0259srin 70-ci ill\u0259rind\u0259n rayon q\u0259zetinin h\u0259m yax\u0131n oxucusu, h\u0259m d\u0259 p\u0259r\u0259sti\u015fkar\u0131 olmu\u015fam.<br \/>\nSovetl\u0259r d\u00f6n\u0259mind\u0259 bizim d\u00f6rd qon\u015fu k\u0259nd birlikd\u0259 \u201c\u00d6zb\u0259kistan\u201d kolxozu adlan\u0131rd\u0131. M\u0259n o zaman kolxozda pamb\u0131q\u00e7\u0131l\u0131q briqadiri i\u015fl\u0259yirdim. Rayon q\u0259zetind\u0259 m\u0259nim ba\u015f\u00e7\u0131l\u0131q etdiyim kollektivin yax\u015f\u0131 i\u015find\u0259n h\u0259mi\u015f\u0259 yaz\u0131lar d\u0259rc olunard\u0131. Ona g\u00f6r\u0259 d\u0259 ham\u0131m\u0131z q\u0259zetin h\u0259r yeni n\u00f6mr\u0259sini s\u0259birsizlikl\u0259 g\u00f6zl\u0259yirdik. O zaman d\u0259f\u0259l\u0259rl\u0259 qon\u015fu t\u0259s\u0259rr\u00fcfatlar aras\u0131nda ged\u0259n sosializm yar\u0131\u015f\u0131n\u0131n qalibi olurduq. Ad\u0131m\u0131z h\u0259mi\u015f\u0259 qabaqc\u0131llar s\u0131ras\u0131nda \u00e7\u0259kilirdi.<br \/>\nH\u0259tta yad\u0131mdad\u0131r ki, Ulu \u00d6nd\u0259r Heyd\u0259r \u018fliyev T\u0259rt\u0259r\u0259 g\u0259l\u0259nd\u0259 qabaqc\u0131l kolxoz kimi bizim t\u0259s\u0259rr\u00fcfat\u0131n pamb\u0131q tarlalar\u0131n\u0131 g\u0259zmi\u015f, \u0259m\u0259k\u00e7il\u0259rl\u0259 g\u00f6r\u00fc\u015f\u00fcb s\u00f6hb\u0259t etmi\u015f, \u015f\u0259kil \u00e7\u0259kdirmi\u015fdir. Bu biz\u0259 qol-qanad ver\u0259r, i\u015fl\u0259m\u0259k h\u0259v\u0259si-mizi bir\u0259on qat art\u0131rard\u0131. Onda ham\u0131 q\u0259zeti \u0259l-\u0259l axtarar. Ulu \u00d6nd\u0259rl\u0259 \u00e7\u0259kdirdikl\u0259ri \u015f\u0259kill\u0259r\u0259 bax\u0131b q\u00fcrur hissi ke\u00e7ir\u0259rdil\u0259r. Rayon q\u0259zetini bir d\u0259 ona g\u00f6r\u0259 cox sevirik ki, onun s\u0259hif\u0259l\u0259rind\u0259 rayonda g\u00f6r\u00fcl\u0259n i\u015fl\u0259r i\u015f\u0131qland\u0131r\u0131l\u0131r, gerid\u0259 qalanlar t\u0259nqid olunard\u0131. O vaxtlar q\u0259zetin h\u0259r bir t\u0259nqidi \u00e7\u0131x\u0131\u015f\u0131na rayon partiya komit\u0259sind\u0259 ciddi yana\u015f\u0131lar, h\u0259min adam\u0131n m\u0259s\u0259l\u0259sin\u0259 rayon partiya komit\u0259sinin b\u00fcro iclas\u0131nda bax\u0131lar, haqq\u0131nda laz\u0131mi t\u0259dbir g\u00f6r\u00fcl\u0259rdi.<br \/>\nBa\u015fqa s\u00f6zl\u0259 des\u0259k, q\u0259zet rayon h\u0259yat\u0131n\u0131n g\u00fczg\u00fcs\u00fc missiyas\u0131n\u0131 yerin\u0259 yetir\u0259rdi. \u201cQ\u0131z\u0131l Bayraq\u201d sonralar \u201cT\u0259rt\u0259r\u201d ad\u0131 alt\u0131nda d\u0259rc olunma\u011fa ba\u015flad\u0131.<!--more--><br \/>\n\u0130ndinin \u00f6z\u00fcnd\u0259 d\u0259 bir fermer, ail\u0259 fermer t\u0259s\u0259rr\u00fcfat\u0131n\u0131n ba\u015f\u00e7\u0131s\u0131 kimi yen\u0259 rayon q\u0259zeti il\u0259 vaxta\u015f\u0131r\u0131 \u0259laq\u0259 saxlay\u0131ram. D\u0259mir\u00e7il\u0259r k\u0259nd icra n\u00fcmay\u0259nd\u0259liyin\u0259 gedir (ax\u0131, onlar m\u00fcnt\u0259z\u0259m rayon q\u0259zeti al\u0131rlar), oradan q\u0259zetl\u0259ri g\u00f6t\u00fcr\u00fcb m\u00fctali\u0259 edir\u0259m. N\u00fcmay\u0259nd\u0259liyin i\u015f\u00e7il\u0259ri m\u0259ni g\u00f6r\u0259n kimi zarafatyana deyirll\u0259r ki, H\u0259s\u0259nov g\u0259lib q\u0259zetl\u0259r\u0259 baxma\u011fa. Bu m\u0259nim 35-40 il bundan \u0259vv\u0259l q\u0259zet\u0259 olan mara\u011f\u0131mdan ir\u0259li g\u0259lir. Bu v\u0259rdi\u015fi, bu xasiyy\u0259ti hec vaxt unuda bilmir\u0259m.<\/p>\n<p style=\"text-align: right;\"><strong><em>\u018fjd\u0259r H\u0259s\u0259nov, <\/em><\/strong><br \/>\n<strong><em>D\u0259mir\u00e7il\u0259r k\u0259ndi<\/em> <\/strong><\/p>\n","protected":false},"excerpt":{"rendered":"<p>1998-ci ilin sonuna yax\u0131n T\u0259rt\u0259r q\u0259zetinin v\u0259sait \u00e7at\u0131\u015fmazl\u0131\u011f\u0131 ucbat\u0131ndan 7 il ba\u011flanmas\u0131 m\u0259nim yax\u015f\u0131 yad\u0131mdad\u0131r. Bu tarixi ona g\u00f6r\u0259 yax\u015f\u0131 xat\u0131rlay\u0131ram ki, h\u0259l\u0259 \u00f6t\u0259n \u0259srin 70-ci ill\u0259rind\u0259n rayon q\u0259zetinin h\u0259m yax\u0131n oxucusu, h\u0259m d\u0259 p\u0259r\u0259sti\u015fkar\u0131 olmu\u015fam. Sovetl\u0259r d\u00f6n\u0259mind\u0259 bizim d\u00f6rd qon\u015fu k\u0259nd birlikd\u0259 \u201c\u00d6zb\u0259kistan\u201d kolxozu adlan\u0131rd\u0131. M\u0259n o zaman kolxozda pamb\u0131q\u00e7\u0131l\u0131q briqadiri i\u015fl\u0259yirdim. Rayon q\u0259zetind\u0259 [&hellip;]<\/p>\n","protected":false},"author":2,"featured_media":0,"comment_status":"closed","ping_status":"closed","sticky":false,"template":"","format":"standard","meta":[],"categories":[10],"tags":[20],"_links":{"self":[{"href":"https:\/\/yeniterter.az\/index.php?rest_route=\/wp\/v2\/posts\/4153"}],"collection":[{"href":"https:\/\/yeniterter.az\/index.php?rest_route=\/wp\/v2\/posts"}],"about":[{"href":"https:\/\/yeniterter.az\/index.php?rest_route=\/wp\/v2\/types\/post"}],"author":[{"embeddable":true,"href":"https:\/\/yeniterter.az\/index.php?rest_route=\/wp\/v2\/users\/2"}],"replies":[{"embeddable":true,"href":"https:\/\/yeniterter.az\/index.php?rest_route=%2Fwp%2Fv2%2Fcomments&post=4153"}],"version-history":[{"count":0,"href":"https:\/\/yeniterter.az\/index.php?rest_route=\/wp\/v2\/posts\/4153\/revisions"}],"wp:attachment":[{"href":"https:\/\/yeniterter.az\/index.php?rest_route=%2Fwp%2Fv2%2Fmedia&parent=4153"}],"wp:term":[{"taxonomy":"category","embeddable":true,"href":"https:\/\/yeniterter.az\/index.php?rest_route=%2Fwp%2Fv2%2Fcategories&post=4153"},{"taxonomy":"post_tag","embeddable":true,"href":"https:\/\/yeniterter.az\/index.php?rest_route=%2Fwp%2Fv2%2Ftags&post=4153"}],"curies":[{"name":"wp","href":"https:\/\/api.w.org\/{rel}","templated":true}]}}