{"id":4143,"date":"2016-08-18T10:50:38","date_gmt":"2016-08-18T07:50:38","guid":{"rendered":"http:\/\/www.yeniterter.az\/?p=4143"},"modified":"2016-08-18T11:01:40","modified_gmt":"2016-08-18T08:01:40","slug":"ugurlarin-on%c9%99mlisi-s%c9%99nin-olsun-yeni-t%c9%99rt%c9%99r","status":"publish","type":"post","link":"https:\/\/yeniterter.az\/?p=4143","title":{"rendered":"U\u011eURLARIN \u00d6N\u018fML\u0130S\u0130 S\u018fN\u0130N OLSUN, \u201cYEN\u0130 T\u018fRT\u018fR\u201d!"},"content":{"rendered":"<p><img decoding=\"async\" loading=\"lazy\" class=\" wp-image-4147 alignleft\" src=\"http:\/\/www.yeniterter.az\/wp-content\/uploads\/DSC_2088-300x201.jpg\" alt=\"DSC_2088\" width=\"157\" height=\"105\" srcset=\"https:\/\/yeniterter.az\/wp-content\/uploads\/DSC_2088-300x201.jpg 300w, https:\/\/yeniterter.az\/wp-content\/uploads\/DSC_2088.jpg 700w\" sizes=\"(max-width: 157px) 100vw, 157px\" \/>REDAKS\u0130YANIN BUG\u00dcNK\u00dc KOLLEKT\u0130V\u0130<\/p>\n<p>M\u0259n m\u0259tbuatla daim maraqlanan, daim ona ba\u011fl\u0131 olan insanlardanam. Dem\u0259k olar ki, \u00f6z\u00fcm\u00fc m\u0259tbuats\u0131z t\u0259s\u0259vv\u00fcr etmir\u0259m. H\u0259l\u0259 sovet d\u00f6n\u0259mind\u0259 oxudu\u011fum maraql\u0131 q\u0259zetl\u0259r\u2013 \u201cAz\u0259rbaycan g\u0259ncl\u0259ri\u201d, \u201cSovet k\u0259ndi\u201d, \u201cKommunist\u201d, \u201cBak\u0131\u201d v\u0259 ba\u015fqa q\u0259zetl\u0259r aras\u0131nda \u201cQ\u0131z\u0131l Bayraq\u201d v\u0259 \u201cT\u0259rt\u0259r\u201d \u00f6z\u00fcn\u0259m\u0259xsus yer tuturdu. Q\u0259zetl\u0259rin \u0259n birincisi rayonumuzun h\u0259yat\u0131n\u0131 \u0259ks etdir\u0259n rayon q\u0259zetimizdir. Yax\u015f\u0131 bilir\u0259m ki, q\u0259zet \u00e7ox ke\u015fm\u0259ke\u015fli yollardan ke\u00e7\u0259r\u0259k bu g\u00fcn\u00fcm\u00fcz\u0259 kimi g\u0259lib \u00e7atm\u0131\u015fd\u0131.<br \/>\nM\u0259n dey\u0259rdim ki, q\u0259zetin ya\u015famas\u0131nda rayon r\u0259hb\u0259rliyinin k\u00f6m\u0259kliyi il\u0259 yana\u015f\u0131 onun \u0259m\u0259kda\u015flar\u0131n\u0131n, ba\u015fda redaktoru olmaqla g\u0259rgin z\u0259hm\u0259tl\u0259ri durur. M\u0259n \u0259vv\u0259ll\u0259r q\u0259zetl\u0259 s\u0131x \u0259laq\u0259 saxlay\u0131rd\u0131m, tez-tez redaksiyan\u0131n qona\u011f\u0131 olurdum. \u015eeirl\u0259rimin \u00e7ap olunmas\u0131nda \u015f\u0259xs\u0259n ba\u015f redaktor Tofiq Yusifin v\u0259 ba\u015fqa \u0259m\u0259kda\u015flar\u0131n z\u0259hm\u0259tl\u0259rini he\u00e7 zaman unuda bilm\u0259r\u0259m.<br \/>\nXatirimd\u0259dir ki, uzun fasil\u0259d\u0259n sonra q\u0259zet 2005-ci ild\u0259 yenid\u0259n \u201cYeni T\u0259rt\u0259r\u201d ad\u0131 il\u0259 f\u0259aliyy\u0259tin\u0259 ba\u015flad\u0131 v\u0259 bu g\u00fcn d\u0259 \u00fcz\u0259rin\u0259 d\u00fc\u015f\u0259n missiyas\u0131 \u2013oxucu t\u0259l\u0259bin\u0259 v\u0259 mara\u011f\u0131na s\u0259b\u0259b olan yaz\u0131lar\u0131 il\u0259 f\u0259rql\u0259nir. <!--more-->Format\u0131 ki\u00e7ik olsa da, h\u0259m rayonun h\u0259yat\u0131n\u0131 \u00f6z\u00fcnd\u0259 \u0259ks etdirir, h\u0259m d\u0259 \u0259m\u0259kda\u015flar\u0131n\u0131n oxunaql\u0131 yaz\u0131lar\u0131 il\u0259 oxucusunun diqq\u0259tini c\u0259lb edir. Bu g\u00fcn \u201cYeni T\u0259rt\u0259r\u201din 11 ya\u015f\u0131 tamam olur. Bu m\u00fcnasib\u0259tl\u0259 q\u0259zet\u0259 davamiyy\u0259tli uzun ill\u0259r, \u0259m\u0259kda\u015flar\u0131na sa\u011flam can, saf d\u00fc\u015f\u00fcnc\u0259, iti q\u0259l\u0259m, oxucular\u0131na is\u0259 y\u00fcks\u0259k maraq v\u0259 oxuyan g\u00f6zl\u0259r arzulay\u0131ram. Arzulay\u0131ram ki, \u201cYeni T\u0259rt\u0259r\u201din 11 ya\u015f\u0131 b\u00f6y\u00fcy\u0259r\u0259k 110 ya\u015fa \u00e7ats\u0131n. U\u011furlar\u0131n \u0259n \u00f6n\u0259mlisi s\u0259nin olsun, m\u0259nim sevimli q\u0259zetim \u201cYeni T\u0259rt\u0259r\u201d!<\/p>\n<p style=\"text-align: right;\"><strong><em>Z\u00fclfiyy\u0259 \u0130mdadq\u0131z\u0131, <\/em><\/strong><br \/>\n<strong><em>Yaz\u0131\u00e7\u0131lar Birliyinin \u00fczv\u00fc, H\u00fcs\u0259nli k\u0259ndi<\/em><\/strong><\/p>\n","protected":false},"excerpt":{"rendered":"<p>REDAKS\u0130YANIN BUG\u00dcNK\u00dc KOLLEKT\u0130V\u0130 M\u0259n m\u0259tbuatla daim maraqlanan, daim ona ba\u011fl\u0131 olan insanlardanam. Dem\u0259k olar ki, \u00f6z\u00fcm\u00fc m\u0259tbuats\u0131z t\u0259s\u0259vv\u00fcr etmir\u0259m. H\u0259l\u0259 sovet d\u00f6n\u0259mind\u0259 oxudu\u011fum maraql\u0131 q\u0259zetl\u0259r\u2013 \u201cAz\u0259rbaycan g\u0259ncl\u0259ri\u201d, \u201cSovet k\u0259ndi\u201d, \u201cKommunist\u201d, \u201cBak\u0131\u201d v\u0259 ba\u015fqa q\u0259zetl\u0259r aras\u0131nda \u201cQ\u0131z\u0131l Bayraq\u201d v\u0259 \u201cT\u0259rt\u0259r\u201d \u00f6z\u00fcn\u0259m\u0259xsus yer tuturdu. Q\u0259zetl\u0259rin \u0259n birincisi rayonumuzun h\u0259yat\u0131n\u0131 \u0259ks etdir\u0259n rayon q\u0259zetimizdir. Yax\u015f\u0131 bilir\u0259m ki, q\u0259zet [&hellip;]<\/p>\n","protected":false},"author":2,"featured_media":0,"comment_status":"closed","ping_status":"closed","sticky":false,"template":"","format":"standard","meta":[],"categories":[10],"tags":[20],"_links":{"self":[{"href":"https:\/\/yeniterter.az\/index.php?rest_route=\/wp\/v2\/posts\/4143"}],"collection":[{"href":"https:\/\/yeniterter.az\/index.php?rest_route=\/wp\/v2\/posts"}],"about":[{"href":"https:\/\/yeniterter.az\/index.php?rest_route=\/wp\/v2\/types\/post"}],"author":[{"embeddable":true,"href":"https:\/\/yeniterter.az\/index.php?rest_route=\/wp\/v2\/users\/2"}],"replies":[{"embeddable":true,"href":"https:\/\/yeniterter.az\/index.php?rest_route=%2Fwp%2Fv2%2Fcomments&post=4143"}],"version-history":[{"count":0,"href":"https:\/\/yeniterter.az\/index.php?rest_route=\/wp\/v2\/posts\/4143\/revisions"}],"wp:attachment":[{"href":"https:\/\/yeniterter.az\/index.php?rest_route=%2Fwp%2Fv2%2Fmedia&parent=4143"}],"wp:term":[{"taxonomy":"category","embeddable":true,"href":"https:\/\/yeniterter.az\/index.php?rest_route=%2Fwp%2Fv2%2Fcategories&post=4143"},{"taxonomy":"post_tag","embeddable":true,"href":"https:\/\/yeniterter.az\/index.php?rest_route=%2Fwp%2Fv2%2Ftags&post=4143"}],"curies":[{"name":"wp","href":"https:\/\/api.w.org\/{rel}","templated":true}]}}