{"id":3950,"date":"2016-07-18T13:50:46","date_gmt":"2016-07-18T10:50:46","guid":{"rendered":"http:\/\/www.yeniterter.az\/?p=3950"},"modified":"2016-07-19T14:50:16","modified_gmt":"2016-07-19T11:50:16","slug":"dovl%c9%99t-musaviri-rayon-ictimaiyy%c9%99tinin-numay%c9%99nd%c9%99l%c9%99ril%c9%99-gorusub","status":"publish","type":"post","link":"https:\/\/yeniterter.az\/?p=3950","title":{"rendered":"D\u00d6VL\u018fT M\u00dc\u015eAV\u0130R\u0130  RAYON  \u0130CT\u0130MA\u0130YY\u018fT\u0130N\u0130N N\u00dcMAY\u018fND\u018fL\u018fR\u0130L\u018f G\u00d6R\u00dc\u015e\u00dcB"},"content":{"rendered":"<p><img decoding=\"async\" loading=\"lazy\" class=\" wp-image-3951 alignleft\" src=\"http:\/\/www.yeniterter.az\/wp-content\/uploads\/\u0418\u0437\u043e\u0431\u0440\u0430\u0436\u0435\u043d\u0438\u0435-125-1-300x201.jpg\" alt=\"\u0418\u0437\u043e\u0431\u0440\u0430\u0436\u0435\u043d\u0438\u0435 125\" width=\"154\" height=\"103\" srcset=\"https:\/\/yeniterter.az\/wp-content\/uploads\/\u0418\u0437\u043e\u0431\u0440\u0430\u0436\u0435\u043d\u0438\u0435-125-1-300x201.jpg 300w, https:\/\/yeniterter.az\/wp-content\/uploads\/\u0418\u0437\u043e\u0431\u0440\u0430\u0436\u0435\u043d\u0438\u0435-125-1-768x514.jpg 768w, https:\/\/yeniterter.az\/wp-content\/uploads\/\u0418\u0437\u043e\u0431\u0440\u0430\u0436\u0435\u043d\u0438\u0435-125-1-1024x685.jpg 1024w, https:\/\/yeniterter.az\/wp-content\/uploads\/\u0418\u0437\u043e\u0431\u0440\u0430\u0436\u0435\u043d\u0438\u0435-125-1.jpg 1500w\" sizes=\"(max-width: 154px) 100vw, 154px\" \/><img decoding=\"async\" loading=\"lazy\" class=\" wp-image-3994 alignright\" src=\"http:\/\/www.yeniterter.az\/wp-content\/uploads\/dovlet-musaviri-terterde-300x201.jpg\" alt=\"dovlet musaviri terterde\" width=\"144\" height=\"97\" srcset=\"https:\/\/yeniterter.az\/wp-content\/uploads\/dovlet-musaviri-terterde-300x201.jpg 300w, https:\/\/yeniterter.az\/wp-content\/uploads\/dovlet-musaviri-terterde-768x514.jpg 768w, https:\/\/yeniterter.az\/wp-content\/uploads\/dovlet-musaviri-terterde-1024x685.jpg 1024w, https:\/\/yeniterter.az\/wp-content\/uploads\/dovlet-musaviri-terterde.jpg 1500w\" sizes=\"(max-width: 144px) 100vw, 144px\" \/>Bu g\u00fcnl\u0259rd\u0259 Az\u0259rbaycan Respublikas\u0131n\u0131n mill\u0259tl\u0259raras\u0131, multikulturalizm v\u0259 dini m\u0259s\u0259l\u0259l\u0259r \u00fczr\u0259 D\u00f6vl\u0259t m\u00fc\u015faviri, akademik Kamal Abdullayev t\u0259mas x\u0259ttind\u0259 yerl\u0259\u015f\u0259n T\u0259rt\u0259r rayonunda olmu\u015fdur. D\u00f6vl\u0259t m\u00fc\u015faviri \u0259vv\u0259lc\u0259 rayon icra hakimiyy\u0259tinin ba\u015f\u00e7\u0131s\u0131 M\u00fcst\u0259qim M\u0259mm\u0259dovla birg\u0259 \u00dcmummilli lider Heyd\u0259r \u018fliyevin xatir\u0259sini yad ed\u0259r\u0259k, abid\u0259si \u00f6n\u00fcn\u0259 g\u00fcl-\u00e7i\u00e7\u0259k d\u0259st\u0259l\u0259ri qoymu\u015fdur. Sonra Kamal Abdullayev v\u0259 rayon r\u0259hb\u0259ri T\u0259rt\u0259r C\u00fcm\u0259 M\u0259scidind\u0259 olmu\u015f, burada dindarlarla, rayon ictimaiyy\u0259tinin n\u00fcmay\u0259nd\u0259l\u0259ri il\u0259 g\u00f6r\u00fc\u015fm\u00fc\u015fl\u0259r.<br \/>\nD\u00f6vl\u0259t m\u00fc\u015faviri g\u00f6r\u00fc\u015fd\u0259 i\u015ftirak ed\u0259nl\u0259ri ke\u00e7mi\u015f Ramazan bayram\u0131 m\u00fcnasib\u0259ti il\u0259 t\u0259brik etmi\u015f, Erm\u0259nistan-Az\u0259rbay-can, Da\u011fl\u0131q Qaraba\u011f m\u00fcnaqi\u015f\u0259sinin h\u0259lli istiqam\u0259tind\u0259 at\u0131lan \u0259m\u0259li add\u0131mlar, banisi Ulu \u00d6nd\u0259r Heyd\u0259r \u018fliyev olan Az\u0259rbaycan multikulturalizm siyas\u0259tinin Prezident \u0130lham \u018fliyev t\u0259r\u0259find\u0259n davam v\u0259 inki\u015faf etdirilm\u0259si, 2016-c\u0131 ilin \u00f6lk\u0259mizd\u0259 \u201cMultikulturalizm ili\u201d elan olunmas\u0131 m\u00fcnasib\u0259til\u0259 ke\u00e7iril\u0259n t\u0259dbirl\u0259r haqq\u0131nda dan\u0131\u015fm\u0131\u015f, d\u00f6vl\u0259tdin m\u00fcnasib\u0259tl\u0259rind\u0259n s\u00f6hb\u0259t a\u00e7m\u0131\u015fd\u0131r.<br \/>\nSonra rayon icra hakimiyy\u0259tinin ba\u015f\u00e7\u0131s\u0131 d\u00f6vl\u0259t m\u00fc\u015favirin\u0259 T\u0259rt\u0259rd\u0259 apar\u0131lan tikinti-quruculuq i\u015fl\u0259rind\u0259n, aprel d\u00f6y\u00fc\u015fl\u0259rind\u0259 t\u0259rt\u0259rlil\u0259rin g\u00f6st\u0259rdikl\u0259ri q\u0259hr\u0259manl\u0131qlardan m\u0259lumat vermi\u015fdir.<!--more--><br \/>\nAprel d\u00f6y\u00fc\u015fl\u0259rind\u0259 \u015f\u0259hid olmu\u015f h\u0259myerlimiz Nicat \u0130sg\u0259nd\u0259rovun atas\u0131 B\u0259hruz \u0130sg\u0259nd\u0259rov d\u00f6vl\u0259t m\u00fc\u015favirin\u0259 \u00f6z \u00fcr\u0259k s\u00f6zl\u0259rini bildirmi\u015f, tezlikl\u0259 Qaraba\u011f torpaqlar\u0131n\u0131n erm\u0259ni i\u015f\u011fal\u0131ndan azad olunaca\u011f\u0131na inand\u0131\u011f\u0131n\u0131 s\u00f6yl\u0259mi\u015fdir<br \/>\nD\u00f6vl\u0259t m\u00fc\u015faviri Kamal Abdullayev \u201cAz\u0259rbaycan multikulturalizminin \u0259d\u0259bi-b\u0259dii qaynaqlar\u0131\u201d kitab\u0131n\u0131 v\u0259 yeni \u00e7ap olunmu\u015f \u201cMultikulturalizm\u201d jurnal\u0131n\u0131n ilk say\u0131n\u0131 T\u0259rt\u0259r C\u00fcm\u0259 M\u0259scidin\u0259 v\u0259 \u015f\u0259hid atas\u0131 B\u0259hruz \u0130sg\u0259nd\u0259rova h\u0259diyy\u0259 etmi\u015fdir. M\u0259scidin axundu Sadiq C\u0259f\u0259rov d\u00f6vl\u0259t m\u00fc\u015favirin\u0259 m\u00fcq\u0259dd\u0259s \u201cQurani-K\u0259rim\u201d kitab\u0131n\u0131 h\u0259diyy\u0259 etmi\u015fdir.<\/p>\n","protected":false},"excerpt":{"rendered":"<p>Bu g\u00fcnl\u0259rd\u0259 Az\u0259rbaycan Respublikas\u0131n\u0131n mill\u0259tl\u0259raras\u0131, multikulturalizm v\u0259 dini m\u0259s\u0259l\u0259l\u0259r \u00fczr\u0259 D\u00f6vl\u0259t m\u00fc\u015faviri, akademik Kamal Abdullayev t\u0259mas x\u0259ttind\u0259 yerl\u0259\u015f\u0259n T\u0259rt\u0259r rayonunda olmu\u015fdur. D\u00f6vl\u0259t m\u00fc\u015faviri \u0259vv\u0259lc\u0259 rayon icra hakimiyy\u0259tinin ba\u015f\u00e7\u0131s\u0131 M\u00fcst\u0259qim M\u0259mm\u0259dovla birg\u0259 \u00dcmummilli lider Heyd\u0259r \u018fliyevin xatir\u0259sini yad ed\u0259r\u0259k, abid\u0259si \u00f6n\u00fcn\u0259 g\u00fcl-\u00e7i\u00e7\u0259k d\u0259st\u0259l\u0259ri qoymu\u015fdur. Sonra Kamal Abdullayev v\u0259 rayon r\u0259hb\u0259ri T\u0259rt\u0259r C\u00fcm\u0259 M\u0259scidind\u0259 olmu\u015f, burada dindarlarla, [&hellip;]<\/p>\n","protected":false},"author":2,"featured_media":0,"comment_status":"closed","ping_status":"closed","sticky":false,"template":"","format":"standard","meta":[],"categories":[1],"tags":[13],"_links":{"self":[{"href":"https:\/\/yeniterter.az\/index.php?rest_route=\/wp\/v2\/posts\/3950"}],"collection":[{"href":"https:\/\/yeniterter.az\/index.php?rest_route=\/wp\/v2\/posts"}],"about":[{"href":"https:\/\/yeniterter.az\/index.php?rest_route=\/wp\/v2\/types\/post"}],"author":[{"embeddable":true,"href":"https:\/\/yeniterter.az\/index.php?rest_route=\/wp\/v2\/users\/2"}],"replies":[{"embeddable":true,"href":"https:\/\/yeniterter.az\/index.php?rest_route=%2Fwp%2Fv2%2Fcomments&post=3950"}],"version-history":[{"count":0,"href":"https:\/\/yeniterter.az\/index.php?rest_route=\/wp\/v2\/posts\/3950\/revisions"}],"wp:attachment":[{"href":"https:\/\/yeniterter.az\/index.php?rest_route=%2Fwp%2Fv2%2Fmedia&parent=3950"}],"wp:term":[{"taxonomy":"category","embeddable":true,"href":"https:\/\/yeniterter.az\/index.php?rest_route=%2Fwp%2Fv2%2Fcategories&post=3950"},{"taxonomy":"post_tag","embeddable":true,"href":"https:\/\/yeniterter.az\/index.php?rest_route=%2Fwp%2Fv2%2Ftags&post=3950"}],"curies":[{"name":"wp","href":"https:\/\/api.w.org\/{rel}","templated":true}]}}