{"id":3947,"date":"2016-07-18T12:13:41","date_gmt":"2016-07-18T09:13:41","guid":{"rendered":"http:\/\/www.yeniterter.az\/?p=3947"},"modified":"2016-07-19T14:48:56","modified_gmt":"2016-07-19T11:48:56","slug":"sarov-k%c9%99ndind%c9%99-s%c9%99yyar-gorus-q%c9%99bul","status":"publish","type":"post","link":"https:\/\/yeniterter.az\/?p=3947","title":{"rendered":"SAROV K\u018fND\u0130ND\u018f S\u018fYYAR G\u00d6R\u00dc\u015e\u2013Q\u018fBUL"},"content":{"rendered":"<p><img decoding=\"async\" loading=\"lazy\" class=\" wp-image-3948 alignleft\" src=\"http:\/\/www.yeniterter.az\/wp-content\/uploads\/DSC_1476-\u041a\u043e\u043f\u0438\u0440\u043e\u0432\u0430\u0442\u044c-300x201.jpg\" alt=\"DSC_1476 (\u041a\u043e\u043f\u0438\u0440\u043e\u0432\u0430\u0442\u044c)\" width=\"155\" height=\"104\" srcset=\"https:\/\/yeniterter.az\/wp-content\/uploads\/DSC_1476-\u041a\u043e\u043f\u0438\u0440\u043e\u0432\u0430\u0442\u044c-300x201.jpg 300w, https:\/\/yeniterter.az\/wp-content\/uploads\/DSC_1476-\u041a\u043e\u043f\u0438\u0440\u043e\u0432\u0430\u0442\u044c-768x514.jpg 768w, https:\/\/yeniterter.az\/wp-content\/uploads\/DSC_1476-\u041a\u043e\u043f\u0438\u0440\u043e\u0432\u0430\u0442\u044c-1024x685.jpg 1024w, https:\/\/yeniterter.az\/wp-content\/uploads\/DSC_1476-\u041a\u043e\u043f\u0438\u0440\u043e\u0432\u0430\u0442\u044c.jpg 1500w\" sizes=\"(max-width: 155px) 100vw, 155px\" \/><img decoding=\"async\" loading=\"lazy\" class=\" wp-image-3992 alignright\" src=\"http:\/\/www.yeniterter.az\/wp-content\/uploads\/sarovda-seyyar-qabul-300x201.jpg\" alt=\"sarovda seyyar qabul\" width=\"147\" height=\"99\" srcset=\"https:\/\/yeniterter.az\/wp-content\/uploads\/sarovda-seyyar-qabul-300x201.jpg 300w, https:\/\/yeniterter.az\/wp-content\/uploads\/sarovda-seyyar-qabul-768x514.jpg 768w, https:\/\/yeniterter.az\/wp-content\/uploads\/sarovda-seyyar-qabul-1024x685.jpg 1024w, https:\/\/yeniterter.az\/wp-content\/uploads\/sarovda-seyyar-qabul.jpg 1500w\" sizes=\"(max-width: 147px) 100vw, 147px\" \/>Rayonumuzda sosial-iqtisadi probleml\u0259r h\u0259ll olunduqca, \u0259halinin rayon r\u0259hb\u0259rliyin\u0259 m\u00fcraci\u0259tl\u0259rinin say\u0131 da azal\u0131r. Bunun bir s\u0259b\u0259bi d\u0259 rayon icra hakimiyy\u0259ti ba\u015f\u00e7\u0131s\u0131n\u0131n k\u0259ndl\u0259rd\u0259 ke\u00e7irdiyi s\u0259yyar g\u00f6r\u00fc\u015f\u2013q\u0259bullard\u0131r. Bel\u0259 g\u00f6r\u00fc\u015fl\u0259r zaman\u0131 sakinl\u0259rin bir \u00e7ox probleml\u0259ri el\u0259 yerind\u0259c\u0259 h\u0259llini tap\u0131r.<br \/>\nBu g\u00fcnl\u0259rd\u0259 bel\u0259 t\u0259dbirl\u0259rd\u0259n biri Sarov k\u0259ndind\u0259 ke\u00e7irilib. S\u0259mimi v\u0259 a\u00e7\u0131q s\u00f6hb\u0259t \u015f\u0259klind\u0259 ke\u00e7\u0259n g\u00f6r\u00fc\u015fd\u0259 sakinl\u0259rd\u0259n \u018fb\u00fclf\u0259z K\u0259rimov, Mehman S\u0259f\u0259rov, R\u0259hb\u0259r \u015eirinov, M\u0259hbub\u0259 \u018fhm\u0259dova v\u0259 ba\u015fqalar\u0131 yay aylar\u0131nda sah\u0259l\u0259rin suvar\u0131lmas\u0131nda \u00fczl\u0259\u015fdikl\u0259ri su q\u0131tl\u0131\u011f\u0131ndan, i\u015f\u0131q dir\u0259kl\u0259rinin k\u00f6hn\u0259 oldu\u011fundan b\u0259hs edibl\u0259r. T\u0259dbir\u0259 g\u0259l\u0259nl\u0259r eyni zamanda son ill\u0259rd\u0259 k\u0259ndd\u0259 g\u00f6r\u00fcl\u0259n i\u015fl\u0259r\u0259 g\u00f6r\u0259, x\u00fcsus\u0259n d\u0259 evl\u0259r\u0259 mavi yanaca\u011f\u0131n verilm\u0259si, yollar\u0131n abadla\u015fd\u0131r\u0131lmas\u0131, \u0259kin\u00e7iliyin v\u0259 heyvandarl\u0131\u011f\u0131n inki\u015faf\u0131na d\u00f6vl\u0259t d\u0259st\u0259yin\u0259 g\u00f6r\u0259 \u00f6lk\u0259 ba\u015f\u00e7\u0131s\u0131na minn\u0259tdarl\u0131qlar\u0131n\u0131 bildiribl\u0259r.<br \/>\nSakinl\u0259ri diqq\u0259tl\u0259 dinl\u0259y\u0259n rayon icra hakimiyy\u0259tinin ba\u015f\u00e7\u0131s\u0131 M\u00fcst\u0259qim M\u0259mm\u0259dov sonda aidiyyati idar\u0259 v\u0259 m\u00fc\u0259ssis\u0259 r\u0259hb\u0259rl\u0259rin\u0259 laz\u0131m\u0131 tap\u015f\u0131r\u0131qlar verib.<\/p>\n","protected":false},"excerpt":{"rendered":"<p>Rayonumuzda sosial-iqtisadi probleml\u0259r h\u0259ll olunduqca, \u0259halinin rayon r\u0259hb\u0259rliyin\u0259 m\u00fcraci\u0259tl\u0259rinin say\u0131 da azal\u0131r. Bunun bir s\u0259b\u0259bi d\u0259 rayon icra hakimiyy\u0259ti ba\u015f\u00e7\u0131s\u0131n\u0131n k\u0259ndl\u0259rd\u0259 ke\u00e7irdiyi s\u0259yyar g\u00f6r\u00fc\u015f\u2013q\u0259bullard\u0131r. Bel\u0259 g\u00f6r\u00fc\u015fl\u0259r zaman\u0131 sakinl\u0259rin bir \u00e7ox probleml\u0259ri el\u0259 yerind\u0259c\u0259 h\u0259llini tap\u0131r. Bu g\u00fcnl\u0259rd\u0259 bel\u0259 t\u0259dbirl\u0259rd\u0259n biri Sarov k\u0259ndind\u0259 ke\u00e7irilib. S\u0259mimi v\u0259 a\u00e7\u0131q s\u00f6hb\u0259t \u015f\u0259klind\u0259 ke\u00e7\u0259n g\u00f6r\u00fc\u015fd\u0259 sakinl\u0259rd\u0259n \u018fb\u00fclf\u0259z K\u0259rimov, Mehman S\u0259f\u0259rov, [&hellip;]<\/p>\n","protected":false},"author":2,"featured_media":0,"comment_status":"closed","ping_status":"closed","sticky":false,"template":"","format":"standard","meta":[],"categories":[1],"tags":[13],"_links":{"self":[{"href":"https:\/\/yeniterter.az\/index.php?rest_route=\/wp\/v2\/posts\/3947"}],"collection":[{"href":"https:\/\/yeniterter.az\/index.php?rest_route=\/wp\/v2\/posts"}],"about":[{"href":"https:\/\/yeniterter.az\/index.php?rest_route=\/wp\/v2\/types\/post"}],"author":[{"embeddable":true,"href":"https:\/\/yeniterter.az\/index.php?rest_route=\/wp\/v2\/users\/2"}],"replies":[{"embeddable":true,"href":"https:\/\/yeniterter.az\/index.php?rest_route=%2Fwp%2Fv2%2Fcomments&post=3947"}],"version-history":[{"count":0,"href":"https:\/\/yeniterter.az\/index.php?rest_route=\/wp\/v2\/posts\/3947\/revisions"}],"wp:attachment":[{"href":"https:\/\/yeniterter.az\/index.php?rest_route=%2Fwp%2Fv2%2Fmedia&parent=3947"}],"wp:term":[{"taxonomy":"category","embeddable":true,"href":"https:\/\/yeniterter.az\/index.php?rest_route=%2Fwp%2Fv2%2Fcategories&post=3947"},{"taxonomy":"post_tag","embeddable":true,"href":"https:\/\/yeniterter.az\/index.php?rest_route=%2Fwp%2Fv2%2Ftags&post=3947"}],"curies":[{"name":"wp","href":"https:\/\/api.w.org\/{rel}","templated":true}]}}