{"id":3938,"date":"2016-07-18T11:53:39","date_gmt":"2016-07-18T08:53:39","guid":{"rendered":"http:\/\/www.yeniterter.az\/?p=3938"},"modified":"2016-07-19T14:47:42","modified_gmt":"2016-07-19T11:47:42","slug":"g%c9%99ncl%c9%99r-h%c9%99qiqi-h%c9%99rbi-xidm%c9%99t%c9%99-yola-salindi","status":"publish","type":"post","link":"https:\/\/yeniterter.az\/?p=3938","title":{"rendered":"G\u018fNCL\u018fR H\u018fQ\u0130Q\u0130 H\u018fRB\u0130 X\u0130DM\u018fT\u018f YOLA SALINDI"},"content":{"rendered":"<p><img decoding=\"async\" loading=\"lazy\" class=\" wp-image-3939 alignleft\" src=\"http:\/\/www.yeniterter.az\/wp-content\/uploads\/\u0418\u0437\u043e\u0431\u0440\u0430\u0436\u0435\u043d\u0438\u0435-151-300x201.jpg\" alt=\"\u0418\u0437\u043e\u0431\u0440\u0430\u0436\u0435\u043d\u0438\u0435 151\" width=\"158\" height=\"106\" srcset=\"https:\/\/yeniterter.az\/wp-content\/uploads\/\u0418\u0437\u043e\u0431\u0440\u0430\u0436\u0435\u043d\u0438\u0435-151-300x201.jpg 300w, https:\/\/yeniterter.az\/wp-content\/uploads\/\u0418\u0437\u043e\u0431\u0440\u0430\u0436\u0435\u043d\u0438\u0435-151-768x514.jpg 768w, https:\/\/yeniterter.az\/wp-content\/uploads\/\u0418\u0437\u043e\u0431\u0440\u0430\u0436\u0435\u043d\u0438\u0435-151-1024x685.jpg 1024w, https:\/\/yeniterter.az\/wp-content\/uploads\/\u0418\u0437\u043e\u0431\u0440\u0430\u0436\u0435\u043d\u0438\u0435-151.jpg 1500w\" sizes=\"(max-width: 158px) 100vw, 158px\" \/><img decoding=\"async\" loading=\"lazy\" class=\" wp-image-3990 alignright\" src=\"http:\/\/www.yeniterter.az\/wp-content\/uploads\/Esger-yola-salma-300x201.jpg\" alt=\"Esger yola salma\" width=\"140\" height=\"93\" srcset=\"https:\/\/yeniterter.az\/wp-content\/uploads\/Esger-yola-salma-300x201.jpg 300w, https:\/\/yeniterter.az\/wp-content\/uploads\/Esger-yola-salma-768x514.jpg 768w, https:\/\/yeniterter.az\/wp-content\/uploads\/Esger-yola-salma-1024x685.jpg 1024w, https:\/\/yeniterter.az\/wp-content\/uploads\/Esger-yola-salma.jpg 1500w\" sizes=\"(max-width: 140px) 100vw, 140px\" \/>Bu g\u00fcnl\u0259rd\u0259 rayonumuzda g\u0259ncl\u0259rin h\u0259qiqi h\u0259rbi xidm\u0259t\u0259 yola sal\u0131nmas\u0131 m\u00fcnasib\u0259til\u0259 Heyd\u0259r Park\u0131nda t\u0259nt\u0259n\u0259li m\u0259rasim ke\u00e7irilmi\u015fdir. \u00c7a\u011f\u0131r\u0131\u015f\u00e7\u0131lar ilk \u00f6nc\u0259 Ulu \u00d6nd\u0259r Heyd\u0259r \u018fliyevin abid\u0259si \u00f6n\u00fcn\u0259 g\u00fcl d\u0259st\u0259l\u0259ri d\u00fczm\u00fc\u015f, xatir\u0259sini ehtiramla yad etmi\u015f, sonra m\u0259rk\u0259zd\u0259 \u00dcmummilli Liderin h\u0259yat v\u0259 f\u0259aliyy\u0259tin\u0259 h\u0259sr olunmu\u015f eksponatlarla tan\u0131\u015f olmu\u015flar. M\u0259rasim Heyd\u0259r \u018fliyev M\u0259rk\u0259zinin \u00f6n\u00fcnd\u0259 davam etmi\u015fdir.<br \/>\nRayonun icra hakimiyy\u0259tinin, h\u00fcquq-m\u00fchafiz\u0259 orqanlar\u0131n\u0131n, yerli qurumlar\u0131n r\u0259hb\u0259rl\u0259rinin, ziyal\u0131lar\u0131n, veteranlar\u0131n, valideynl\u0259rin, yerli icra v\u0259 b\u0259l\u0259diyy\u0259 strukturlar\u0131 t\u0259msil\u00e7il\u0259rinin i\u015ftirak etdikl\u0259ri t\u0259dbiri giri\u015f s\u00f6z\u00fc il\u0259 a\u00e7an S\u0259f\u0259rb\u0259rlik v\u0259 H\u0259rbi Xidm\u0259t\u0259 \u00c7a\u011f\u0131r\u0131\u015f \u00fczr\u0259 D\u00f6vl\u0259t Xidm\u0259tinin rayon b\u00f6lm\u0259sinin r\u0259isi, polkovnik-leytenant Ruslan Quliyev v\u0259t\u0259ni qoruma\u011f\u0131n h\u0259r bir g\u0259ncin borcu oldu\u011funu vur\u011fulam\u0131\u015f v\u0259 \u00e7a\u011f\u0131r\u0131\u015f\u00e7\u0131lara xidm\u0259td\u0259 u\u011furlar arzulam\u0131\u015fd\u0131r.<br \/>\nSonra B\u00f6y\u00fck V\u0259t\u0259n M\u00fcharib\u0259si, Silahl\u0131 Q\u00fcvv\u0259l\u0259r v\u0259 H\u00fcquq M\u00fchafiz\u0259 Veteranlar\u0131 t\u0259\u015fkilat\u0131n\u0131n s\u0259dri \u0130man Almuradov, Qaraba\u011f m\u00fcharib\u0259si veteran\u0131, \u201cAz\u0259rbaycan Bayra\u011f\u0131\u201d ordenli Nizami Heyd\u0259rov, \u015f\u0259hid atas\u0131 B\u0259hruz \u0130sg\u0259nd\u0259rov, \u0259sg\u0259r atas\u0131 Az\u0259r Quliyev, \u00e7a\u011f\u0131r\u0131\u015f\u00e7\u0131 g\u0259nc Elvin M\u0259h\u0259rli, \u0259sg\u0259r anas\u0131 M\u0259rziyy\u0259 Quliyeva \u00e7\u0131x\u0131\u015f ed\u0259r\u0259k \u00f6z \u00fcr\u0259k s\u00f6zl\u0259rini bildirmi\u015fl\u0259r.<!--more--><br \/>\nValideynl\u0259r \u00f6vladlar\u0131n\u0131n h\u0259rbi xidm\u0259t\u0259 yola d\u00fc\u015fm\u0259l\u0259rind\u0259n q\u00fcrur duyduqlar\u0131n\u0131 bildirmi\u015fl\u0259r.<br \/>\nT\u0259dbird\u0259 i\u015ftirak ed\u0259n T\u0259rt\u0259r rayon \u0130cra Hakimiyy\u0259tinin ba\u015f\u00e7\u0131s\u0131 M\u00fcst\u0259qim M\u0259mm\u0259dov g\u0259ncl\u0259ri salamlayaraq, onlar\u0131n valideynl\u0259rin\u0259 g\u00f6zayd\u0131nl\u0131\u011f\u0131 vermi\u015fdir. Rayon r\u0259hb\u0259ri aprel ay\u0131nda erm\u0259nil\u0259rin t\u00f6r\u0259tdiyi silahl\u0131 t\u0259xribatdan, torpaq-lar\u0131m\u0131z\u0131n m\u00fcdafi\u0259si u\u011frunda h\u0259lak olan \u015f\u0259hidl\u0259rd\u0259n, ordu v\u0259 xalq birliyind\u0259n dan\u0131\u015fm\u0131\u015fd\u0131r. O, ordu quruculu\u011fundan, \u00f6lk\u0259 r\u0259hb\u0259ri t\u0259r\u0259find\u0259n bu sah\u0259y\u0259 g\u00f6st\u0259ril\u0259n diqq\u0259t v\u0259 qay\u011f\u0131dan \u0259trafl\u0131 b\u0259hs etmi\u015fdir. M\u00fcst\u0259qim M\u0259mm\u0259dov h\u0259rbi xidm\u0259tin h\u0259r bir g\u0259nc \u00fc\u00e7\u00fcn m\u00fcq\u0259dd\u0259s borc oldu\u011funu diqq\u0259t\u0259 \u00e7atd\u0131raraq, \u00e7a\u011f\u0131r\u0131\u015f\u00e7\u0131lara v\u0259t\u0259nin ke\u015fiyind\u0259 ay\u0131q-say\u0131q dayanma\u011f\u0131, komandirl\u0259rin tap\u015f\u0131r\u0131qlar\u0131n\u0131 s\u0259yl\u0259 yerin\u0259 yetirm\u0259yi t\u00f6vsiy\u0259 etmi\u015fdir.<br \/>\nSonra \u00e7a\u011f\u0131r\u0131\u015f\u00e7\u0131 g\u0259ncl\u0259r m\u00fcq\u0259dd\u0259s Qurani-K\u0259rimin alt\u0131ndan ke\u00e7\u0259r\u0259k, Az\u0259rbaycan bayra\u011f\u0131n\u0131 \u00f6p\u0259r\u0259k, musiqi s\u0259dalar\u0131 alt\u0131nda ruh y\u00fcks\u0259kliyi il\u0259 ordu s\u0131ralar\u0131na yola d\u00fc\u015fm\u00fc\u015fl\u0259r.<\/p>\n","protected":false},"excerpt":{"rendered":"<p>Bu g\u00fcnl\u0259rd\u0259 rayonumuzda g\u0259ncl\u0259rin h\u0259qiqi h\u0259rbi xidm\u0259t\u0259 yola sal\u0131nmas\u0131 m\u00fcnasib\u0259til\u0259 Heyd\u0259r Park\u0131nda t\u0259nt\u0259n\u0259li m\u0259rasim ke\u00e7irilmi\u015fdir. \u00c7a\u011f\u0131r\u0131\u015f\u00e7\u0131lar ilk \u00f6nc\u0259 Ulu \u00d6nd\u0259r Heyd\u0259r \u018fliyevin abid\u0259si \u00f6n\u00fcn\u0259 g\u00fcl d\u0259st\u0259l\u0259ri d\u00fczm\u00fc\u015f, xatir\u0259sini ehtiramla yad etmi\u015f, sonra m\u0259rk\u0259zd\u0259 \u00dcmummilli Liderin h\u0259yat v\u0259 f\u0259aliyy\u0259tin\u0259 h\u0259sr olunmu\u015f eksponatlarla tan\u0131\u015f olmu\u015flar. M\u0259rasim Heyd\u0259r \u018fliyev M\u0259rk\u0259zinin \u00f6n\u00fcnd\u0259 davam etmi\u015fdir. Rayonun icra hakimiyy\u0259tinin, h\u00fcquq-m\u00fchafiz\u0259 orqanlar\u0131n\u0131n, [&hellip;]<\/p>\n","protected":false},"author":2,"featured_media":0,"comment_status":"closed","ping_status":"closed","sticky":false,"template":"","format":"standard","meta":[],"categories":[1],"tags":[13],"_links":{"self":[{"href":"https:\/\/yeniterter.az\/index.php?rest_route=\/wp\/v2\/posts\/3938"}],"collection":[{"href":"https:\/\/yeniterter.az\/index.php?rest_route=\/wp\/v2\/posts"}],"about":[{"href":"https:\/\/yeniterter.az\/index.php?rest_route=\/wp\/v2\/types\/post"}],"author":[{"embeddable":true,"href":"https:\/\/yeniterter.az\/index.php?rest_route=\/wp\/v2\/users\/2"}],"replies":[{"embeddable":true,"href":"https:\/\/yeniterter.az\/index.php?rest_route=%2Fwp%2Fv2%2Fcomments&post=3938"}],"version-history":[{"count":0,"href":"https:\/\/yeniterter.az\/index.php?rest_route=\/wp\/v2\/posts\/3938\/revisions"}],"wp:attachment":[{"href":"https:\/\/yeniterter.az\/index.php?rest_route=%2Fwp%2Fv2%2Fmedia&parent=3938"}],"wp:term":[{"taxonomy":"category","embeddable":true,"href":"https:\/\/yeniterter.az\/index.php?rest_route=%2Fwp%2Fv2%2Fcategories&post=3938"},{"taxonomy":"post_tag","embeddable":true,"href":"https:\/\/yeniterter.az\/index.php?rest_route=%2Fwp%2Fv2%2Ftags&post=3938"}],"curies":[{"name":"wp","href":"https:\/\/api.w.org\/{rel}","templated":true}]}}