{"id":3935,"date":"2016-07-18T11:47:49","date_gmt":"2016-07-18T08:47:49","guid":{"rendered":"http:\/\/www.yeniterter.az\/?p=3935"},"modified":"2016-07-18T11:47:49","modified_gmt":"2016-07-18T08:47:49","slug":"agdamin-isgalindan-23-il-otur","status":"publish","type":"post","link":"https:\/\/yeniterter.az\/?p=3935","title":{"rendered":"A\u011eDAMIN \u0130\u015e\u011eALINDAN 23 \u0130L \u00d6T\u00dcR"},"content":{"rendered":"<p><img decoding=\"async\" loading=\"lazy\" class=\" wp-image-3936 alignleft\" src=\"http:\/\/www.yeniterter.az\/wp-content\/uploads\/10574366_351433188337470_1809592063895910945_n-300x225.jpg\" alt=\"10574366_351433188337470_1809592063895910945_n\" width=\"144\" height=\"108\" srcset=\"https:\/\/yeniterter.az\/wp-content\/uploads\/10574366_351433188337470_1809592063895910945_n-300x225.jpg 300w, https:\/\/yeniterter.az\/wp-content\/uploads\/10574366_351433188337470_1809592063895910945_n.jpg 490w\" sizes=\"(max-width: 144px) 100vw, 144px\" \/>A\u011fdam rayonu 1930-cu ild\u0259 t\u0259\u015fkil edilmi\u015fdir. Rayonun sah\u0259si 1094 kvkm olmaqla relyefi \u0259sas\u0259n d\u00fcz\u0259nlik, qism\u0259n da\u011fl\u0131qd\u0131r. A\u011fdam rayonu Qaraba\u011f\u0131n m\u0259rk\u0259zind\u0259, Qaraba\u011f da\u011f silsil\u0259sinin \u015fimal-\u015f\u0259rq \u0259t\u0259kl\u0259rind\u0259, K\u00fcr-Araz oval\u0131\u011f\u0131n\u0131n q\u0259rbind\u0259 yerl\u0259\u015fir. Erm\u0259nistan\u0131n Az\u0259rbaycan torpaqlar\u0131n\u0131n i\u015f\u011fal\u0131na ba\u015flad\u0131\u011f\u0131 m\u00fcharib\u0259y\u0259 ilk olaraq m\u0259hz A\u011fdam rayonu c\u0259lb olunmu\u015f, hadis\u0259l\u0259rin ilk g\u00fcnl\u0259rind\u0259n \u0259n b\u00f6y\u00fck a\u011f\u0131rl\u0131qlar A\u011fdam rayonunun v\u0259 \u0259halisinin \u00fcz\u0259rin\u0259 d\u00fc\u015fm\u00fc\u015fd\u00fcr.<br \/>\n1993-c\u00fc il iyul ay\u0131n\u0131n 23-d\u0259n Erm\u0259nistan Silahl\u0131 Q\u00fcvv\u0259l\u0259rinin i\u015f\u011fal\u0131 alt\u0131ndad\u0131r. \u0130\u015f\u011faldan \u00f6nc\u0259 A\u011fdam rayonunda \u0259t kombinat\u0131, \u015f\u0259rab zavodu, konserv zavodu, barama toxumu zavodu, xal\u00e7a fabriki, mexanikl\u0259\u015fdirilmi\u015f \u00e7\u00f6r\u0259k zavodu, avto-ma\u015f\u0131nlara texniki xidm\u0259t stansiyas\u0131, m\u0259i\u015f\u0259t xidm\u0259ti kombinat\u0131, elektrik \u015f\u0259b\u0259k\u0259si m\u00fc\u0259ssis\u0259si, d\u0259zgahqay\u0131rma zavodu m\u00f6vcud idi. El\u0259c\u0259 d\u0259, k\u0259nd t\u0259s\u0259rr\u00fcfat\u0131 texnikumu, k\u0259nd t\u0259s\u0259rr\u00fcfat\u0131n\u0131n mexanikl\u0259\u015fdirilm\u0259si v\u0259 elektrikl\u0259\u015fdirilm\u0259si texnikumu, musiqi v\u0259 tibb texniki pe\u015f\u0259 m\u0259kt\u0259bl\u0259ri , yeddi orta m\u0259kt\u0259b, bir s\u0259kkizillik m\u0259kt\u0259b, be\u015f m\u0259kt\u0259bd\u0259nk\u0259nar u\u015faq m\u00fc\u0259ssis\u0259si, bir u\u015faq ba\u011f\u00e7as\u0131, d\u00f6rd k\u00f6rp\u0259l\u0259r evi var idi. \u00d6lk\u0259\u015f\u00fcnasl\u0131q muzeyi , \u00e7\u00f6r\u0259k muzeyi, \u00fc\u00e7 kitabxana, m\u0259d\u0259niyy\u0259t evi, kinoteatr, Xano\u011flu t\u00fcrb\u0259si (Qaraba\u011f xan\u0131 P\u0259nah\u0259li xan\u0131n imar\u0259ti (18-ci \u0259sr), s\u0259kkiz x\u0259st\u0259xana erm\u0259ni i\u015f\u011fal\u00e7\u0131lar\u0131 t\u0259r\u0259find\u0259n da\u011f\u0131d\u0131lm\u0131\u015f, viran edilmi\u015fdir.<\/p>\n","protected":false},"excerpt":{"rendered":"<p>A\u011fdam rayonu 1930-cu ild\u0259 t\u0259\u015fkil edilmi\u015fdir. Rayonun sah\u0259si 1094 kvkm olmaqla relyefi \u0259sas\u0259n d\u00fcz\u0259nlik, qism\u0259n da\u011fl\u0131qd\u0131r. A\u011fdam rayonu Qaraba\u011f\u0131n m\u0259rk\u0259zind\u0259, Qaraba\u011f da\u011f silsil\u0259sinin \u015fimal-\u015f\u0259rq \u0259t\u0259kl\u0259rind\u0259, K\u00fcr-Araz oval\u0131\u011f\u0131n\u0131n q\u0259rbind\u0259 yerl\u0259\u015fir. Erm\u0259nistan\u0131n Az\u0259rbaycan torpaqlar\u0131n\u0131n i\u015f\u011fal\u0131na ba\u015flad\u0131\u011f\u0131 m\u00fcharib\u0259y\u0259 ilk olaraq m\u0259hz A\u011fdam rayonu c\u0259lb olunmu\u015f, hadis\u0259l\u0259rin ilk g\u00fcnl\u0259rind\u0259n \u0259n b\u00f6y\u00fck a\u011f\u0131rl\u0131qlar A\u011fdam rayonunun v\u0259 \u0259halisinin \u00fcz\u0259rin\u0259 d\u00fc\u015fm\u00fc\u015fd\u00fcr. 1993-c\u00fc [&hellip;]<\/p>\n","protected":false},"author":2,"featured_media":0,"comment_status":"closed","ping_status":"closed","sticky":false,"template":"","format":"standard","meta":[],"categories":[10],"tags":[20],"_links":{"self":[{"href":"https:\/\/yeniterter.az\/index.php?rest_route=\/wp\/v2\/posts\/3935"}],"collection":[{"href":"https:\/\/yeniterter.az\/index.php?rest_route=\/wp\/v2\/posts"}],"about":[{"href":"https:\/\/yeniterter.az\/index.php?rest_route=\/wp\/v2\/types\/post"}],"author":[{"embeddable":true,"href":"https:\/\/yeniterter.az\/index.php?rest_route=\/wp\/v2\/users\/2"}],"replies":[{"embeddable":true,"href":"https:\/\/yeniterter.az\/index.php?rest_route=%2Fwp%2Fv2%2Fcomments&post=3935"}],"version-history":[{"count":0,"href":"https:\/\/yeniterter.az\/index.php?rest_route=\/wp\/v2\/posts\/3935\/revisions"}],"wp:attachment":[{"href":"https:\/\/yeniterter.az\/index.php?rest_route=%2Fwp%2Fv2%2Fmedia&parent=3935"}],"wp:term":[{"taxonomy":"category","embeddable":true,"href":"https:\/\/yeniterter.az\/index.php?rest_route=%2Fwp%2Fv2%2Fcategories&post=3935"},{"taxonomy":"post_tag","embeddable":true,"href":"https:\/\/yeniterter.az\/index.php?rest_route=%2Fwp%2Fv2%2Ftags&post=3935"}],"curies":[{"name":"wp","href":"https:\/\/api.w.org\/{rel}","templated":true}]}}