{"id":3909,"date":"2016-07-05T11:58:34","date_gmt":"2016-07-05T08:58:34","guid":{"rendered":"http:\/\/www.yeniterter.az\/?p=3909"},"modified":"2016-07-05T11:58:34","modified_gmt":"2016-07-05T08:58:34","slug":"silahli-quvv%c9%99l%c9%99r-gunu-munasib%c9%99til%c9%99-rayon-%c9%99razisind%c9%99-yerl%c9%99s%c9%99n-h%c9%99rbi-hiss%c9%99l%c9%99rd%c9%99-t%c9%99dbirl%c9%99r-kecirilmisdir","status":"publish","type":"post","link":"https:\/\/yeniterter.az\/?p=3909","title":{"rendered":"S\u0130LAHLI Q\u00dcVV\u018fL\u018fR G\u00dcN\u00dc M\u00dcNAS\u0130B\u018fT\u0130L\u018f RAYON \u018fRAZ\u0130S\u0130ND\u018f YERL\u018f\u015e\u018fN H\u018fRB\u0130 H\u0130SS\u018fL\u018fRD\u018f T\u018fDB\u0130RL\u018fR KE\u00c7\u0130R\u0130LM\u0130\u015eD\u0130R"},"content":{"rendered":"<p><img decoding=\"async\" loading=\"lazy\" class=\" wp-image-3910 alignleft\" src=\"http:\/\/www.yeniterter.az\/wp-content\/uploads\/DSC_5903-2-291x300.jpg\" alt=\"DSC_5903 (2)\" width=\"137\" height=\"141\" srcset=\"https:\/\/yeniterter.az\/wp-content\/uploads\/DSC_5903-2-291x300.jpg 291w, https:\/\/yeniterter.az\/wp-content\/uploads\/DSC_5903-2-768x793.jpg 768w, https:\/\/yeniterter.az\/wp-content\/uploads\/DSC_5903-2-992x1024.jpg 992w, https:\/\/yeniterter.az\/wp-content\/uploads\/DSC_5903-2.jpg 1500w\" sizes=\"(max-width: 137px) 100vw, 137px\" \/><img decoding=\"async\" loading=\"lazy\" class=\" wp-image-3911 alignright\" src=\"http:\/\/www.yeniterter.az\/wp-content\/uploads\/DSC_9944-300x201.jpg\" alt=\"DSC_9944\" width=\"166\" height=\"111\" srcset=\"https:\/\/yeniterter.az\/wp-content\/uploads\/DSC_9944-300x201.jpg 300w, https:\/\/yeniterter.az\/wp-content\/uploads\/DSC_9944-768x514.jpg 768w, https:\/\/yeniterter.az\/wp-content\/uploads\/DSC_9944-1024x685.jpg 1024w, https:\/\/yeniterter.az\/wp-content\/uploads\/DSC_9944.jpg 1500w\" sizes=\"(max-width: 166px) 100vw, 166px\" \/>Silahl\u0131 Q\u00fcvv\u0259l\u0259r G\u00fcn\u00fc m\u00fcnasib\u0259til\u0259 T\u0259rt\u0259r rayonunda yerl\u0259\u015f\u0259n h\u0259rbi hiss\u0259l\u0259rd\u0259 rayon icra hakimiyy\u0259tinin t\u0259\u015fkilat\u00e7\u0131l\u0131\u011f\u0131 il\u0259 bayram t\u0259dbirl\u0259ri ke\u00e7irilmi\u015fdir.<br \/>\nT\u0259dbirl\u0259rd\u0259 rayon icra hakimiyy\u0259tinin ba\u015f\u00e7\u0131s\u0131 M\u00fcst\u0259qim M\u0259mm\u0259dov, h\u00fcquq-m\u00fchafiz\u0259 orqanlar\u0131n\u0131n r\u0259hb\u0259rl\u0259ri, ke\u00e7mi\u015f d\u00f6y\u00fc\u015f\u00e7\u00fcl\u0259r, rayon ictimaiyy\u0259tinin n\u00fcmay\u0259nd\u0259l\u0259ri i\u015ftirak etmi\u015fl\u0259r.<br \/>\nT\u0259dbirl\u0259rd\u0259 \u0259vv\u0259lc\u0259 h\u0259rbi hiss\u0259l\u0259rin \u015f\u0259xsi hey\u0259tl\u0259 i\u015f \u00fczr\u0259 komandir m\u00fcavinl\u0259ri Az\u0259rbaycan Respublikas\u0131n\u0131n M\u00fcdafi\u0259 Naziri general polkovnik Zakir H\u0259s\u0259novun t\u0259brik m\u0259ktubunu oxumu\u015flar.<br \/>\nSonra h\u0259rbi hiss\u0259l\u0259rin \u015f\u0259xsi hey\u0259ti qar\u015f\u0131s\u0131nda \u00e7\u0131x\u0131\u015f ed\u0259n rayon icra hakimiyy\u0259tinin ba\u015f\u00e7\u0131s\u0131 M\u00fcst\u0259qim M\u0259mm\u0259dov \u0259sg\u0259r v\u0259 zabitl\u0259ri t\u0259brik etmi\u015f, \u00e7\u0259tin v\u0259 \u015f\u0259r\u0259fli i\u015fl\u0259rind\u0259 u\u011furlar arzulam\u0131\u015fdir. Bildirilmi\u015fdir ki, ordu quruculu\u011fu sah\u0259sin-d\u0259 d\u00f6vl\u0259t siyas\u0259tinin n\u0259tic\u0259si olaraq son ill\u0259rd\u0259 Silahl\u0131 Q\u00fcvv\u0259l\u0259rimiz b\u00fct\u00fcn qo\u015fun n\u00f6vl\u0259ri \u00fczr\u0259 inki\u015faf ed\u0259r\u0259k m\u00f6hk\u0259ml\u0259nmi\u015f, ordumuzun maddi-texniki bazas\u0131 g\u00fccl\u0259ndirilmi\u015f v\u0259 d\u00f6y\u00fc\u015f qabiliyy\u0259ti artm\u0131\u015fd\u0131r. 1-5 aprel d\u00f6y\u00fc\u015fl\u0259ri bir daha s\u00fcbut etdi ki, m\u00f6ht\u0259r\u0259m Prezidentimiz, Ali Ba\u015f Komandan c\u0259nab \u0130lham \u018fliyevin dediyi kimi, Az\u0259rbaycan\u0131n g\u00fccl\u00fc or-dusu var. Ordu v\u0259 xalq birliyi v\u0259hd\u0259t t\u0259\u015fkil edir. M\u0259hz bu birliyin n\u0259tic\u0259sind\u0259 aprel d\u00f6y\u00fc\u015fl\u0259rind\u0259 d\u00fc\u015fm\u0259n\u0259 qalib g\u0259ldik, bir ne\u00e7\u0259 strateji \u0259h\u0259miyy\u0259tli y\u00fcks\u0259klikl\u0259ri \u0259l\u0259 ke\u00e7irdik.<!--more--> <img decoding=\"async\" loading=\"lazy\" class=\" wp-image-3912 alignleft\" src=\"http:\/\/www.yeniterter.az\/wp-content\/uploads\/DSC_9859-300x201.jpg\" alt=\"DSC_9859\" width=\"155\" height=\"104\" srcset=\"https:\/\/yeniterter.az\/wp-content\/uploads\/DSC_9859-300x201.jpg 300w, https:\/\/yeniterter.az\/wp-content\/uploads\/DSC_9859-768x514.jpg 768w, https:\/\/yeniterter.az\/wp-content\/uploads\/DSC_9859-1024x685.jpg 1024w, https:\/\/yeniterter.az\/wp-content\/uploads\/DSC_9859.jpg 1500w\" sizes=\"(max-width: 155px) 100vw, 155px\" \/>Bu g\u00fcn Az\u0259rbaycan \u0259sg\u0259rl\u0259rin\u0259 biz\u0259 q\u0259l\u0259b\u0259 sevincini ya\u015fatd\u0131qlar\u0131 \u00fc\u00e7\u00fcn \u201c\u00e7ox sag olun\u201ddeyirik. \u0130nan\u0131r\u0131q ki, tezlikl\u0259 Az\u0259rbaycan bayra\u011f\u0131 i\u015f\u011fal alt\u0131nda olan \u0259razil\u0259rimizd\u0259 d\u0259 dal\u011falanacaqd\u0131r.<br \/>\nRayon r\u0259hb\u0259ri Respublika Prezidentinin \u00f6z xan\u0131m\u0131 il\u0259 rayonumuza s\u0259f\u0259rinin, s\u0259f\u0259r \u00e7\u0259r\u00e7iv\u0259sind\u0259 h\u0259rbi hiss\u0259l\u0259rd\u0259 \u0259sg\u0259r v\u0259 zabitl\u0259rl\u0259 g\u00f6r\u00fc\u015fl\u0259r ke\u00e7irm\u0259sinin, 200 metrlik t\u0259mas x\u0259ttind\u0259 \u0259hali il\u0259 g\u00f6r\u00fc\u015f\u0259r\u0259k da\u011f\u0131lm\u0131\u015f evl\u0259r\u0259 baxmas\u0131n\u0131n orduda v\u0259 \u0259halid\u0259 y\u00fcks\u0259k \u0259hval-ruhiyy\u0259 yaratd\u0131\u011f\u0131n\u0131, onlar\u0131 q\u0259l\u0259b\u0259y\u0259 daha da ruhland\u0131rd\u0131\u011f\u0131n\u0131 bildirmi\u015fdir.<br \/>\nSonra h\u0259rbi xidm\u0259td\u0259 f\u0259rql\u0259n\u0259n bir qrup \u0259sg\u0259r v\u0259 zabit\u0259 F\u0259xri F\u0259rmanlar, qiym\u0259tli h\u0259diyy\u0259l\u0259r v\u0259 h\u0259rbi hiss\u0259l\u0259r\u0259 bayram sovqat\u0131 t\u0259qdim olunmu\u015fdur. T\u0259dbirl\u0259r rayon m\u0259d\u0259niyy\u0259t evinin haz\u0131rlad\u0131\u011f\u0131 konsert proqram\u0131 il\u0259 davam etmi\u015fdir.<br \/>\nN\u00fcmay\u0259nd\u0259 hey\u0259ti sonra Tal\u0131\u015f y\u00fcks\u0259kliyind\u0259 yerl\u0259\u015f\u0259n postda olmu\u015f, \u00f6n x\u0259ttd\u0259 xidm\u0259t ed\u0259n h\u0259rb\u00e7il\u0259ri bayram m\u00fcnasib\u0259ti il\u0259 t\u0259brik etmi\u015fl\u0259r. Burada da xidm\u0259ti v\u0259zif\u0259sini yerin\u0259 yetir\u0259n bir qrup \u0259sg\u0259r v\u0259 zabit\u0259 F\u0259xri F\u0259rman v\u0259 qiym\u0259tli h\u0259diyy\u0259l\u0259r t\u0259qdim olunmu\u015f, h\u0259rb\u00e7il\u0259r\u0259 bayram sovqat\u0131 verilmi\u015fdir.<br \/>\nN\u00fcmay\u0259nd\u0259l\u0259r \u00fczb\u0259\u00fcz d\u00fc\u015fm\u0259n m\u00f6vqel\u0259rini m\u00fc\u015fahid\u0259 etmi\u015fl\u0259r.<\/p>\n","protected":false},"excerpt":{"rendered":"<p>Silahl\u0131 Q\u00fcvv\u0259l\u0259r G\u00fcn\u00fc m\u00fcnasib\u0259til\u0259 T\u0259rt\u0259r rayonunda yerl\u0259\u015f\u0259n h\u0259rbi hiss\u0259l\u0259rd\u0259 rayon icra hakimiyy\u0259tinin t\u0259\u015fkilat\u00e7\u0131l\u0131\u011f\u0131 il\u0259 bayram t\u0259dbirl\u0259ri ke\u00e7irilmi\u015fdir. T\u0259dbirl\u0259rd\u0259 rayon icra hakimiyy\u0259tinin ba\u015f\u00e7\u0131s\u0131 M\u00fcst\u0259qim M\u0259mm\u0259dov, h\u00fcquq-m\u00fchafiz\u0259 orqanlar\u0131n\u0131n r\u0259hb\u0259rl\u0259ri, ke\u00e7mi\u015f d\u00f6y\u00fc\u015f\u00e7\u00fcl\u0259r, rayon ictimaiyy\u0259tinin n\u00fcmay\u0259nd\u0259l\u0259ri i\u015ftirak etmi\u015fl\u0259r. T\u0259dbirl\u0259rd\u0259 \u0259vv\u0259lc\u0259 h\u0259rbi hiss\u0259l\u0259rin \u015f\u0259xsi hey\u0259tl\u0259 i\u015f \u00fczr\u0259 komandir m\u00fcavinl\u0259ri Az\u0259rbaycan Respublikas\u0131n\u0131n M\u00fcdafi\u0259 Naziri general polkovnik Zakir H\u0259s\u0259novun t\u0259brik m\u0259ktubunu oxumu\u015flar. [&hellip;]<\/p>\n","protected":false},"author":2,"featured_media":0,"comment_status":"closed","ping_status":"closed","sticky":false,"template":"","format":"standard","meta":[],"categories":[1],"tags":[13],"_links":{"self":[{"href":"https:\/\/yeniterter.az\/index.php?rest_route=\/wp\/v2\/posts\/3909"}],"collection":[{"href":"https:\/\/yeniterter.az\/index.php?rest_route=\/wp\/v2\/posts"}],"about":[{"href":"https:\/\/yeniterter.az\/index.php?rest_route=\/wp\/v2\/types\/post"}],"author":[{"embeddable":true,"href":"https:\/\/yeniterter.az\/index.php?rest_route=\/wp\/v2\/users\/2"}],"replies":[{"embeddable":true,"href":"https:\/\/yeniterter.az\/index.php?rest_route=%2Fwp%2Fv2%2Fcomments&post=3909"}],"version-history":[{"count":0,"href":"https:\/\/yeniterter.az\/index.php?rest_route=\/wp\/v2\/posts\/3909\/revisions"}],"wp:attachment":[{"href":"https:\/\/yeniterter.az\/index.php?rest_route=%2Fwp%2Fv2%2Fmedia&parent=3909"}],"wp:term":[{"taxonomy":"category","embeddable":true,"href":"https:\/\/yeniterter.az\/index.php?rest_route=%2Fwp%2Fv2%2Fcategories&post=3909"},{"taxonomy":"post_tag","embeddable":true,"href":"https:\/\/yeniterter.az\/index.php?rest_route=%2Fwp%2Fv2%2Ftags&post=3909"}],"curies":[{"name":"wp","href":"https:\/\/api.w.org\/{rel}","templated":true}]}}