{"id":3904,"date":"2016-07-05T11:40:50","date_gmt":"2016-07-05T08:40:50","guid":{"rendered":"http:\/\/www.yeniterter.az\/?p=3904"},"modified":"2016-07-05T11:41:22","modified_gmt":"2016-07-05T08:41:22","slug":"m%c9%99tbuat-iscil%c9%99rinin-seminari","status":"publish","type":"post","link":"https:\/\/yeniterter.az\/?p=3904","title":{"rendered":"M\u018fTBUAT \u0130\u015e\u00c7\u0130L\u018fR\u0130N\u0130N SEM\u0130NARI"},"content":{"rendered":"<p><img decoding=\"async\" loading=\"lazy\" class=\" wp-image-3905 alignleft\" src=\"http:\/\/www.yeniterter.az\/wp-content\/uploads\/images-cms-image-000421950-300x152.jpg\" alt=\"images-cms-image-000421950\" width=\"154\" height=\"78\" srcset=\"https:\/\/yeniterter.az\/wp-content\/uploads\/images-cms-image-000421950-300x152.jpg 300w, https:\/\/yeniterter.az\/wp-content\/uploads\/images-cms-image-000421950-768x388.jpg 768w, https:\/\/yeniterter.az\/wp-content\/uploads\/images-cms-image-000421950.jpg 950w\" sizes=\"(max-width: 154px) 100vw, 154px\" \/>Bu g\u00fcnl\u0259rd\u0259 Avropa \u015euras\u0131 v\u0259 Az\u0259rbaycan M\u0259tbuat \u015euras\u0131 birlikd\u0259 \u201c\u0130fad\u0259 Azadl\u0131\u011f\u0131 v\u0259 \u015e\u0259xsi H\u0259yata H\u00f6rm\u0259t\u201d m\u00f6vzusunda seminar kecirmi\u015fl\u0259r.<br \/>\nT\u0259dbird\u0259 m\u00fcst\u0259qil ekspert \u018fl\u0259sg\u0259r M\u0259mm\u0259dli \u201c\u0130fad\u0259 Azadl\u0131\u011f\u0131 v\u0259 \u015e\u0259xsi H\u0259yata H\u00f6rm\u0259t sah\u0259sind\u0259 Avropa \u015euras\u0131 v\u0259 Avropa \u0130nsan H\u00fcquqlar\u0131 Konvensiyas\u0131 standartlar\u0131\u201d, \u201cAz\u0259rbaycan Respublikas\u0131n\u0131n qanunvericiliyind\u0259 ifad\u0259 azadl\u0131\u011f\u0131 v\u0259 \u015f\u0259xsi h\u0259yata h\u00f6rm\u0259t\u201d, Az\u0259rbaycan M\u0259tbuat \u015euras\u0131n\u0131n n\u00fcmay\u0259nd\u0259si M\u00fc\u015fviq \u018fl\u0259sg\u0259rli\u201d Media v\u0259 \u015f\u0259xsi h\u0259yata h\u00f6rm\u0259t\u201d, Bak\u0131 D\u00f6vl\u0259t Universiteti Jurnalistika fak\u00fclt\u0259sinin m\u00fc\u0259llimi Sevinc \u018fliyeva \u201cAz\u0259rbaycan jurnalistikas\u0131nda ifad\u0259 azadl\u0131\u011f\u0131 v\u0259 \u015f\u0259xsi h\u0259yata h\u00f6rm\u0259t\u201d, \u201cMing\u0259\u00e7evir \u0130\u015f\u0131qlar\u0131\u201d q\u0259zetinin redaktoru F\u0259rman N\u0259biyev \u201cAz\u0259rbaycanda regional q\u0259zetl\u0259r v\u0259 onlayn me-dia\u201d m\u00f6vzular\u0131nda seminar i\u015ftirak\u00e7\u0131lar\u0131n\u0131 \u0259trafl\u0131 m\u0259lumatland\u0131rm\u0131\u015flar.<br \/>\nDiskussiya \u015f\u0259raitind\u0259 davam ed\u0259n seminarda Yevlax \u015f\u0259h\u0259rind\u0259 \u00e7\u0131xan \u201cK\u00fcr\u201dq\u0259zetinin \u015f\u00f6b\u0259 m\u00fcdiri Ramiz H\u0259midov, \u201cMing\u0259cevir i\u015f\u0131qlar\u0131\u201d q\u0259zetinin \u015f\u00f6b\u0259 m\u00fcdiri Yegan\u0259 N\u0259biyeva, \u201cZaman\u201d q\u0259zetinin \u0259m\u0259kda\u015f\u0131 Esmira Hiday\u0259tova, \u201cSpace\u201d televiziya kanal\u0131n\u0131n b\u00f6lg\u0259 m\u00fcxbiri Zakir Muradov, \u201cMing\u0259cevir\u201d q\u0259zetinin m\u00fcxbiri \u0130lah\u0259 \u0130smay\u0131lova v\u0259 ba\u015fqalar\u0131 yax\u0131ndan i\u015ftirak etmi\u015fl\u0259r.<br \/>\nT\u0259dbird\u0259 M\u00fc\u015fviq \u018fl\u0259sg\u0259rli il\u0259 birlikd\u0259 Avropa \u015euras\u0131 v\u0259 Avropa \u0130ttifaq\u0131n\u0131n birg\u0259 layih\u0259sinin r\u0259hb\u0259ri P\u0259rvan\u0259 Bayramova i\u015ftirak etmi\u015fdir.<\/p>\n<p style=\"text-align: right;\"><em><strong>\u201cYeni T\u0259rt\u0259r\u201d<\/strong><\/em><\/p>\n","protected":false},"excerpt":{"rendered":"<p>Bu g\u00fcnl\u0259rd\u0259 Avropa \u015euras\u0131 v\u0259 Az\u0259rbaycan M\u0259tbuat \u015euras\u0131 birlikd\u0259 \u201c\u0130fad\u0259 Azadl\u0131\u011f\u0131 v\u0259 \u015e\u0259xsi H\u0259yata H\u00f6rm\u0259t\u201d m\u00f6vzusunda seminar kecirmi\u015fl\u0259r. T\u0259dbird\u0259 m\u00fcst\u0259qil ekspert \u018fl\u0259sg\u0259r M\u0259mm\u0259dli \u201c\u0130fad\u0259 Azadl\u0131\u011f\u0131 v\u0259 \u015e\u0259xsi H\u0259yata H\u00f6rm\u0259t sah\u0259sind\u0259 Avropa \u015euras\u0131 v\u0259 Avropa \u0130nsan H\u00fcquqlar\u0131 Konvensiyas\u0131 standartlar\u0131\u201d, \u201cAz\u0259rbaycan Respublikas\u0131n\u0131n qanunvericiliyind\u0259 ifad\u0259 azadl\u0131\u011f\u0131 v\u0259 \u015f\u0259xsi h\u0259yata h\u00f6rm\u0259t\u201d, Az\u0259rbaycan M\u0259tbuat \u015euras\u0131n\u0131n n\u00fcmay\u0259nd\u0259si M\u00fc\u015fviq \u018fl\u0259sg\u0259rli\u201d Media v\u0259 [&hellip;]<\/p>\n","protected":false},"author":2,"featured_media":0,"comment_status":"closed","ping_status":"closed","sticky":false,"template":"","format":"standard","meta":[],"categories":[1],"tags":[13],"_links":{"self":[{"href":"https:\/\/yeniterter.az\/index.php?rest_route=\/wp\/v2\/posts\/3904"}],"collection":[{"href":"https:\/\/yeniterter.az\/index.php?rest_route=\/wp\/v2\/posts"}],"about":[{"href":"https:\/\/yeniterter.az\/index.php?rest_route=\/wp\/v2\/types\/post"}],"author":[{"embeddable":true,"href":"https:\/\/yeniterter.az\/index.php?rest_route=\/wp\/v2\/users\/2"}],"replies":[{"embeddable":true,"href":"https:\/\/yeniterter.az\/index.php?rest_route=%2Fwp%2Fv2%2Fcomments&post=3904"}],"version-history":[{"count":0,"href":"https:\/\/yeniterter.az\/index.php?rest_route=\/wp\/v2\/posts\/3904\/revisions"}],"wp:attachment":[{"href":"https:\/\/yeniterter.az\/index.php?rest_route=%2Fwp%2Fv2%2Fmedia&parent=3904"}],"wp:term":[{"taxonomy":"category","embeddable":true,"href":"https:\/\/yeniterter.az\/index.php?rest_route=%2Fwp%2Fv2%2Fcategories&post=3904"},{"taxonomy":"post_tag","embeddable":true,"href":"https:\/\/yeniterter.az\/index.php?rest_route=%2Fwp%2Fv2%2Ftags&post=3904"}],"curies":[{"name":"wp","href":"https:\/\/api.w.org\/{rel}","templated":true}]}}