{"id":3854,"date":"2016-06-29T10:12:27","date_gmt":"2016-06-29T07:12:27","guid":{"rendered":"http:\/\/www.yeniterter.az\/?p=3854"},"modified":"2016-06-29T10:39:57","modified_gmt":"2016-06-29T07:39:57","slug":"s%c9%99hid-mehrac-mahmudovun-adini-dasiyan-kuc%c9%99nin-acilisi-olub","status":"publish","type":"post","link":"https:\/\/yeniterter.az\/?p=3854","title":{"rendered":"\u015e\u018fH\u0130D MEHRAC MAHMUDOVUN ADINI DA\u015eIYAN K\u00dc\u00c7\u018fN\u0130N A\u00c7ILI\u015eI OLUB"},"content":{"rendered":"<p><img decoding=\"async\" loading=\"lazy\" class=\" wp-image-3855 alignleft\" src=\"http:\/\/www.yeniterter.az\/wp-content\/uploads\/\u0418\u0437\u043e\u0431\u0440\u0430\u0436\u0435\u043d\u0438\u0435-116-1-300x201.jpg\" alt=\"\u0418\u0437\u043e\u0431\u0440\u0430\u0436\u0435\u043d\u0438\u0435 116\" width=\"159\" height=\"106\" srcset=\"https:\/\/yeniterter.az\/wp-content\/uploads\/\u0418\u0437\u043e\u0431\u0440\u0430\u0436\u0435\u043d\u0438\u0435-116-1-300x201.jpg 300w, https:\/\/yeniterter.az\/wp-content\/uploads\/\u0418\u0437\u043e\u0431\u0440\u0430\u0436\u0435\u043d\u0438\u0435-116-1-768x514.jpg 768w, https:\/\/yeniterter.az\/wp-content\/uploads\/\u0418\u0437\u043e\u0431\u0440\u0430\u0436\u0435\u043d\u0438\u0435-116-1-1024x685.jpg 1024w, https:\/\/yeniterter.az\/wp-content\/uploads\/\u0418\u0437\u043e\u0431\u0440\u0430\u0436\u0435\u043d\u0438\u0435-116-1.jpg 1500w\" sizes=\"(max-width: 159px) 100vw, 159px\" \/><img decoding=\"async\" loading=\"lazy\" class=\" wp-image-3856 alignright\" src=\"http:\/\/www.yeniterter.az\/wp-content\/uploads\/DSC_9771-\u041a\u043e\u043f\u0438\u0440\u043e\u0432\u0430\u0442\u044c-300x201.jpg\" alt=\"DSC_9771 (\u041a\u043e\u043f\u0438\u0440\u043e\u0432\u0430\u0442\u044c)\" width=\"153\" height=\"102\" srcset=\"https:\/\/yeniterter.az\/wp-content\/uploads\/DSC_9771-\u041a\u043e\u043f\u0438\u0440\u043e\u0432\u0430\u0442\u044c-300x201.jpg 300w, https:\/\/yeniterter.az\/wp-content\/uploads\/DSC_9771-\u041a\u043e\u043f\u0438\u0440\u043e\u0432\u0430\u0442\u044c-768x514.jpg 768w, https:\/\/yeniterter.az\/wp-content\/uploads\/DSC_9771-\u041a\u043e\u043f\u0438\u0440\u043e\u0432\u0430\u0442\u044c.jpg 1024w\" sizes=\"(max-width: 153px) 100vw, 153px\" \/>T\u0259rt\u0259r \u015f\u0259h\u0259rind\u0259ki k\u00fc\u00e7\u0259l\u0259rd\u0259n birin\u0259 \u00f6lk\u0259mizin \u0259razi b\u00fct\u00f6vl\u00fcy\u00fc u\u011frunda ged\u0259n d\u00f6y\u00fc\u015fl\u0259rd\u0259 q\u0259hr\u0259manl\u0131qla h\u0259lak olmu\u015f h\u0259myerlimiz, \u201cAz\u0259rbaycan Bayra\u011f\u0131\u201d ordenli Mehrac Mahmudovun ad\u0131 verilmi\u015fdir.<br \/>\nBu m\u00fcnasib\u0259tl\u0259 rayon ictimaiyy\u0259ti n\u00fcmay\u0259nd\u0259l\u0259rinin i\u015ftirak\u0131 il\u0259 ke\u00e7iril\u0259n a\u00e7\u0131l\u0131\u015f m\u0259rasimini T\u0259rt\u0259r \u015f\u0259h\u0259r \u0130\u018fD \u00fczr\u0259 n\u00fcmay\u0259nd\u0259 Sahib H\u0259s\u0259nov a\u00e7m\u0131\u015fd\u0131r. \u018fvv\u0259lc\u0259 torpaqlar\u0131m\u0131z u\u011frunda \u015f\u0259hid olan v\u0259t\u0259n o\u011fullar\u0131n\u0131n xatir\u0259si bir d\u0259qiq\u0259lik s\u00fckutla yad edilmi\u015fdir. Sonra rayon icra hakimiyy\u0259tinin ba\u015f\u00e7\u0131s\u0131 M\u00fcst\u0259qim M\u0259mm\u0259dov q\u0259hr\u0259man\u0131n \u00f6m\u00fcr yolundan s\u00f6hb\u0259t a\u00e7m\u0131\u015fd\u0131r. Qeyd etmi\u015fdir ki, Mehrac Mahmudov 23 aprel 1994-c\u00fc il tarixd\u0259 A\u011fdam rayonunun \u0130lx\u0131\u00e7\u0131lar k\u0259ndi u\u011frunda ged\u0259n d\u00f6y\u00fc\u015fd\u0259 \u015f\u0259hid olmu\u015fdur. O, \u00f6l\u00fcm\u00fcnd\u0259n sonra, 1998-ci il iyun ay\u0131n\u0131n 24-d\u0259 torpaqlar\u0131m\u0131z\u0131n erm\u0259ni i\u015f\u011fal\u00e7\u0131lar\u0131ndan m\u00fcdafi\u0259 edilm\u0259sind\u0259 g\u00f6st\u0259rdiyi x\u00fcsusi xidm\u0259tl\u0259rin\u0259, \u015f\u0259xsi igidlik v\u0259 \u015f\u00fcca\u0259tin\u0259 g\u00f6r\u0259 \u201cAz\u0259rbaycan Bayra\u011f\u0131\u201d ordeni il\u0259 t\u0259ltif olunmu\u015fdur.<br \/>\nRayon r\u0259hb\u0259ri Qaraba\u011f M\u00fcharib\u0259si veteranlar\u0131na, \u015f\u0259hid ail\u0259l\u0259rin\u0259 d\u00f6vl\u0259t t\u0259r\u0259find\u0259n g\u00f6st\u0259ril\u0259n diqq\u0259t v\u0259 qay\u011f\u0131dan dan\u0131\u015fm\u0131\u015fd\u0131r.<!--more--><br \/>\nT\u0259dbird\u0259 i\u015ftirak ed\u0259n Mehrac Mahmodovun d\u00f6y\u00fc\u015f yolda\u015flar\u0131\u2013Qaraba\u011f \u018flill\u0259ri, Veteranlar\u0131 v\u0259 \u015e\u0259hid Ail\u0259l\u0259ri \u0130ctimai Birliyi rayon \u015f\u00f6b\u0259sinin s\u0259dri Suliddin Yusibov, T\u0259rt\u0259r Batalyonunun ke\u00e7mi\u015f q\u0259rargah r\u0259isi, II qrup Qaraba\u011f m\u00fcharib\u0259si \u0259lili P\u0259nah M\u0259mm\u0259dov, \u201cAz\u0259rbaycan Bayra\u011f\u0131\u201d ordenli, V\u0259t\u0259n M\u00fcharib\u0259si Veteranlar\u0131 \u0130ctimai Birliyi rayon \u015f\u00f6b\u0259sinin s\u0259dri Nizami Heyd\u0259rov, N. sayl\u0131 h\u0259rbi hiss\u0259nin zabiti, Mehrac Mahmudovun bac\u0131s\u0131 o\u011flu Elnur F\u0259rz\u0259liyev \u00e7\u0131x\u0131\u015f ed\u0259r\u0259k \u00f6lk\u0259mizd\u0259 torpaqlar\u0131m\u0131z\u0131n \u0259razi b\u00fct\u00f6vl\u00fcy\u00fc u\u011frunda canlar\u0131ndan ke\u00e7\u0259n m\u0259rd o\u011fullara, onlar\u0131n ail\u0259l\u0259rin\u0259 g\u00f6st\u0259ril\u0259n diqq\u0259t v\u0259 qay\u011f\u0131dan dan\u0131\u015fm\u0131\u015flar.<br \/>\nMehrac Mahmudovun o\u011flu Ziya Mahmudov, bac\u0131s\u0131 Valid\u0259 Mahmudova \u015f\u0259hidin xatir\u0259sin\u0259 g\u00f6st\u0259rdikl\u0259ri ehtirama g\u00f6r\u0259 Az\u0259rbaycan Respublikas\u0131n\u0131n Prezidenti c\u0259nab \u0130lham \u018fliyev\u0259, el\u0259c\u0259 d\u0259 rayon r\u0259hb\u0259rin\u0259 minn\u0259tdarl\u0131qlar\u0131n\u0131 bildirmi\u015fl\u0259r.<br \/>\nSonra m\u0259rasim i\u015ftirak\u00e7\u0131lar\u0131n\u0131n alq\u0131\u015f s\u0259dalar\u0131 alt\u0131nda rayon icra hakimiyy\u0259tinin ba\u015f\u00e7\u0131s\u0131 M\u00fcst\u0259qim M\u0259mm\u0259dov, Mehrac Mahmudovun o\u011flu v\u0259 bac\u0131s\u0131 \u015f\u0259hidin ad\u0131n\u0131 da\u015f\u0131yacaq k\u00fc\u00e7\u0259y\u0259 vurulmu\u015f barelyefin \u00fcz\u0259rind\u0259n a\u011f \u00f6rt\u00fcy\u00fc g\u00f6t\u00fcrm\u00fc\u015fl\u0259r.<br \/>\nT\u0259dbird\u0259 Respublika Ba\u015f Prokurorunun b\u00f6y\u00fck k\u00f6m\u0259k\u00e7isi M\u00fcbariz \u018fhm\u0259dov, ba\u015f prokurorlu\u011fun m\u0259sul \u0259m\u0259kda\u015flar\u0131 N\u0259simi S\u0259f\u0259rov v\u0259 Taleh Zeynalov da i\u015ftirak etmi\u015fdir.<\/p>\n<p style=\"text-align: right;\"><em><strong>\u201cYeni T\u0259rt\u0259r\u201d<\/strong><\/em><\/p>\n","protected":false},"excerpt":{"rendered":"<p>T\u0259rt\u0259r \u015f\u0259h\u0259rind\u0259ki k\u00fc\u00e7\u0259l\u0259rd\u0259n birin\u0259 \u00f6lk\u0259mizin \u0259razi b\u00fct\u00f6vl\u00fcy\u00fc u\u011frunda ged\u0259n d\u00f6y\u00fc\u015fl\u0259rd\u0259 q\u0259hr\u0259manl\u0131qla h\u0259lak olmu\u015f h\u0259myerlimiz, \u201cAz\u0259rbaycan Bayra\u011f\u0131\u201d ordenli Mehrac Mahmudovun ad\u0131 verilmi\u015fdir. Bu m\u00fcnasib\u0259tl\u0259 rayon ictimaiyy\u0259ti n\u00fcmay\u0259nd\u0259l\u0259rinin i\u015ftirak\u0131 il\u0259 ke\u00e7iril\u0259n a\u00e7\u0131l\u0131\u015f m\u0259rasimini T\u0259rt\u0259r \u015f\u0259h\u0259r \u0130\u018fD \u00fczr\u0259 n\u00fcmay\u0259nd\u0259 Sahib H\u0259s\u0259nov a\u00e7m\u0131\u015fd\u0131r. \u018fvv\u0259lc\u0259 torpaqlar\u0131m\u0131z u\u011frunda \u015f\u0259hid olan v\u0259t\u0259n o\u011fullar\u0131n\u0131n xatir\u0259si bir d\u0259qiq\u0259lik s\u00fckutla yad edilmi\u015fdir. Sonra rayon icra [&hellip;]<\/p>\n","protected":false},"author":2,"featured_media":0,"comment_status":"closed","ping_status":"closed","sticky":false,"template":"","format":"standard","meta":[],"categories":[1],"tags":[13],"_links":{"self":[{"href":"https:\/\/yeniterter.az\/index.php?rest_route=\/wp\/v2\/posts\/3854"}],"collection":[{"href":"https:\/\/yeniterter.az\/index.php?rest_route=\/wp\/v2\/posts"}],"about":[{"href":"https:\/\/yeniterter.az\/index.php?rest_route=\/wp\/v2\/types\/post"}],"author":[{"embeddable":true,"href":"https:\/\/yeniterter.az\/index.php?rest_route=\/wp\/v2\/users\/2"}],"replies":[{"embeddable":true,"href":"https:\/\/yeniterter.az\/index.php?rest_route=%2Fwp%2Fv2%2Fcomments&post=3854"}],"version-history":[{"count":0,"href":"https:\/\/yeniterter.az\/index.php?rest_route=\/wp\/v2\/posts\/3854\/revisions"}],"wp:attachment":[{"href":"https:\/\/yeniterter.az\/index.php?rest_route=%2Fwp%2Fv2%2Fmedia&parent=3854"}],"wp:term":[{"taxonomy":"category","embeddable":true,"href":"https:\/\/yeniterter.az\/index.php?rest_route=%2Fwp%2Fv2%2Fcategories&post=3854"},{"taxonomy":"post_tag","embeddable":true,"href":"https:\/\/yeniterter.az\/index.php?rest_route=%2Fwp%2Fv2%2Ftags&post=3854"}],"curies":[{"name":"wp","href":"https:\/\/api.w.org\/{rel}","templated":true}]}}