{"id":3762,"date":"2016-06-13T14:21:22","date_gmt":"2016-06-13T11:21:22","guid":{"rendered":"http:\/\/www.yeniterter.az\/?p=3762"},"modified":"2016-06-13T14:27:57","modified_gmt":"2016-06-13T11:27:57","slug":"iyunun-15-i-milli-qurtulus-gunudur","status":"publish","type":"post","link":"https:\/\/yeniterter.az\/?p=3762","title":{"rendered":"\u0130YUNUN 15-i M\u0130LL\u0130 QURTULU\u015e G\u00dcN\u00dcD\u00dcR"},"content":{"rendered":"<p><strong>\u0130YUNUN 15-i M\u0130LL\u0130 QURTULU\u015e G\u00dcN\u00dcD\u00dcR<\/strong><\/p>\n<p><img decoding=\"async\" loading=\"lazy\" class=\" wp-image-3748 alignleft\" src=\"http:\/\/www.yeniterter.az\/wp-content\/uploads\/HeyderEliyev400_1-300x209.jpg\" alt=\"HeyderEliyev400_1\" width=\"169\" height=\"118\" srcset=\"https:\/\/yeniterter.az\/wp-content\/uploads\/HeyderEliyev400_1-300x209.jpg 300w, https:\/\/yeniterter.az\/wp-content\/uploads\/HeyderEliyev400_1-768x535.jpg 768w, https:\/\/yeniterter.az\/wp-content\/uploads\/HeyderEliyev400_1-1024x714.jpg 1024w\" sizes=\"(max-width: 169px) 100vw, 169px\" \/>1993-c\u00fc ilin iyun ay\u0131n\u0131n 15-i \u2013 Az\u0259rbaycan tarixin\u0259 Milli Qurtulu\u015f G\u00fcn\u00fc kimi daxil oldu v\u0259 d\u00f6vl\u0259t\u00e7iliyimiz yox olmaq t\u0259hl\u00fck\u0259sind\u0259n qurtard\u0131. \u00d6z xilaskar missiyas\u0131 il\u0259 Heyd\u0259r \u018fliyev respublikan\u0131n m\u00fcst\u0259qilliyini qorudu, \u00f6lk\u0259d\u0259 t\u00fc\u011fyan ed\u0259n ictimai-siyasi b\u00f6hran\u0131 aradan qald\u0131rd\u0131 v\u0259 inki\u015faf\u0131n t\u0259m\u0259lini qoydu. Bu g\u00fcn milli qurtulu\u015f ideologiyas\u0131n\u0131n t\u0259nt\u0259n\u0259si m\u00fcst\u0259qil respublikam\u0131z\u0131n davaml\u0131 inki\u015faf\u0131nda \u00f6z\u00fcn\u00fc b\u00fcruz\u0259 verir, regionda v\u0259 d\u00fcnyada Az\u0259rbaycan\u0131n n\u00fcfuzu daha da art\u0131r. Milli qurtulu\u015f f\u0259ls\u0259f\u0259si s\u00f6z\u00fcn geni\u015f m\u0259nas\u0131nda Az\u0259rbaycan\u0131n m\u00f6vcudlu\u011funu, onun \u0259n b\u00f6y\u00fck tarixi nailiyy\u0259tini \u2013 m\u00fcst\u0259qilliyini t\u0259min etdi. H\u0259min g\u00fcn xalq\u0131n inadl\u0131 t\u0259l\u0259bi il\u0259 2-ci d\u0259f\u0259 hakimiyy\u0259t\u0259 qay\u0131dan Heyd\u0259r \u018fliyev Ali Sovetin s\u0259dri se\u00e7ildi. Bununla da uzun ill\u0259r davam ed\u0259n g\u0259rginlik v\u0259 qar\u015f\u0131durma s\u0259ngidi v\u0259 \u00f6lk\u0259 v\u0259t\u0259nda\u015f m\u00fcharib\u0259si v\u0259 par\u00e7alanma t\u0259hl\u00fck\u0259sind\u0259n xilas oldu.<br \/>\nMilli M\u0259clisin 1993-c\u00fc il iyunun 15-d\u0259 ke\u00e7iril\u0259n iclas\u0131ndak\u0131 \u00e7\u0131x\u0131\u015f\u0131nda Ulu \u00d6nd\u0259r Az\u0259rbaycan d\u00f6vl\u0259t\u00e7iliyinin g\u0259l\u0259c\u0259k inki\u015faf strategiyas\u0131n\u0131 elan etdi v\u0259 sonrak\u0131 ill\u0259rd\u0259 onu h\u0259yata ke\u00e7irdi. \u018fg\u0259r m\u00fcst\u0259qilliyi qazanmaq ilkin \u015f\u0259rt idis\u0259, ikinci vacib m\u0259s\u0259l\u0259 suverenliyi qoruyub inki\u015faf etdirm\u0259k idi v\u0259 bu, \u00dcmummilli Liderin irad\u0259si say\u0259sind\u0259 reall\u0131\u011fa \u00e7evrildi. O, milli d\u00f6vl\u0259t\u00e7iliyi-mizin konsepsiyas\u0131n\u0131 yaratd\u0131.<!--more--> B\u00fct\u00fcn mane\u0259l\u0259r\u0259 baxmayaraq, \u0259n q\u0131sa m\u00fcdd\u0259td\u0259 \u00f6lk\u0259d\u0259 ictimai-siyasi sabitlik b\u0259rpa olundu. AXC- M\u00fcsavat hakimiy-y\u0259ti is\u0259 t\u0259bii ki, Heyd\u0259r \u018fliyevin u\u011furlar\u0131n\u0131 q\u0131sqancl\u0131qla qar\u015f\u0131lay\u0131b ona mane olma\u011fa \u00e7al\u0131\u015fd\u0131. \u018fb\u00fclf\u0259z El\u00e7ib\u0259yin iyunun 17-d\u0259n 18-n\u0259 ke\u00e7\u0259n gec\u0259 he\u00e7 bir d\u00f6vl\u0259t orqan\u0131na x\u0259b\u0259rdarl\u0131q etm\u0259d\u0259n Bak\u0131dan Ordubad rayonunun K\u0259l\u0259ki k\u0259ndin\u0259 getm\u0259si d\u0259 m\u0259hz buna y\u00f6n\u0259lmi\u015fdi. V\u0259ziyy\u0259td\u0259n s\u0259brl\u0259 \u00e7\u0131xan prezident Heyd\u0259r \u018fliyev televiziyadan xalqa m\u00fcraci\u0259t etdi. \u0130yunun 20-d\u0259 Az\u0259rbaycan h\u0259qiq\u0259tl\u0259rinin d\u00fcnya ictimaiyy\u0259tin\u0259 \u00e7atd\u0131r\u0131lmas\u0131 \u00fc\u00e7\u00fcn yerli v\u0259 xarici jurnalistl\u0259r \u00fc\u00e7\u00fcn brifinq ke\u00e7irdi. \u0130yunun 21-d\u0259 is\u0259 bir s\u0131ra \u00f6lk\u0259l\u0259rin diplomatlar\u0131 il\u0259 g\u00f6r\u00fc\u015fd\u00fc. Bu sah\u0259d\u0259 y\u00fcr\u00fcd\u00fcl\u0259n siyas\u0259t respublikan\u0131 informasiya blokadas\u0131ndan \u00e7\u0131xartd\u0131. D\u00fcnyada \u00f6lk\u0259mizl\u0259 ba\u011fl\u0131 formala\u015fan fikri m\u00fcsb\u0259t y\u00f6n\u00fcmd\u0259 d\u0259yi\u015fdi. M\u0259hz bel\u0259 bir m\u00fcr\u0259kk\u0259b siyasi \u015f\u0259raitd\u0259 Heyd\u0259r \u018fliyevin b\u00f6y\u00fck potensial\u0131 Az\u0259rbaycan\u0131n m\u00fcst\u0259qilliyinin qarant\u0131na \u00e7evrildi. \u00dcmummilli Liderin \u015f\u0259xsiyy\u0259ti, onun \u00f6z\u00fcn\u0259m\u0259xsus siyasi idar\u0259etm\u0259 qabiliyy\u0259ti v\u0259 q\u0259tiyy\u0259ti b\u00f6hrana son qoydu v\u0259 Az\u0259rbaycan\u0131n d\u00fcnya birliyin\u0259 inteqrasiyas\u0131 ba\u015fland\u0131.<\/p>\n","protected":false},"excerpt":{"rendered":"<p>\u0130YUNUN 15-i M\u0130LL\u0130 QURTULU\u015e G\u00dcN\u00dcD\u00dcR 1993-c\u00fc ilin iyun ay\u0131n\u0131n 15-i \u2013 Az\u0259rbaycan tarixin\u0259 Milli Qurtulu\u015f G\u00fcn\u00fc kimi daxil oldu v\u0259 d\u00f6vl\u0259t\u00e7iliyimiz yox olmaq t\u0259hl\u00fck\u0259sind\u0259n qurtard\u0131. \u00d6z xilaskar missiyas\u0131 il\u0259 Heyd\u0259r \u018fliyev respublikan\u0131n m\u00fcst\u0259qilliyini qorudu, \u00f6lk\u0259d\u0259 t\u00fc\u011fyan ed\u0259n ictimai-siyasi b\u00f6hran\u0131 aradan qald\u0131rd\u0131 v\u0259 inki\u015faf\u0131n t\u0259m\u0259lini qoydu. Bu g\u00fcn milli qurtulu\u015f ideologiyas\u0131n\u0131n t\u0259nt\u0259n\u0259si m\u00fcst\u0259qil respublikam\u0131z\u0131n davaml\u0131 inki\u015faf\u0131nda [&hellip;]<\/p>\n","protected":false},"author":2,"featured_media":0,"comment_status":"closed","ping_status":"closed","sticky":false,"template":"","format":"standard","meta":[],"categories":[30],"tags":[32],"_links":{"self":[{"href":"https:\/\/yeniterter.az\/index.php?rest_route=\/wp\/v2\/posts\/3762"}],"collection":[{"href":"https:\/\/yeniterter.az\/index.php?rest_route=\/wp\/v2\/posts"}],"about":[{"href":"https:\/\/yeniterter.az\/index.php?rest_route=\/wp\/v2\/types\/post"}],"author":[{"embeddable":true,"href":"https:\/\/yeniterter.az\/index.php?rest_route=\/wp\/v2\/users\/2"}],"replies":[{"embeddable":true,"href":"https:\/\/yeniterter.az\/index.php?rest_route=%2Fwp%2Fv2%2Fcomments&post=3762"}],"version-history":[{"count":0,"href":"https:\/\/yeniterter.az\/index.php?rest_route=\/wp\/v2\/posts\/3762\/revisions"}],"wp:attachment":[{"href":"https:\/\/yeniterter.az\/index.php?rest_route=%2Fwp%2Fv2%2Fmedia&parent=3762"}],"wp:term":[{"taxonomy":"category","embeddable":true,"href":"https:\/\/yeniterter.az\/index.php?rest_route=%2Fwp%2Fv2%2Fcategories&post=3762"},{"taxonomy":"post_tag","embeddable":true,"href":"https:\/\/yeniterter.az\/index.php?rest_route=%2Fwp%2Fv2%2Ftags&post=3762"}],"curies":[{"name":"wp","href":"https:\/\/api.w.org\/{rel}","templated":true}]}}