{"id":3747,"date":"2016-06-13T13:39:36","date_gmt":"2016-06-13T10:39:36","guid":{"rendered":"http:\/\/www.yeniterter.az\/?p=3747"},"modified":"2016-06-13T14:15:36","modified_gmt":"2016-06-13T11:15:36","slug":"almaniya-az%c9%99rbaycan-ikit%c9%99r%c9%99fli-%c9%99m%c9%99kdasliq-mohk%c9%99ml%c9%99nir","status":"publish","type":"post","link":"https:\/\/yeniterter.az\/?p=3747","title":{"rendered":"ALMAN\u0130YA \u2013 AZ\u018fRBAYCAN: \u0130K\u0130T\u018fR\u018fFL\u0130 \u018fM\u018fKDA\u015eLIQ M\u00d6HK\u018fML\u018fN\u0130R"},"content":{"rendered":"<p><img decoding=\"async\" loading=\"lazy\" class=\"wp-image-3755 alignright\" src=\"http:\/\/www.yeniterter.az\/wp-content\/uploads\/aa80e5cfe41962effc80f58ca747bc3c-300x214.jpg\" alt=\"image description\" width=\"171\" height=\"122\" srcset=\"https:\/\/yeniterter.az\/wp-content\/uploads\/aa80e5cfe41962effc80f58ca747bc3c-300x214.jpg 300w, https:\/\/yeniterter.az\/wp-content\/uploads\/aa80e5cfe41962effc80f58ca747bc3c.jpg 466w\" sizes=\"(max-width: 171px) 100vw, 171px\" \/><\/p>\n<p>D\u00f6vl\u0259timizin ba\u015f\u00e7\u0131s\u0131 \u0130lham \u018fliyev bu g\u00fcnl\u0259rd\u0259 Almaniya Federativ Respublikas\u0131na i\u015fg\u00fczar s\u0259f\u0259ri zaman\u0131 Berlind\u0259 Almaniya Federativ Respublikas\u0131n\u0131n Kansleri Angela Merkel, vitse-kansler, iqtisadiyyat v\u0259 enerji naziri Ziqmar Qabriel, Alman \u2013 Az\u0259rbaycan Forumu \u0130dar\u0259 Hey\u0259tinin s\u0259dri Hans-Eberhard \u015elayer, M\u00fcnxen T\u0259hl\u00fck\u0259sizlik Konfrans\u0131n\u0131n s\u0259dri Volfqanq Fredrik \u0130\u015finger il\u0259 g\u00f6r\u00fc\u015f\u00fcnd\u0259 ikit\u0259r\u0259fli \u0259m\u0259kda\u015fl\u0131\u011f\u0131n inki\u015faf perspektivl\u0259rini m\u00fczakir\u0259 etdi.<\/p>\n<p>Prezident \u0130lham \u018fliyev Almaniya Kansleri Angela Merkel il\u0259 g\u00f6r\u00fc\u015fd\u0259 n\u00fcfuzlu Avropa d\u00f6vl\u0259tl\u0259rind\u0259n olan Almaniya il\u0259 respublikam\u0131z\u0131n s\u0131x \u0259m\u0259kda\u015fl\u0131q etm\u0259k niyy\u0259tini a\u00e7\u0131q ifad\u0259 etmi\u015fdir: \u201cBu g\u00fcn xan\u0131m Kanslerl\u0259 g\u00f6r\u00fc\u015f biz\u0259 bir daha ikit\u0259r\u0259fli g\u00fcnd\u0259liyimiz\u0259 daxil olan vacib m\u0259s\u0259l\u0259l\u0259r, habel\u0259 regional m\u0259s\u0259l\u0259l\u0259rl\u0259 ba\u011fl\u0131 fikir m\u00fcbadil\u0259si aparmaq imkan\u0131 verdi. Xan\u0131m Kanslerin qeyd etdiyi kimi, biz qar\u015f\u0131l\u0131ql\u0131 mara\u011fa v\u0259 \u0259h\u0259miyy\u0259t\u0259 malik olan bir \u00e7ox sah\u0259l\u0259ri m\u00fczakir\u0259 etdik. \u018fmin\u0259m ki, Almaniya \u2013 Az\u0259rbaycan \u0259laq\u0259l\u0259rinin u\u011furlu inki\u015faf\u0131 regionumuzda s\u00fclh v\u0259 sabitliyin m\u00f6hk\u0259ml\u0259nm\u0259sin\u0259 xidm\u0259t ed\u0259c\u0259k. \u018flb\u0259tt\u0259 ki, Erm\u0259nistan-Az\u0259rbaycan, Da\u011fl\u0131q Qaraba\u011f m\u00fcnaqi\u015f\u0259sinin h\u0259lli m\u00fczakir\u0259l\u0259rimizin \u0259n vacib hiss\u0259l\u0259rind\u0259n biri idi. Biz bu m\u00fcnaqi\u015f\u0259nin beyn\u0259lxalq h\u00fcquq normalari v\u0259 BMT-nin T\u0259hl\u00fck\u0259sizlik \u015euras\u0131 t\u0259r\u0259find\u0259n q\u0259bul edilmi\u015f q\u0259tnam\u0259l\u0259rin icra olunmas\u0131 \u0259sas\u0131nda \u0259n tez zamanda h\u0259llini ist\u0259yirik\u201d.<br \/>\nPrezident \u0130lham \u018fliyev Almaniyada ke\u00e7irdiyi m\u00fcxt\u0259lif t\u0259dbirl\u0259rd\u0259 h\u0259m\u00e7inin Almaniya Bundestaq\u0131nda Erm\u0259nistanla ba\u011fl\u0131 q\u0259tnam\u0259 q\u0259bul edilm\u0259si m\u0259s\u0259l\u0259sin\u0259 toxunmu\u015f v\u0259 Az\u0259rbaycan\u0131n daim qarda\u015f T\u00fcrkiy\u0259nin t\u0259r\u0259find\u0259 oldu\u011funu bildirmi\u015fdir.<\/p>\n<p style=\"text-align: right;\"><em><strong>\u201cYeni T\u0259rt\u0259r\u201d<\/strong><\/em><\/p>\n","protected":false},"excerpt":{"rendered":"<p>D\u00f6vl\u0259timizin ba\u015f\u00e7\u0131s\u0131 \u0130lham \u018fliyev bu g\u00fcnl\u0259rd\u0259 Almaniya Federativ Respublikas\u0131na i\u015fg\u00fczar s\u0259f\u0259ri zaman\u0131 Berlind\u0259 Almaniya Federativ Respublikas\u0131n\u0131n Kansleri Angela Merkel, vitse-kansler, iqtisadiyyat v\u0259 enerji naziri Ziqmar Qabriel, Alman \u2013 Az\u0259rbaycan Forumu \u0130dar\u0259 Hey\u0259tinin s\u0259dri Hans-Eberhard \u015elayer, M\u00fcnxen T\u0259hl\u00fck\u0259sizlik Konfrans\u0131n\u0131n s\u0259dri Volfqanq Fredrik \u0130\u015finger il\u0259 g\u00f6r\u00fc\u015f\u00fcnd\u0259 ikit\u0259r\u0259fli \u0259m\u0259kda\u015fl\u0131\u011f\u0131n inki\u015faf perspektivl\u0259rini m\u00fczakir\u0259 etdi. Prezident \u0130lham \u018fliyev Almaniya Kansleri [&hellip;]<\/p>\n","protected":false},"author":2,"featured_media":0,"comment_status":"closed","ping_status":"closed","sticky":false,"template":"","format":"standard","meta":[],"categories":[1],"tags":[13],"_links":{"self":[{"href":"https:\/\/yeniterter.az\/index.php?rest_route=\/wp\/v2\/posts\/3747"}],"collection":[{"href":"https:\/\/yeniterter.az\/index.php?rest_route=\/wp\/v2\/posts"}],"about":[{"href":"https:\/\/yeniterter.az\/index.php?rest_route=\/wp\/v2\/types\/post"}],"author":[{"embeddable":true,"href":"https:\/\/yeniterter.az\/index.php?rest_route=\/wp\/v2\/users\/2"}],"replies":[{"embeddable":true,"href":"https:\/\/yeniterter.az\/index.php?rest_route=%2Fwp%2Fv2%2Fcomments&post=3747"}],"version-history":[{"count":0,"href":"https:\/\/yeniterter.az\/index.php?rest_route=\/wp\/v2\/posts\/3747\/revisions"}],"wp:attachment":[{"href":"https:\/\/yeniterter.az\/index.php?rest_route=%2Fwp%2Fv2%2Fmedia&parent=3747"}],"wp:term":[{"taxonomy":"category","embeddable":true,"href":"https:\/\/yeniterter.az\/index.php?rest_route=%2Fwp%2Fv2%2Fcategories&post=3747"},{"taxonomy":"post_tag","embeddable":true,"href":"https:\/\/yeniterter.az\/index.php?rest_route=%2Fwp%2Fv2%2Ftags&post=3747"}],"curies":[{"name":"wp","href":"https:\/\/api.w.org\/{rel}","templated":true}]}}