{"id":3745,"date":"2016-06-13T13:32:17","date_gmt":"2016-06-13T10:32:17","guid":{"rendered":"http:\/\/www.yeniterter.az\/?p=3745"},"modified":"2016-06-14T09:51:28","modified_gmt":"2016-06-14T06:51:28","slug":"bakida-dunya-az%c9%99rbaycanlilarinin-iv-qurultayi-kecirilib","status":"publish","type":"post","link":"https:\/\/yeniterter.az\/?p=3745","title":{"rendered":"BAKIDA  D\u00dcNYA   AZ\u018fRBAYCANLILARININ     IV QURULTAYI KE\u00c7\u0130R\u0130L\u0130B"},"content":{"rendered":"<p><img decoding=\"async\" loading=\"lazy\" class=\" wp-image-3767 alignleft\" src=\"http:\/\/www.yeniterter.az\/wp-content\/uploads\/14649383583596214171_1000x669-300x215.jpg\" alt=\"14649383583596214171_1000x669\" width=\"154\" height=\"110\" srcset=\"https:\/\/yeniterter.az\/wp-content\/uploads\/14649383583596214171_1000x669-300x215.jpg 300w, https:\/\/yeniterter.az\/wp-content\/uploads\/14649383583596214171_1000x669-768x551.jpg 768w, https:\/\/yeniterter.az\/wp-content\/uploads\/14649383583596214171_1000x669.jpg 933w\" sizes=\"(max-width: 154px) 100vw, 154px\" \/><img decoding=\"async\" loading=\"lazy\" class=\" wp-image-3768 alignright\" src=\"http:\/\/www.yeniterter.az\/wp-content\/uploads\/14649383585691462868_1000x669-300x200.jpg\" alt=\"14649383585691462868_1000x669\" width=\"153\" height=\"102\" srcset=\"https:\/\/yeniterter.az\/wp-content\/uploads\/14649383585691462868_1000x669-300x200.jpg 300w, https:\/\/yeniterter.az\/wp-content\/uploads\/14649383585691462868_1000x669-768x511.jpg 768w, https:\/\/yeniterter.az\/wp-content\/uploads\/14649383585691462868_1000x669.jpg 1000w\" sizes=\"(max-width: 153px) 100vw, 153px\" \/>\u0130ki g\u00fcn davam ed\u0259n t\u0259dbirin a\u00e7\u0131l\u0131\u015f\u0131nda Az\u0259rbaycan Prezidenti \u0130lham \u018fliyev \u00e7\u0131x\u0131\u015f edib.<br \/>\nQurultayda 49 \u00f6lk\u0259d\u0259n 500-d\u0259n \u00e7ox diaspor n\u00fcmay\u0259nd\u0259si v\u0259 qonaq i\u015ftirak edib. Qonaqlar\u0131n i\u00e7\u0259risind\u0259 xarici \u00f6lk\u0259l\u0259rin Az\u0259rbaycana dost m\u00fcnasib\u0259til\u0259 tan\u0131nan n\u00fcfuzlu siyas\u0259t\u00e7il\u0259ri, ictimai xadiml\u0259ri, elm adamlar\u0131 v\u0259 bir ne\u00e7\u0259 \u00f6lk\u0259nin y\u00fcks\u0259k v\u0259zif\u0259li \u015f\u0259xsl\u0259ri, parlament \u00fczvl\u0259ri d\u0259 olub. Xaricd\u0259n d\u0259v\u0259t edil\u0259n qonaqlarla yana\u015f\u0131, qurultay\u0131n i\u015fin\u0259 Az\u0259rbaycan\u0131n m\u00fcxt\u0259lif d\u00f6vl\u0259t v\u0259 h\u00f6kum\u0259t strukturlar\u0131n\u0131n, qeyri-h\u00f6kum\u0259t t\u0259\u015fkilatlar\u0131n\u0131n, elm, t\u0259hsil, m\u0259d\u0259niyy\u0259t v\u0259 dig\u0259r yarad\u0131c\u0131 qurumlar\u0131n, siyasi partiyalar\u0131n t\u0259msil\u00e7il\u0259rind\u0259n ibar\u0259t 360 n\u0259f\u0259rlik n\u00fcmay\u0259nd\u0259 hey\u0259ti d\u0259 qat\u0131l\u0131b.<br \/>\nQurultaydak\u0131 nitqind\u0259 Prezident \u0130lham \u018fliyev deyib ki, xaricd\u0259 f\u0259aliyy\u0259t g\u00f6st\u0259r\u0259n diaspor t\u0259\u015fkilatlar\u0131 bir n\u00f6qt\u0259y\u0259 vurmal\u0131, birl\u0259\u015fm\u0259lidirl\u0259r. \u00c7\u00fcnki birlik \u0259sas m\u0259s\u0259l\u0259dir.<br \/>\nD\u00f6vl\u0259timizin ba\u015f\u00e7\u0131s\u0131 xaricd\u0259 ya\u015fayan az\u0259rbaycanl\u0131lar\u0131 \u00f6lk\u0259miz\u0259 s\u0259rmay\u0259 qoyma\u011fa \u00e7a\u011f\u0131r\u0131b. O qeyd edib ki, s\u0259rmay\u0259 qoyulu\u015fu \u00fc\u00e7\u00fcn Az\u0259rbaycan d\u00fcnya miqyas\u0131nda \u0259n c\u0259lbedici \u00f6lk\u0259l\u0259rd\u0259n biridir.<!--more--><br \/>\nPrezident h\u0259m\u00e7inin qurultay i\u015ftirak\u00e7\u0131lar\u0131na m\u00fcraci\u0259t ed\u0259r\u0259k bildirib ki, Az\u0259rbaycan h\u0259qiq\u0259tl\u0259rinin d\u00fcn-yaya \u00e7atd\u0131r\u0131lmas\u0131nda diaspor t\u0259\u015fkilatlar\u0131 daha f\u0259al olmal\u0131d\u0131r.<br \/>\nAz\u0259rbaycan Prezidenti \u0130lham \u018fliyev nitqind\u0259 bildirib ki, Erm\u0259nistan prezidenti Serj Sarkisyan bu il may\u0131n 31-d\u0259 Astanada Avrasiya \u0130qtisadi \u0130ttifaq\u0131n\u0131n Zirv\u0259 g\u00f6r\u00fc\u015f\u00fcnd\u0259 \u00e7\u0131x\u0131\u015f ed\u0259rk\u0259n d\u00f6rd d\u0259f\u0259 yalan dan\u0131\u015f\u0131b. Sarkisyan bu yalanlar\u0131n s\u0259viyy\u0259sin\u0259 g\u00f6r\u0259 \u201cGinnesin rekordlar kitab\u0131\u201dna d\u00fc\u015f\u0259 bil\u0259r v\u0259 bu, bel\u0259 d\u0259 olacaq.<\/p>\n<p style=\"text-align: right;\"><strong><em>\u201cYeni T\u0259rt\u0259r\u201d<\/em><\/strong><\/p>\n","protected":false},"excerpt":{"rendered":"<p>\u0130ki g\u00fcn davam ed\u0259n t\u0259dbirin a\u00e7\u0131l\u0131\u015f\u0131nda Az\u0259rbaycan Prezidenti \u0130lham \u018fliyev \u00e7\u0131x\u0131\u015f edib. Qurultayda 49 \u00f6lk\u0259d\u0259n 500-d\u0259n \u00e7ox diaspor n\u00fcmay\u0259nd\u0259si v\u0259 qonaq i\u015ftirak edib. Qonaqlar\u0131n i\u00e7\u0259risind\u0259 xarici \u00f6lk\u0259l\u0259rin Az\u0259rbaycana dost m\u00fcnasib\u0259til\u0259 tan\u0131nan n\u00fcfuzlu siyas\u0259t\u00e7il\u0259ri, ictimai xadiml\u0259ri, elm adamlar\u0131 v\u0259 bir ne\u00e7\u0259 \u00f6lk\u0259nin y\u00fcks\u0259k v\u0259zif\u0259li \u015f\u0259xsl\u0259ri, parlament \u00fczvl\u0259ri d\u0259 olub. Xaricd\u0259n d\u0259v\u0259t edil\u0259n qonaqlarla yana\u015f\u0131, qurultay\u0131n i\u015fin\u0259 [&hellip;]<\/p>\n","protected":false},"author":2,"featured_media":0,"comment_status":"closed","ping_status":"closed","sticky":false,"template":"","format":"standard","meta":[],"categories":[1],"tags":[13],"_links":{"self":[{"href":"https:\/\/yeniterter.az\/index.php?rest_route=\/wp\/v2\/posts\/3745"}],"collection":[{"href":"https:\/\/yeniterter.az\/index.php?rest_route=\/wp\/v2\/posts"}],"about":[{"href":"https:\/\/yeniterter.az\/index.php?rest_route=\/wp\/v2\/types\/post"}],"author":[{"embeddable":true,"href":"https:\/\/yeniterter.az\/index.php?rest_route=\/wp\/v2\/users\/2"}],"replies":[{"embeddable":true,"href":"https:\/\/yeniterter.az\/index.php?rest_route=%2Fwp%2Fv2%2Fcomments&post=3745"}],"version-history":[{"count":0,"href":"https:\/\/yeniterter.az\/index.php?rest_route=\/wp\/v2\/posts\/3745\/revisions"}],"wp:attachment":[{"href":"https:\/\/yeniterter.az\/index.php?rest_route=%2Fwp%2Fv2%2Fmedia&parent=3745"}],"wp:term":[{"taxonomy":"category","embeddable":true,"href":"https:\/\/yeniterter.az\/index.php?rest_route=%2Fwp%2Fv2%2Fcategories&post=3745"},{"taxonomy":"post_tag","embeddable":true,"href":"https:\/\/yeniterter.az\/index.php?rest_route=%2Fwp%2Fv2%2Ftags&post=3745"}],"curies":[{"name":"wp","href":"https:\/\/api.w.org\/{rel}","templated":true}]}}