{"id":3719,"date":"2016-06-13T12:23:40","date_gmt":"2016-06-13T09:23:40","guid":{"rendered":"http:\/\/www.yeniterter.az\/?p=3719"},"modified":"2016-06-13T12:23:40","modified_gmt":"2016-06-13T09:23:40","slug":"t%c9%99hluk%c9%99siz-oyun-meydancasi-usaqlarin-istifad%c9%99sin%c9%99-verilib","status":"publish","type":"post","link":"https:\/\/yeniterter.az\/?p=3719","title":{"rendered":"\u201cT\u018fHL\u00dcK\u018fS\u0130Z OYUN MEYDAN\u00c7ASI\u201d U\u015eAQLARIN \u0130ST\u0130FAD\u018fS\u0130N\u018f VER\u0130L\u0130B"},"content":{"rendered":"<p><img decoding=\"async\" loading=\"lazy\" class=\" wp-image-3720 alignleft\" src=\"http:\/\/www.yeniterter.az\/wp-content\/uploads\/DSC_7479-\u041a\u043e\u043f\u0438\u0440\u043e\u0432\u0430\u0442\u044c-300x201.jpg\" alt=\"DSC_7479 (\u041a\u043e\u043f\u0438\u0440\u043e\u0432\u0430\u0442\u044c)\" width=\"161\" height=\"108\" srcset=\"https:\/\/yeniterter.az\/wp-content\/uploads\/DSC_7479-\u041a\u043e\u043f\u0438\u0440\u043e\u0432\u0430\u0442\u044c-300x201.jpg 300w, https:\/\/yeniterter.az\/wp-content\/uploads\/DSC_7479-\u041a\u043e\u043f\u0438\u0440\u043e\u0432\u0430\u0442\u044c-768x514.jpg 768w, https:\/\/yeniterter.az\/wp-content\/uploads\/DSC_7479-\u041a\u043e\u043f\u0438\u0440\u043e\u0432\u0430\u0442\u044c-1024x685.jpg 1024w, https:\/\/yeniterter.az\/wp-content\/uploads\/DSC_7479-\u041a\u043e\u043f\u0438\u0440\u043e\u0432\u0430\u0442\u044c.jpg 1500w\" sizes=\"(max-width: 161px) 100vw, 161px\" \/><img decoding=\"async\" loading=\"lazy\" class=\" wp-image-3721 alignright\" src=\"http:\/\/www.yeniterter.az\/wp-content\/uploads\/DSC_7440-\u041a\u043e\u043f\u0438\u0440\u043e\u0432\u0430\u0442\u044c-300x201.jpg\" alt=\"DSC_7440 (\u041a\u043e\u043f\u0438\u0440\u043e\u0432\u0430\u0442\u044c)\" width=\"162\" height=\"109\" srcset=\"https:\/\/yeniterter.az\/wp-content\/uploads\/DSC_7440-\u041a\u043e\u043f\u0438\u0440\u043e\u0432\u0430\u0442\u044c-300x201.jpg 300w, https:\/\/yeniterter.az\/wp-content\/uploads\/DSC_7440-\u041a\u043e\u043f\u0438\u0440\u043e\u0432\u0430\u0442\u044c-768x514.jpg 768w, https:\/\/yeniterter.az\/wp-content\/uploads\/DSC_7440-\u041a\u043e\u043f\u0438\u0440\u043e\u0432\u0430\u0442\u044c-1024x685.jpg 1024w, https:\/\/yeniterter.az\/wp-content\/uploads\/DSC_7440-\u041a\u043e\u043f\u0438\u0440\u043e\u0432\u0430\u0442\u044c.jpg 1500w\" sizes=\"(max-width: 162px) 100vw, 162px\" \/>Borsunlu k\u0259nd tam orta m\u0259kt\u0259binin h\u0259y\u0259tind\u0259 Almaniya Q\u0131z\u0131l Xa\u00e7 C\u0259miyy\u0259tinin \u0259m\u0259kda\u015fl\u0131\u011f\u0131 say\u0259sind\u0259 Az\u0259rbaycan Q\u0131z\u0131l Aypara C\u0259miyy\u0259ti t\u0259r\u0259find\u0259n tikilmi\u015f \u201cT\u0259hl\u00fck\u0259siz Oyun Meydan\u00e7as\u0131\u201dn\u0131n a\u00e7\u0131l\u0131\u015f m\u0259rasimi ke\u00e7irilib.<br \/>\nA\u00e7\u0131l\u0131\u015f m\u0259rasimind\u0259 rayon ictimaiyy\u0259tinin n\u00fcmay\u0259nd\u0259l\u0259ri, Almaniyan\u0131n Az\u0259rbaycandak\u0131 s\u0259firliyinin birinci katibi Raul Ammon, Almaniyan\u0131n Q\u0131z\u0131l Xa\u00e7 C\u0259miyy\u0259tinin n\u00fcmay\u0259nd\u0259si xan\u0131m Mik Pixend, Az\u0259rbaycan Q\u0131z\u0131l Aypara C\u0259miyy\u0259tinin icra\u00e7\u0131 katibi Ceyhun Mirz\u0259yev, c\u0259miyy\u0259tin yerli b\u00f6lm\u0259sinin n\u00fcmay\u0259nd\u0259l\u0259ri, k\u0259nd sakinl\u0259ri, m\u0259kt\u0259blil\u0259r i\u015ftirak edibl\u0259r.<br \/>\nT\u0259dbiri Az\u0259rbaycan Q\u0131z\u0131l Aypara C\u0259miyy\u0259tinin icra\u00e7\u0131 katibi Ceyhun Mirz\u0259yev a\u00e7\u0131b. Bildirib ki, layih\u0259nin m\u0259qs\u0259di c\u0259bh\u0259 x\u0259ttin\u0259 yax\u0131n olan k\u0259ndl\u0259rd\u0259 u\u015faqlar\u0131n oynamas\u0131 \u00fc\u00e7\u00fcn t\u0259hl\u00fck\u0259siz meydan\u00e7alar yaratmaq v\u0259 onlar\u0131n asud\u0259 vaxtlar\u0131n\u0131n ke\u00e7irm\u0259l\u0259ri \u00fc\u00e7\u00fcn qorxusuz yerl\u0259rl\u0259 t\u0259min etm\u0259kdir.<br \/>\nT\u0259dbird\u0259 i\u015ftirak ed\u0259n T\u0259rt\u0259r Rayon \u0130cra Hakimiyy\u0259tinin Ba\u015f\u00e7\u0131s\u0131 M\u00fcst\u0259qim M\u0259mm\u0259dov da layih\u0259nin \u0259h\u0259miyy\u0259tind\u0259n dan\u0131\u015f\u0131b. Qeyd edib ki, bu meydan\u00e7alar u\u015faqlar\u0131n sa\u011flaml\u0131\u011f\u0131n\u0131, psixoloji v\u0259 sosial inki\u015faf\u0131n\u0131 d\u0259st\u0259kl\u0259m\u0259k bax\u0131m\u0131ndan \u0259h\u0259miyy\u0259tlidir. Sonra rayon r\u0259hb\u0259ri d\u00fc\u015fm\u0259nin t\u00f6r\u0259tdiyi t\u0259xribatlar, bunun n\u0259tic\u0259sind\u0259 dinc \u0259haliy\u0259 d\u0259y\u0259n ziyan bar\u0259d\u0259 qonaqlara \u0259trafl\u0131 m\u0259lumat verib. <!--more--><br \/>\nA\u00e7\u0131l\u0131\u015f m\u0259rasimind\u0259 i\u015ftirak ed\u0259n Almaniyan\u0131n Az\u0259rbaycandak\u0131 s\u0259firliyinin birinci katibi Raul Ammon, Almaniyan\u0131n Q\u0131z\u0131l Xa\u00e7 C\u0259miyy\u0259tinin n\u00fcmay\u0259nd\u0259si xan\u0131m Mik Pixend d\u0259 Borsunlu k\u0259ndinin t\u0259mas x\u0259ttind\u0259 yerl\u0259\u015fdiyini, burada sakinl\u0259rin \u00e7\u0259tin \u015f\u0259raitd\u0259 ya\u015fad\u0131qlar\u0131n\u0131 qeyd edibl\u0259r. K\u0259nd a\u011fsaqqal\u0131 Vaqif Q\u0259dimov v\u0259 Borsunlu k\u0259nd tam orta m\u0259kt\u0259binin \u015fagirdi Nuran\u0259 M\u0259mm\u0259dli d\u0259 \u00e7\u0131x\u0131\u015f ed\u0259r\u0259k meydan\u00e7an\u0131n tikilm\u0259sind\u0259 \u0259ziyy\u0259ti olanlar\u0131n ham\u0131s\u0131na minn\u0259tdarl\u0131qlar\u0131n\u0131 bildiribl\u0259r,<br \/>\nSonda T\u0259rt\u0259r Rayon \u0130cra Hakimiyy\u0259tinin Ba\u015f\u00e7\u0131s\u0131 M\u00fcst\u0259qim M\u0259mm\u0259dov v\u0259 Almaniyan\u0131n Q\u0131z\u0131l Xa\u00e7 C\u0259miyy\u0259tinin n\u00fcmay\u0259nd\u0259sii xan\u0131m Mik Pixend meydan\u00e7an\u0131n a\u00e7\u0131l\u0131\u015f\u0131n\u0131 bildir\u0259n r\u0259mzi lenti k\u0259sibl\u0259r. Meydan\u00e7a u\u015faqlar\u0131n istifad\u0259sin\u0259 verilib.<\/p>\n<p style=\"text-align: right;\"><em><strong>\u201cYeni T\u0259rt\u0259r\u201d<\/strong><\/em><\/p>\n","protected":false},"excerpt":{"rendered":"<p>Borsunlu k\u0259nd tam orta m\u0259kt\u0259binin h\u0259y\u0259tind\u0259 Almaniya Q\u0131z\u0131l Xa\u00e7 C\u0259miyy\u0259tinin \u0259m\u0259kda\u015fl\u0131\u011f\u0131 say\u0259sind\u0259 Az\u0259rbaycan Q\u0131z\u0131l Aypara C\u0259miyy\u0259ti t\u0259r\u0259find\u0259n tikilmi\u015f \u201cT\u0259hl\u00fck\u0259siz Oyun Meydan\u00e7as\u0131\u201dn\u0131n a\u00e7\u0131l\u0131\u015f m\u0259rasimi ke\u00e7irilib. A\u00e7\u0131l\u0131\u015f m\u0259rasimind\u0259 rayon ictimaiyy\u0259tinin n\u00fcmay\u0259nd\u0259l\u0259ri, Almaniyan\u0131n Az\u0259rbaycandak\u0131 s\u0259firliyinin birinci katibi Raul Ammon, Almaniyan\u0131n Q\u0131z\u0131l Xa\u00e7 C\u0259miyy\u0259tinin n\u00fcmay\u0259nd\u0259si xan\u0131m Mik Pixend, Az\u0259rbaycan Q\u0131z\u0131l Aypara C\u0259miyy\u0259tinin icra\u00e7\u0131 katibi Ceyhun Mirz\u0259yev, c\u0259miyy\u0259tin yerli b\u00f6lm\u0259sinin [&hellip;]<\/p>\n","protected":false},"author":2,"featured_media":0,"comment_status":"closed","ping_status":"closed","sticky":false,"template":"","format":"standard","meta":[],"categories":[1],"tags":[13],"_links":{"self":[{"href":"https:\/\/yeniterter.az\/index.php?rest_route=\/wp\/v2\/posts\/3719"}],"collection":[{"href":"https:\/\/yeniterter.az\/index.php?rest_route=\/wp\/v2\/posts"}],"about":[{"href":"https:\/\/yeniterter.az\/index.php?rest_route=\/wp\/v2\/types\/post"}],"author":[{"embeddable":true,"href":"https:\/\/yeniterter.az\/index.php?rest_route=\/wp\/v2\/users\/2"}],"replies":[{"embeddable":true,"href":"https:\/\/yeniterter.az\/index.php?rest_route=%2Fwp%2Fv2%2Fcomments&post=3719"}],"version-history":[{"count":0,"href":"https:\/\/yeniterter.az\/index.php?rest_route=\/wp\/v2\/posts\/3719\/revisions"}],"wp:attachment":[{"href":"https:\/\/yeniterter.az\/index.php?rest_route=%2Fwp%2Fv2%2Fmedia&parent=3719"}],"wp:term":[{"taxonomy":"category","embeddable":true,"href":"https:\/\/yeniterter.az\/index.php?rest_route=%2Fwp%2Fv2%2Fcategories&post=3719"},{"taxonomy":"post_tag","embeddable":true,"href":"https:\/\/yeniterter.az\/index.php?rest_route=%2Fwp%2Fv2%2Ftags&post=3719"}],"curies":[{"name":"wp","href":"https:\/\/api.w.org\/{rel}","templated":true}]}}