{"id":3691,"date":"2016-06-01T15:54:38","date_gmt":"2016-06-01T12:54:38","guid":{"rendered":"http:\/\/www.yeniterter.az\/?p=3691"},"modified":"2016-06-01T15:54:38","modified_gmt":"2016-06-01T12:54:38","slug":"az%c9%99rbaycan-prezidenti-ilham-%c9%99liyev-2015-ci-ild%c9%99-dunyada-ilin-adami-secilib","status":"publish","type":"post","link":"https:\/\/yeniterter.az\/?p=3691","title":{"rendered":"AZ\u018fRBAYCAN PREZ\u0130DENT\u0130 \u0130LHAM \u018fL\u0130YEV 2015-ci \u0130LD\u018f \u201cD\u00dcNYADA \u0130L\u0130N ADAMI\u201d SE\u00c7\u0130L\u0130B"},"content":{"rendered":"<p><img decoding=\"async\" loading=\"lazy\" class=\" wp-image-3692 alignleft\" src=\"http:\/\/www.yeniterter.az\/wp-content\/uploads\/PRESID_11-300x243.jpg\" alt=\"PRESID_1(1)\" width=\"196\" height=\"159\" srcset=\"https:\/\/yeniterter.az\/wp-content\/uploads\/PRESID_11-300x243.jpg 300w, https:\/\/yeniterter.az\/wp-content\/uploads\/PRESID_11-768x623.jpg 768w, https:\/\/yeniterter.az\/wp-content\/uploads\/PRESID_11.jpg 825w\" sizes=\"(max-width: 196px) 100vw, 196px\" \/>Az\u0259rbaycan Avropan\u0131n enerji t\u0259hl\u00fck\u0259sizliyinin t\u0259min edilm\u0259si v\u0259 enerji m\u0259nb\u0259l\u0259rinin \u015fax\u0259l\u0259ndirilm\u0259sin\u0259 m\u00fch\u00fcm t\u00f6hf\u0259 verir. Qlobal transmilli layih\u0259l\u0259rin h\u0259yata ke\u00e7irilm\u0259sind\u0259 b\u00f6y\u00fck t\u0259cr\u00fcb\u0259 toplam\u0131\u015f Az\u0259rbaycan\u0131n ciddi s\u0259yl\u0259ri v\u0259 liderliyi say\u0259sind\u0259 m\u00fcxt\u0259lif \u00f6lk\u0259l\u0259rin t\u0259msil olundu\u011fu b\u00f6y\u00fck komanda formala\u015fd\u0131r\u0131l\u0131b, \u201cXXI \u0259srin layih\u0259si\u201d olan \u201cC\u0259nub\u201d qaz d\u0259hlizinin, onun t\u0259rkib hiss\u0259si kimi \u201c\u015eahd\u0259niz-2\u201d, TANAP v\u0259 TAP layih\u0259l\u0259rinin realla\u015fd\u0131r\u0131lmas\u0131na ba\u015flan\u0131b v\u0259 haz\u0131rda bu istiqam\u0259td\u0259 i\u015fl\u0259r s\u00fcr\u0259tl\u0259 davam etdirilir.<br \/>\nAz\u0259rbaycan tarixd\u0259 ilk d\u0259f\u0259 t\u0259\u015fkil olunan birinci Avropa Oyunlar\u0131n\u0131 \u0259n y\u00fcks\u0259k s\u0259viyy\u0259d\u0259 ke\u00e7irm\u0259kl\u0259, ona g\u00f6st\u0259ril\u0259n etimad\u0131 tam do\u011fruldub v\u0259 Avropa ictimaiyy\u0259tin\u0259 \u0259sl idman bayram\u0131 h\u0259diyy\u0259 edib. Az\u0259rbaycan h\u0259m d\u0259 b\u00f6y\u00fck beyn\u0259lxalq t\u0259dbirl\u0259ri n\u00fcmun\u0259vi \u015f\u0259kild\u0259 t\u0259\u015fkil etm\u0259k, onlar\u0131n yeni standartlar\u0131n\u0131 m\u00fc\u0259yy\u0259nl\u0259\u015fdirm\u0259k bacar\u0131\u011f\u0131n\u0131, \u00f6z b\u00f6y\u00fck potensial\u0131n\u0131 b\u00fct\u00fcn d\u00fcnyaya bir daha t\u0259qdim edib.<br \/>\nAz\u0259rbaycan qit\u0259l\u0259ri birl\u0259\u015fdir\u0259n n\u0259h\u0259ng n\u0259qliyyat-kommunikasiya layih\u0259l\u0259rinin h\u0259yata ke\u00e7irilm\u0259sind\u0259 \u0259h\u0259miyy\u0259tli rol oynay\u0131r, \u201c\u015e\u0259rq-Q\u0259rb\u201d v\u0259 \u201c\u015eimal-C\u0259nub\u201d n\u0259qliyyat d\u0259hlizl\u0259rinin yarad\u0131lmas\u0131 \u00fc\u00e7\u00fcn b\u00f6y\u00fck s\u0259yl\u0259r g\u00f6st\u0259rir. Son ill\u0259r hava, yol, d\u0259niz v\u0259 d\u0259mir yolu infrastrukturunu \u0259n m\u00fcasir standartlara uy\u011fun yenid\u0259n qurmaqla, Az\u0259rbaycan qar\u015f\u0131dan g\u0259l\u0259n d\u00f6vrd\u0259 b\u00fct\u00fcn regionun inki\u015faf\u0131na xidm\u0259t g\u00f6st\u0259r\u0259c\u0259k beyn\u0259lxalq n\u0259qliyyat-tranzit \u015f\u0259b\u0259k\u0259sinin m\u0259rk\u0259zin\u0259 \u00e7evrilib.<!--more--><br \/>\nAz\u0259rbaycan beyn\u0259lxalq humanitar t\u0259dbirl\u0259r\u0259 ev sahibliyi etm\u0259kl\u0259 d\u00fcnyada sivilizasiyalararas\u0131 v\u0259 m\u0259d\u0259niyy\u0259tl\u0259raras\u0131 dialoqun inki\u015faf\u0131na, multikultural d\u0259y\u0259rl\u0259rin t\u0259\u015fviqin\u0259, s\u00fclh v\u0259 t\u0259hl\u00fck\u0259sizliyin t\u0259min edilm\u0259sin\u0259 \u0259m\u0259li d\u0259st\u0259k g\u00f6st\u0259rir.<br \/>\nArt\u0131q Bak\u0131 \u015f\u0259h\u0259ri d\u00fcnyan\u0131n \u0259n m\u00fcxt\u0259lif \u00f6lk\u0259l\u0259rini t\u0259msil ed\u0259n n\u00fcfuzlu ictimai-siyasi xadiml\u0259rin, tan\u0131nm\u0131\u015f \u015f\u0259xsiyy\u0259tl\u0259rin i\u015ftirak\u0131 il\u0259 b\u0259\u015f\u0259riyy\u0259t \u00fc\u00e7\u00fcn m\u00fch\u00fcm \u0259h\u0259miyy\u0259t k\u0259sb ed\u0259n m\u0259s\u0259l\u0259l\u0259rin m\u00fczakir\u0259 olundu\u011fu m\u0259rk\u0259z statusu qazan\u0131b.<br \/>\nC\u0259mi 20 ild\u0259n bir az art\u0131q m\u00fcst\u0259qillik tarixin\u0259 malik Az\u0259rbaycan\u0131n qazand\u0131\u011f\u0131 u\u011furlar h\u0259tta d\u00fcnyan\u0131n n\u0259h\u0259ng \u00f6lk\u0259l\u0259ri \u00fc\u00e7\u00fcn n\u00fcmun\u0259 hesab oluna bil\u0259r. Etiraf edilm\u0259lidir ki, b\u00fct\u00fcn bu nailiyy\u0259tl\u0259r bilavasit\u0259 Az\u0259rbaycan Respublikas\u0131n\u0131n Prezidenti \u0130lham \u018fliyevin ad\u0131 il\u0259 ba\u011fl\u0131d\u0131r.<br \/>\nG\u00f6st\u0259ril\u0259n amill\u0259ri n\u0259z\u0259r\u0259 alaraq v\u0259 Az\u0259rbaycan Prezidentinin f\u0259aliyy\u0259tini d\u0259rind\u0259n t\u0259hlil ed\u0259r\u0259k \u201cThe Business Year\u201d \u015firk\u0259ti \u0130lham \u018fliyevi 2015-ci ild\u0259 \u201cD\u00fcnyada ilin adam\u0131\u201d se\u00e7ib.<\/p>\n<p style=\"text-align: right;\"><strong>AZ\u018fRTAC<\/strong><\/p>\n","protected":false},"excerpt":{"rendered":"<p>Az\u0259rbaycan Avropan\u0131n enerji t\u0259hl\u00fck\u0259sizliyinin t\u0259min edilm\u0259si v\u0259 enerji m\u0259nb\u0259l\u0259rinin \u015fax\u0259l\u0259ndirilm\u0259sin\u0259 m\u00fch\u00fcm t\u00f6hf\u0259 verir. Qlobal transmilli layih\u0259l\u0259rin h\u0259yata ke\u00e7irilm\u0259sind\u0259 b\u00f6y\u00fck t\u0259cr\u00fcb\u0259 toplam\u0131\u015f Az\u0259rbaycan\u0131n ciddi s\u0259yl\u0259ri v\u0259 liderliyi say\u0259sind\u0259 m\u00fcxt\u0259lif \u00f6lk\u0259l\u0259rin t\u0259msil olundu\u011fu b\u00f6y\u00fck komanda formala\u015fd\u0131r\u0131l\u0131b, \u201cXXI \u0259srin layih\u0259si\u201d olan \u201cC\u0259nub\u201d qaz d\u0259hlizinin, onun t\u0259rkib hiss\u0259si kimi \u201c\u015eahd\u0259niz-2\u201d, TANAP v\u0259 TAP layih\u0259l\u0259rinin realla\u015fd\u0131r\u0131lmas\u0131na ba\u015flan\u0131b v\u0259 haz\u0131rda bu [&hellip;]<\/p>\n","protected":false},"author":2,"featured_media":0,"comment_status":"closed","ping_status":"closed","sticky":false,"template":"","format":"standard","meta":[],"categories":[1],"tags":[13],"_links":{"self":[{"href":"https:\/\/yeniterter.az\/index.php?rest_route=\/wp\/v2\/posts\/3691"}],"collection":[{"href":"https:\/\/yeniterter.az\/index.php?rest_route=\/wp\/v2\/posts"}],"about":[{"href":"https:\/\/yeniterter.az\/index.php?rest_route=\/wp\/v2\/types\/post"}],"author":[{"embeddable":true,"href":"https:\/\/yeniterter.az\/index.php?rest_route=\/wp\/v2\/users\/2"}],"replies":[{"embeddable":true,"href":"https:\/\/yeniterter.az\/index.php?rest_route=%2Fwp%2Fv2%2Fcomments&post=3691"}],"version-history":[{"count":0,"href":"https:\/\/yeniterter.az\/index.php?rest_route=\/wp\/v2\/posts\/3691\/revisions"}],"wp:attachment":[{"href":"https:\/\/yeniterter.az\/index.php?rest_route=%2Fwp%2Fv2%2Fmedia&parent=3691"}],"wp:term":[{"taxonomy":"category","embeddable":true,"href":"https:\/\/yeniterter.az\/index.php?rest_route=%2Fwp%2Fv2%2Fcategories&post=3691"},{"taxonomy":"post_tag","embeddable":true,"href":"https:\/\/yeniterter.az\/index.php?rest_route=%2Fwp%2Fv2%2Ftags&post=3691"}],"curies":[{"name":"wp","href":"https:\/\/api.w.org\/{rel}","templated":true}]}}