{"id":3687,"date":"2016-06-01T15:50:09","date_gmt":"2016-06-01T12:50:09","guid":{"rendered":"http:\/\/www.yeniterter.az\/?p=3687"},"modified":"2016-06-01T15:50:09","modified_gmt":"2016-06-01T12:50:09","slug":"bas-nazirin-muavini-%c9%99li-%c9%99hm%c9%99dov-v%c9%99-milli-m%c9%99clisin-deputatlari-t%c9%99rt%c9%99r-rayonunda-olublar","status":"publish","type":"post","link":"https:\/\/yeniterter.az\/?p=3687","title":{"rendered":"BA\u015e NAZ\u0130R\u0130N M\u00dcAV\u0130N\u0130 \u018fL\u0130 \u018fHM\u018fDOV V\u018f M\u0130LL\u0130 M\u018fCL\u0130S\u0130N DEPUTATLARI T\u018fRT\u018fR RAYONUNDA OLUBLAR"},"content":{"rendered":"<p><img decoding=\"async\" loading=\"lazy\" class=\" wp-image-3688 alignleft\" src=\"http:\/\/www.yeniterter.az\/wp-content\/uploads\/DSC_6746-\u041a\u043e\u043f\u0438\u0440\u043e\u0432\u0430\u0442\u044c-300x201.jpg\" alt=\"DSC_6746 (\u041a\u043e\u043f\u0438\u0440\u043e\u0432\u0430\u0442\u044c)\" width=\"168\" height=\"112\" srcset=\"https:\/\/yeniterter.az\/wp-content\/uploads\/DSC_6746-\u041a\u043e\u043f\u0438\u0440\u043e\u0432\u0430\u0442\u044c-300x201.jpg 300w, https:\/\/yeniterter.az\/wp-content\/uploads\/DSC_6746-\u041a\u043e\u043f\u0438\u0440\u043e\u0432\u0430\u0442\u044c-768x514.jpg 768w, https:\/\/yeniterter.az\/wp-content\/uploads\/DSC_6746-\u041a\u043e\u043f\u0438\u0440\u043e\u0432\u0430\u0442\u044c-1024x685.jpg 1024w, https:\/\/yeniterter.az\/wp-content\/uploads\/DSC_6746-\u041a\u043e\u043f\u0438\u0440\u043e\u0432\u0430\u0442\u044c.jpg 1500w\" sizes=\"(max-width: 168px) 100vw, 168px\" \/><img decoding=\"async\" loading=\"lazy\" class=\" wp-image-3689 alignright\" src=\"http:\/\/www.yeniterter.az\/wp-content\/uploads\/Sehfe-1-300x201.jpg\" alt=\"Sehfe 1\" width=\"174\" height=\"116\" srcset=\"https:\/\/yeniterter.az\/wp-content\/uploads\/Sehfe-1-300x201.jpg 300w, https:\/\/yeniterter.az\/wp-content\/uploads\/Sehfe-1-768x514.jpg 768w, https:\/\/yeniterter.az\/wp-content\/uploads\/Sehfe-1-1024x685.jpg 1024w, https:\/\/yeniterter.az\/wp-content\/uploads\/Sehfe-1.jpg 1500w\" sizes=\"(max-width: 174px) 100vw, 174px\" \/>Ba\u015f nazirin m\u00fcavini, Yeni Az\u0259rbaycan Partiyas\u0131n\u0131n s\u0259dr m\u00fcavini \u2013 icra katibi \u018fli \u018fhm\u0259dov, Milli M\u0259clisin deputatlar\u0131 Had\u0131 R\u0259c\u0259bli, Eldar \u0130brahimov v\u0259 H\u00fcseynbala Mir\u0259l\u0259mov may\u0131n 28-d\u0259 T\u0259rt\u0259r rayonunda olub, \u0259sg\u0259r v\u0259 zabitl\u0259rl\u0259 g\u00f6r\u00fc\u015f\u00fcb, Erm\u0259nistan silahl\u0131 b\u00f6lm\u0259l\u0259rinin \u015fidd\u0259tli artilleriya at\u0259\u015fi n\u0259ti-c\u0259sind\u0259 da\u011f\u0131lm\u0131\u015f evl\u0259r\u0259 ba\u015f \u00e7\u0259kibl\u0259r.<br \/>\nBa\u015f nazirin m\u00fcavini, Milli M\u0259clisin deputatlar\u0131 v\u0259 T\u0259rt\u0259r rayon r\u0259hb\u0259rliyi \u0259vv\u0259lc\u0259 T\u0259rt\u0259r \u015f\u0259h\u0259rinin m\u0259rk\u0259zi Mey-dan\u0131nda \u00dcmummilli Lider Heyd\u0259r \u018fliyevin abid\u0259sini ziyar\u0259t edib, \u00f6n\u00fcn\u0259 t\u0259r g\u00fcl d\u0259st\u0259l\u0259ri qoyublar.<br \/>\nT\u0259rt\u0259r Rayon \u0130cra Hakimiyy\u0259tinin Ba\u015f\u00e7\u0131s\u0131 M\u00fcst\u0259qim M\u0259mm\u0259dov n\u00fcmay\u0259nd\u0259 hey\u0259tin\u0259 c\u0259bh\u0259d\u0259 ba\u015f ver\u0259n son at\u0131\u015fmalar zaman\u0131 dinc \u0259halinin \u00fczl\u0259\u015fdiyi \u00e7\u0259tinlikl\u0259r, erm\u0259nil\u0259rin ya\u015fay\u0131\u015f m\u0259nt\u0259q\u0259l\u0259rini at\u0259\u015f\u0259 tutmas\u0131 n\u0259tic\u0259sind\u0259 yaranan probleml\u0259r bar\u0259d\u0259 m\u0259lumat verib.<br \/>\nSonra M\u0259rk\u0259zi meydanda aprelin \u0259vv\u0259ll\u0259rind\u0259 c\u0259bh\u0259nin T\u0259rt\u0259r istiqam\u0259tind\u0259 ged\u0259n d\u00f6y\u00fc\u015fl\u0259rd\u0259 f\u0259rql\u0259n\u0259n h\u0259rb\u00e7il\u0259rl\u0259 g\u00f6r\u00fc\u015f ke\u00e7irilib.<!--more--><br \/>\nH\u0259rbi qulluq\u00e7ular\u0131 28 May \u2013 Respublika G\u00fcn\u00fc m\u00fcnasib\u0259til\u0259 t\u0259brik ed\u0259n \u018fli \u018fhm\u0259dov bildirib ki, apreld\u0259 c\u0259bh\u0259d\u0259 ba\u015f ver\u0259n hadis\u0259l\u0259r q\u0259hr\u0259man d\u00f6y\u00fc\u015f\u00e7\u00fcl\u0259rimizin Ali Ba\u015f Komandan\u0131n r\u0259hb\u0259rliyi alt\u0131nda Az\u0259rbaycan\u0131n \u0259razi b\u00fct\u00f6vl\u00fcy\u00fcn\u00fcn qorunmas\u0131 v\u0259 b\u0259rpa edilm\u0259si namin\u0259 h\u0259r c\u00fcr q\u0259hr\u0259manl\u0131q g\u00f6st\u0259rm\u0259y\u0259 haz\u0131r oldu\u011funu n\u00fcmayi\u015f etdirdi. \u018fsg\u0259rl\u0259rimizin q\u0259hr\u0259manl\u0131\u011f\u0131, \u015f\u00fcca\u0259ti, erm\u0259ni t\u0259xribat\u0131na verdiyi layiqli cavab, eyni zamanda, T\u0259rt\u0259r \u0259halisinin g\u00f6st\u0259rdiyi d\u0259yan\u0259t Az\u0259rbaycan\u0131 uzun ill\u0259rd\u0259n b\u0259ri g\u00f6zl\u0259diyimiz q\u0259l\u0259b\u0259y\u0259 yax\u0131nla\u015fd\u0131r\u0131r. Az\u0259rbaycan xalq\u0131 \u00f6z h\u0259rbi q\u00fcvv\u0259l\u0259ri il\u0259 f\u0259xr ed\u0259 bil\u0259r. Az\u0259rbaycan Ordusu Ali Ba\u015f Komandan\u0131n r\u0259hb\u0259rliyi il\u0259 i\u015f\u011fal alt\u0131ndak\u0131 torpaqlar\u0131 azad ed\u0259c\u0259k.<br \/>\n\u018fli \u018fhm\u0259dov xidm\u0259td\u0259 f\u0259rql\u0259n\u0259n h\u0259rb\u00e7il\u0259r\u0259 h\u0259diyy\u0259l\u0259r t\u0259qdim edib. H\u0259rbi qulluq\u00e7ularla birlikd\u0259 xatir\u0259 \u015f\u0259kli \u00e7\u0259k-dirilib. Sonra M\u0259rk\u0259zi meydanda qura\u015fd\u0131r\u0131lm\u0131\u015f monitorda T\u0259rt\u0259r Rayon \u0130cra Hakimiyy\u0259tinin v\u0259 M\u00fcdafi\u0259 Nazirliyinin birg\u0259 layih\u0259si olan \u201cQ\u0259hr\u0259man T\u0259rt\u0259rim\u201d musiqili kompozisiyas\u0131 t\u0259qdim olunub.<br \/>\nBa\u015f nazirin m\u00fcavini v\u0259 Milli M\u0259clisin deputatlar\u0131 Erm\u0259nistan h\u0259rbi birl\u0259\u015fm\u0259l\u0259rinin artilleriya z\u0259rb\u0259l\u0259ri n\u0259tic\u0259sind\u0259 T\u0259rt\u0259r \u015f\u0259h\u0259rind\u0259 v\u0259 Qapanl\u0131 k\u0259ndind\u0259 da\u011f\u0131lan evl\u0259r\u0259 bax\u0131\u015f ke\u00e7irib, ev sahibl\u0259ri il\u0259 g\u00f6r\u00fc\u015f\u00fcbl\u0259r.<br \/>\nSakinl\u0259rl\u0259 s\u00f6hb\u0259t zaman\u0131 \u018fli \u018fhm\u0259dov bildirib ki, c\u0259bh\u0259d\u0259 son d\u00f6y\u00fc\u015fl\u0259r ged\u0259rk\u0259n t\u0259rt\u0259rlil\u0259r b\u00f6y\u00fck q\u0259hr\u0259manl\u0131q g\u00f6st\u0259ribl\u0259r. Onlar\u0131n bu q\u0259hr\u0259manl\u0131\u011f\u0131, d\u0259yan\u0259ti \u0259sg\u0259rl\u0259rimizi daha da ruhland\u0131r\u0131r.<br \/>\nBa\u015f nazirin m\u00fcavini erm\u0259ni artilleriyas\u0131n\u0131n z\u0259rb\u0259l\u0259ri n\u0259tic\u0259sind\u0259 z\u0259r\u0259r \u00e7\u0259kmi\u015f b\u00fct\u00fcn evl\u0259rin Az\u0259rbaycan Prezidenti \u0130lham \u018fliyevin tap\u015f\u0131r\u0131\u011f\u0131 il\u0259 y\u00fcks\u0259k keyfiyy\u0259tl\u0259 b\u0259rpa olunaca\u011f\u0131n\u0131 diqq\u0259t\u0259 \u00e7atd\u0131r\u0131b.<br \/>\nN\u00fcmay\u0259nd\u0259 hey\u0259ti daha sonra \u00f6n x\u0259td\u0259 xidm\u0259t ed\u0259n \u0259sg\u0259r v\u0259 zabitl\u0259rl\u0259 g\u00f6r\u00fc\u015f\u00fcb, onlar\u0131n xidm\u0259t \u015f\u0259raiti il\u0259 tan\u0131\u015f olub.<\/p>\n<p style=\"text-align: right;\"><strong>\u201cYeni T\u0259rt\u0259r\u201d<\/strong><\/p>\n","protected":false},"excerpt":{"rendered":"<p>Ba\u015f nazirin m\u00fcavini, Yeni Az\u0259rbaycan Partiyas\u0131n\u0131n s\u0259dr m\u00fcavini \u2013 icra katibi \u018fli \u018fhm\u0259dov, Milli M\u0259clisin deputatlar\u0131 Had\u0131 R\u0259c\u0259bli, Eldar \u0130brahimov v\u0259 H\u00fcseynbala Mir\u0259l\u0259mov may\u0131n 28-d\u0259 T\u0259rt\u0259r rayonunda olub, \u0259sg\u0259r v\u0259 zabitl\u0259rl\u0259 g\u00f6r\u00fc\u015f\u00fcb, Erm\u0259nistan silahl\u0131 b\u00f6lm\u0259l\u0259rinin \u015fidd\u0259tli artilleriya at\u0259\u015fi n\u0259ti-c\u0259sind\u0259 da\u011f\u0131lm\u0131\u015f evl\u0259r\u0259 ba\u015f \u00e7\u0259kibl\u0259r. Ba\u015f nazirin m\u00fcavini, Milli M\u0259clisin deputatlar\u0131 v\u0259 T\u0259rt\u0259r rayon r\u0259hb\u0259rliyi \u0259vv\u0259lc\u0259 T\u0259rt\u0259r [&hellip;]<\/p>\n","protected":false},"author":2,"featured_media":0,"comment_status":"closed","ping_status":"closed","sticky":false,"template":"","format":"standard","meta":[],"categories":[1],"tags":[13],"_links":{"self":[{"href":"https:\/\/yeniterter.az\/index.php?rest_route=\/wp\/v2\/posts\/3687"}],"collection":[{"href":"https:\/\/yeniterter.az\/index.php?rest_route=\/wp\/v2\/posts"}],"about":[{"href":"https:\/\/yeniterter.az\/index.php?rest_route=\/wp\/v2\/types\/post"}],"author":[{"embeddable":true,"href":"https:\/\/yeniterter.az\/index.php?rest_route=\/wp\/v2\/users\/2"}],"replies":[{"embeddable":true,"href":"https:\/\/yeniterter.az\/index.php?rest_route=%2Fwp%2Fv2%2Fcomments&post=3687"}],"version-history":[{"count":0,"href":"https:\/\/yeniterter.az\/index.php?rest_route=\/wp\/v2\/posts\/3687\/revisions"}],"wp:attachment":[{"href":"https:\/\/yeniterter.az\/index.php?rest_route=%2Fwp%2Fv2%2Fmedia&parent=3687"}],"wp:term":[{"taxonomy":"category","embeddable":true,"href":"https:\/\/yeniterter.az\/index.php?rest_route=%2Fwp%2Fv2%2Fcategories&post=3687"},{"taxonomy":"post_tag","embeddable":true,"href":"https:\/\/yeniterter.az\/index.php?rest_route=%2Fwp%2Fv2%2Ftags&post=3687"}],"curies":[{"name":"wp","href":"https:\/\/api.w.org\/{rel}","templated":true}]}}