{"id":3684,"date":"2016-06-01T15:43:17","date_gmt":"2016-06-01T12:43:17","guid":{"rendered":"http:\/\/www.yeniterter.az\/?p=3684"},"modified":"2016-06-01T15:43:39","modified_gmt":"2016-06-01T12:43:39","slug":"respublika-gunu-qeyd-edildi","status":"publish","type":"post","link":"https:\/\/yeniterter.az\/?p=3684","title":{"rendered":"RESPUBL\u0130KA G\u00dcN\u00dc QEYD ED\u0130LD\u0130"},"content":{"rendered":"<p><img decoding=\"async\" loading=\"lazy\" class=\" wp-image-3645 alignleft\" src=\"http:\/\/www.yeniterter.az\/wp-content\/uploads\/DSC_0007-\u041a\u043e\u043f\u0438\u0440\u043e\u0432\u0430\u0442\u044c-300x201.jpg\" alt=\"DSC_0007 (\u041a\u043e\u043f\u0438\u0440\u043e\u0432\u0430\u0442\u044c)\" width=\"173\" height=\"116\" srcset=\"https:\/\/yeniterter.az\/wp-content\/uploads\/DSC_0007-\u041a\u043e\u043f\u0438\u0440\u043e\u0432\u0430\u0442\u044c-300x201.jpg 300w, https:\/\/yeniterter.az\/wp-content\/uploads\/DSC_0007-\u041a\u043e\u043f\u0438\u0440\u043e\u0432\u0430\u0442\u044c-768x516.jpg 768w, https:\/\/yeniterter.az\/wp-content\/uploads\/DSC_0007-\u041a\u043e\u043f\u0438\u0440\u043e\u0432\u0430\u0442\u044c-1024x687.jpg 1024w, https:\/\/yeniterter.az\/wp-content\/uploads\/DSC_0007-\u041a\u043e\u043f\u0438\u0440\u043e\u0432\u0430\u0442\u044c.jpg 1500w\" sizes=\"(max-width: 173px) 100vw, 173px\" \/>Heyd\u0259r \u018fliyev M\u0259rk\u0259zind\u0259 28 May \u2013 Respublika G\u00fcn\u00fcn\u0259 h\u0259sr olunmu\u015f \u00fcmumrayon t\u0259dbiri ke\u00e7irilmi\u015fdir. Toplant\u0131 i\u015ftirak\u00e7\u0131lar\u0131 \u0259vv\u0259lc\u0259 torpaqlar\u0131m\u0131z u\u011frunda can\u0131ndan ke\u00e7mi\u015f v\u0259t\u0259n \u00f6vladlar\u0131n\u0131n xatir\u0259sini bir d\u0259qiq\u0259lik s\u00fckutla yad etmi\u015fl\u0259r.<br \/>\nSonra rayon icra hakimiyy\u0259tinin ictimai-siyasi v\u0259 humanitar m\u0259s\u0259l\u0259l\u0259r \u015f\u00f6b\u0259si m\u00fcdirinin m\u00fcavini \u2013 dini qurumlarla i\u015fin t\u0259\u015fkilat\u00e7\u0131s\u0131 Elvin Umudov Respublika G\u00fcn\u00fc m\u00fcnasib\u0259ti il\u0259 m\u0259ruz\u0259 etmi\u015fdir. O bildirmi\u015fdir ki, xalq\u0131m\u0131z\u0131n \u00e7ox\u0259srlik tarixin\u0259 q\u0131z\u0131l h\u0259rfl\u0259rl\u0259 yaz\u0131lm\u0131\u015f 1918-ci ilin 28 May G\u00fcn\u00fc Az\u0259rbaycan Xalq C\u00fcmhuriyy\u0259tinin yarand\u0131\u011f\u0131 g\u00fcn kimi tarixd\u0259 yeni bir m\u0259rh\u0259l\u0259nin ba\u015flan\u011f\u0131c\u0131n\u0131 qoymu\u015fdur.<br \/>\nQeyd olunmu\u015fdur ki, 1991-ci il oktyabr\u0131n 18-d\u0259 \u201cAz\u0259rbaycan\u0131n d\u00f6vl\u0259t m\u00fcst\u0259qilliyi haqq\u0131nda\u201d Konstitusiya Akt\u0131n\u0131n q\u0259bul edilm\u0259si il\u0259 xalq\u0131m\u0131z yenid\u0259n \u00f6z istiqlal\u0131na qovu\u015fsa da, h\u0259min vaxt hakimiy-y\u0259tin savads\u0131z v\u0259 q\u0259tiyy\u0259tsiz adam-lar\u0131n \u0259lind\u0259 olmas\u0131 milli d\u00f6vl\u0259t\u00e7iliyimizin taleyini t\u0259hl\u00fck\u0259 alt\u0131nda qoyurdu.<br \/>\nYaln\u0131z 1993-c\u00fc ilin iyununda Ulu \u00d6nd\u0259r Heyd\u0259r \u018fliyevin xalq\u0131n t\u0259kidli t\u0259l\u0259bi il\u0259 siyasi hakimiyy\u0259t\u0259 qay\u0131tmas\u0131ndan v\u0259 d\u00f6vl\u0259t\u00e7iliyimizin s\u00fckan\u0131n\u0131 \u00f6z q\u00fcdr\u0259tli \u0259ll\u0259rin\u0259 almas\u0131ndan sonra h\u0259min m\u0259nz\u0259r\u0259 d\u0259yi\u015fdi. <!--more-->Ulu \u00d6nd\u0259rin z\u0259ngin d\u00f6vl\u0259t\u00e7ilik t\u0259cr\u00fcb\u0259si v\u0259 idar\u0259\u00e7ilik m\u0259har\u0259ti m\u00fcst\u0259qil d\u00f6vl\u0259timizi a\u011f\u0131r b\u0259lalardan xilas etdi, \u00f6lk\u0259d\u0259 m\u00f6hk\u0259m ictimai-siyasi sabitlik yaratd\u0131, davaml\u0131 inki\u015fafa yol a\u00e7d\u0131.<br \/>\nT\u0259dbird\u0259 rayon tarix-diyar\u015f\u00fcnasl\u0131q muzeyinin direktor \u0259v\u0259zi Maral \u0130brahimova, D\u0259mir\u00e7il\u0259r k\u0259nd tam orta m\u0259kt\u0259binin tarix m\u00fc\u0259llimi Elxan M\u0259mm\u0259dzad\u0259, \u00dcmummilli Lider Heyd\u0259r \u018fliyevin anadan olmas\u0131n\u0131n 93-c\u00fc ild\u00f6n\u00fcm\u00fcn\u0259 h\u0259sr olunmu\u015f \u201c\u018fn yax\u015f\u0131 t\u0259qdimat\u201d \u00fcmumrespublika m\u00fcsabiq\u0259sinin qalibi Banu C\u0259f\u0259rli \u00e7\u0131x\u0131\u015f etmi\u015fl\u0259r.<\/p>\n<p style=\"text-align: right;\"><em><strong>\u201cYeni T\u0259rt\u0259r\u201d<\/strong><\/em><\/p>\n","protected":false},"excerpt":{"rendered":"<p>Heyd\u0259r \u018fliyev M\u0259rk\u0259zind\u0259 28 May \u2013 Respublika G\u00fcn\u00fcn\u0259 h\u0259sr olunmu\u015f \u00fcmumrayon t\u0259dbiri ke\u00e7irilmi\u015fdir. Toplant\u0131 i\u015ftirak\u00e7\u0131lar\u0131 \u0259vv\u0259lc\u0259 torpaqlar\u0131m\u0131z u\u011frunda can\u0131ndan ke\u00e7mi\u015f v\u0259t\u0259n \u00f6vladlar\u0131n\u0131n xatir\u0259sini bir d\u0259qiq\u0259lik s\u00fckutla yad etmi\u015fl\u0259r. Sonra rayon icra hakimiyy\u0259tinin ictimai-siyasi v\u0259 humanitar m\u0259s\u0259l\u0259l\u0259r \u015f\u00f6b\u0259si m\u00fcdirinin m\u00fcavini \u2013 dini qurumlarla i\u015fin t\u0259\u015fkilat\u00e7\u0131s\u0131 Elvin Umudov Respublika G\u00fcn\u00fc m\u00fcnasib\u0259ti il\u0259 m\u0259ruz\u0259 etmi\u015fdir. O bildirmi\u015fdir ki, [&hellip;]<\/p>\n","protected":false},"author":2,"featured_media":0,"comment_status":"closed","ping_status":"closed","sticky":false,"template":"","format":"standard","meta":[],"categories":[1],"tags":[13],"_links":{"self":[{"href":"https:\/\/yeniterter.az\/index.php?rest_route=\/wp\/v2\/posts\/3684"}],"collection":[{"href":"https:\/\/yeniterter.az\/index.php?rest_route=\/wp\/v2\/posts"}],"about":[{"href":"https:\/\/yeniterter.az\/index.php?rest_route=\/wp\/v2\/types\/post"}],"author":[{"embeddable":true,"href":"https:\/\/yeniterter.az\/index.php?rest_route=\/wp\/v2\/users\/2"}],"replies":[{"embeddable":true,"href":"https:\/\/yeniterter.az\/index.php?rest_route=%2Fwp%2Fv2%2Fcomments&post=3684"}],"version-history":[{"count":0,"href":"https:\/\/yeniterter.az\/index.php?rest_route=\/wp\/v2\/posts\/3684\/revisions"}],"wp:attachment":[{"href":"https:\/\/yeniterter.az\/index.php?rest_route=%2Fwp%2Fv2%2Fmedia&parent=3684"}],"wp:term":[{"taxonomy":"category","embeddable":true,"href":"https:\/\/yeniterter.az\/index.php?rest_route=%2Fwp%2Fv2%2Fcategories&post=3684"},{"taxonomy":"post_tag","embeddable":true,"href":"https:\/\/yeniterter.az\/index.php?rest_route=%2Fwp%2Fv2%2Ftags&post=3684"}],"curies":[{"name":"wp","href":"https:\/\/api.w.org\/{rel}","templated":true}]}}