{"id":3644,"date":"2016-06-01T14:09:45","date_gmt":"2016-06-01T11:09:45","guid":{"rendered":"http:\/\/www.yeniterter.az\/?p=3644"},"modified":"2016-06-01T14:09:45","modified_gmt":"2016-06-01T11:09:45","slug":"1-iyun-usaqlarin-beyn%c9%99lxalq-mudafi%c9%99si-gunudur","status":"publish","type":"post","link":"https:\/\/yeniterter.az\/?p=3644","title":{"rendered":"1 \u0130YUN U\u015eAQLARIN BEYN\u018fLXALQ M\u00dcDAF\u0130\u018fS\u0130 G\u00dcN\u00dcD\u00dcR"},"content":{"rendered":"<p><strong>Q\u018fHR\u018fMAN T\u018fRT\u018fR\u0130N \u0130STEDADLI U\u015eAQLARI<\/strong><\/p>\n<p><img decoding=\"async\" loading=\"lazy\" class=\" wp-image-3646 alignleft\" src=\"http:\/\/www.yeniterter.az\/wp-content\/uploads\/\u0418\u0437\u043e\u0431\u0440\u0430\u0436\u0435\u043d\u0438\u0435-011-1-300x201.jpg\" alt=\"\u0418\u0437\u043e\u0431\u0440\u0430\u0436\u0435\u043d\u0438\u0435 011\" width=\"166\" height=\"112\" srcset=\"https:\/\/yeniterter.az\/wp-content\/uploads\/\u0418\u0437\u043e\u0431\u0440\u0430\u0436\u0435\u043d\u0438\u0435-011-1-300x201.jpg 300w, https:\/\/yeniterter.az\/wp-content\/uploads\/\u0418\u0437\u043e\u0431\u0440\u0430\u0436\u0435\u043d\u0438\u0435-011-1-768x514.jpg 768w, https:\/\/yeniterter.az\/wp-content\/uploads\/\u0418\u0437\u043e\u0431\u0440\u0430\u0436\u0435\u043d\u0438\u0435-011-1-1024x685.jpg 1024w, https:\/\/yeniterter.az\/wp-content\/uploads\/\u0418\u0437\u043e\u0431\u0440\u0430\u0436\u0435\u043d\u0438\u0435-011-1.jpg 1500w\" sizes=\"(max-width: 166px) 100vw, 166px\" \/><img decoding=\"async\" loading=\"lazy\" class=\" wp-image-3647 alignright\" src=\"http:\/\/www.yeniterter.az\/wp-content\/uploads\/\u0418\u0437\u043e\u0431\u0440\u0430\u0436\u0435\u043d\u0438\u0435-0146-300x214.jpg\" alt=\"\u0418\u0437\u043e\u0431\u0440\u0430\u0436\u0435\u043d\u0438\u0435 0146\" width=\"160\" height=\"114\" srcset=\"https:\/\/yeniterter.az\/wp-content\/uploads\/\u0418\u0437\u043e\u0431\u0440\u0430\u0436\u0435\u043d\u0438\u0435-0146-300x214.jpg 300w, https:\/\/yeniterter.az\/wp-content\/uploads\/\u0418\u0437\u043e\u0431\u0440\u0430\u0436\u0435\u043d\u0438\u0435-0146-768x548.jpg 768w, https:\/\/yeniterter.az\/wp-content\/uploads\/\u0418\u0437\u043e\u0431\u0440\u0430\u0436\u0435\u043d\u0438\u0435-0146-1024x731.jpg 1024w, https:\/\/yeniterter.az\/wp-content\/uploads\/\u0418\u0437\u043e\u0431\u0440\u0430\u0436\u0435\u043d\u0438\u0435-0146.jpg 1500w\" sizes=\"(max-width: 160px) 100vw, 160px\" \/>1950-ci il iyunun 1-d\u0259 BMT-nin Ba\u015f Assambleyas\u0131n\u0131n t\u0259\u015fkilat\u00e7\u0131l\u0131\u011f\u0131 il\u0259 ke\u00e7iril\u0259n qad\u0131nlar\u0131n beyn\u0259lxalq konfrans\u0131nda iyunun 1-ni u\u015faqlar\u0131n m\u00fcdafi\u0259sin\u0259 h\u0259sr etm\u0259k q\u0259rara al\u0131n\u0131b. Bundan sonra h\u0259min g\u00fcn U\u015faqlar\u0131n Beyn\u0259lxalq M\u00fcdafi\u0259si G\u00fcn\u00fc kimi tarix\u0259 d\u00fc\u015f\u00fcb.<br \/>\n\u00d6lk\u0259mizd\u0259 u\u015faqlar\u0131n probleml\u0259ri h\u0259mi\u015f\u0259 diqq\u0259t m\u0259rk\u0259zind\u0259 saxlan\u0131l\u0131r, onlar\u0131n h\u0259rt\u0259r\u0259fli inki\u015faf etm\u0259sin\u0259, xo\u015fb\u0259xt b\u00f6y\u00fcm\u0259l\u0259rin\u0259 qay\u011f\u0131 g\u00f6st\u0259rilir.<br \/>\nUlu \u00d6nd\u0259r Heyd\u0259r \u018fliyev u\u015faqlar\u0131 \u00e7ox sevirdi v\u0259 vaxt\u0131n\u0131n az olmas\u0131na baxmayaraq, onlar\u0131n t\u0259dbirl\u0259rind\u0259 m\u0259mnunluqla i\u015ftirak edirdi. Haz\u0131rda u\u015faqlar\u0131n sa\u011flam v\u0259 firavan b\u00f6y\u00fcm\u0259si Prezident \u0130lham \u018fliyevin h\u0259yata ke\u00e7irdiyi siyas\u0259tin prioritet istiqam\u0259tl\u0259rind\u0259n biridir. Az\u0259rbaycan\u0131n birinci xan\u0131m\u0131 v\u0259 onun r\u0259hb\u0259rlik etdiyi Heyd\u0259r \u018fliyev Fondu da bu missiyan\u0131n h\u0259yata ke\u00e7irilm\u0259si \u00fc\u00e7\u00fcn \u00e7ox i\u015f g\u00f6r\u00fcr.<br \/>\nT\u0259rt\u0259r c\u0259bh\u0259 b\u00f6lg\u0259si olmas\u0131na baxmayaraq, d\u00f6vl\u0259timizin v\u0259 rayon r\u0259hb\u0259rliyinin daimi diqq\u0259t v\u0259 qay\u011f\u0131s\u0131 say\u0259sind\u0259 t\u0259rt\u0259rli m\u0259kt\u0259blil\u0259r t\u0259hsild\u0259, idmanda v\u0259 dig\u0259r sah\u0259l\u0259rd\u0259 \u00fcr\u0259ka\u00e7an nailiyy\u0259tl\u0259r qazan\u0131rlar.<!--more--><br \/>\nAprelin 1-d\u0259n c\u0259bh\u0259d\u0259 v\u0259ziyy\u0259tin g\u0259rginl\u0259\u015fm\u0259sind\u0259n sonra d\u00fc\u015fm\u0259n t\u0259r\u0259find\u0259n at\u0131lan m\u0259rmil\u0259r T\u0259rt\u0259r rayonunda bir ne\u00e7\u0259 m\u0259kt\u0259b\u0259 v\u0259 u\u015faq ba\u011f\u00e7as\u0131na d\u00fc\u015fm\u00fc\u015fd\u00fcr. B\u00fct\u00fcn bunlar BMT-nin q\u0259bul etdiyi q\u0259tnam\u0259l\u0259r\u0259 ziddir v\u0259 dinc \u0259halinin, o c\u00fcml\u0259d\u0259n u\u015faqlar\u0131n h\u00fcquqlar\u0131n\u0131n kobud sur\u0259td\u0259 pozulmas\u0131 dem\u0259kdir.<br \/>\nLakin, nec\u0259 dey\u0259rl\u0259r, qoy d\u00fc\u015fm\u0259nl\u0259rimiz sevinm\u0259sin. M\u00fcharib\u0259 \u015f\u0259raitind\u0259 ya\u015fasaq da, T\u0259rt\u0259rin g\u00fcl balalar\u0131 \u00f6z istedadlar\u0131 v\u0259 g\u00fccl\u0259ri il\u0259 rayonumuza \u015f\u00f6hr\u0259t g\u0259tirirl\u0259r.<br \/>\nBu g\u00fcnl\u0259rd\u0259 rayon icra hakimiyy\u0259tinin ba\u015f\u00e7\u0131s\u0131 M\u00fcst\u0259qim M\u0259mm\u0259dov f\u0259nn olimpiadas\u0131nn\u0131n respublika turunda qalib g\u0259lmi\u015f m\u0259kt\u0259blil\u0259ri v\u0259 onlar\u0131n m\u00fc\u0259lliml\u0259rini q\u0259bul etmi\u015fdir. Bel\u0259 ki, C\u0259milli k\u0259nd tam orta m\u0259kt\u0259binin X sinif \u015fagirdi C\u00fcm\u015f\u00fcd Qurbanov tarix f\u0259nni \u00fczr\u0259 II yer\u0259, \u015f\u0259h\u0259r 2 sayl\u0131 m\u0259kt\u0259b-liseyin IX sinif \u015fagirdi Nuran\u0259 K\u0259rimova v\u0259 D\u0259-mir\u00e7il\u0259r k\u0259nd tam orta m\u0259kt\u0259binin IX sinif \u015fagirdi Kubra Bayramova h\u0259min f\u0259nn \u00fczr\u0259 III yer\u0259 layiq g\u00f6r\u00fclm\u00fc\u015fl\u0259r.<br \/>\nBu m\u00fcnasib\u0259tl\u0259 u\u015faqlar\u0131 \u00fcr\u0259kd\u0259n t\u0259brik ed\u0259n rayon r\u0259hb\u0259ri bildirmi\u015fdir ki, t\u0259rt\u0259rli u\u015faqlar\u0131n tarix f\u0259nnin\u0259 bu c\u00fcr maraq g\u00f6st\u0259rm\u0259si t\u0259sad\u00fcfi deyil. Uzun ill\u0259r \u0259rzind\u0259 Az\u0259rbaycan tarixi saxtala\u015fd\u0131r\u0131lm\u0131\u015fd\u0131r v\u0259 indi biz bunun ac\u0131 n\u0259-tic\u0259l\u0259rini g\u00f6r\u00fcr\u00fck. Odur ki, b\u00f6y\u00fcy\u0259n n\u0259sil \u00e7ox savadl\u0131 olmal\u0131, Az\u0259rbaycan h\u0259qiq\u0259tl\u0259rinin d\u00fcnyaya \u00e7atd\u0131r\u0131lmas\u0131nda f\u0259al i\u015ftirak etm\u0259lidir.<br \/>\n\u201cQ\u0259hr\u0259man t\u0259rt\u0259rlil\u0259r sizin kimi istedadl\u0131 u\u015faqlarla f\u0259xr edirl\u0259r\u201d,\u2013 dey\u0259 icra ba\u015f\u00e7\u0131s\u0131 s\u00f6yl\u0259mi\u015fdir.<br \/>\nM\u00fcst\u0259qim M\u0259mm\u0259dov h\u0259m\u00e7inin U\u0131u \u00d6nd\u0259r Heyd\u0259r \u018fliyevin xatir\u0259sin\u0259 h\u0259sr olunmu\u015f yeniyetm\u0259l\u0259r aras\u0131nda 14-c\u00fc beyn\u0259lxalq boks turnirind\u0259n q\u0259l\u0259b\u0259 il\u0259 qay\u0131tm\u0131\u015f t\u0259rt\u0259rli yeniyetm\u0259l\u0259ri v\u0259 onlar\u0131n m\u0259\u015fq\u00e7i m\u00fc\u0259llimi Faiq M\u0259mm\u0259dovu q\u0259bul etmi\u015fdir.<br \/>\n11 \u00f6lk\u0259 boks\u00e7ular\u0131n\u0131n i\u015ftirak\u0131 il\u0259 ke\u00e7iril\u0259n yar\u0131\u015fda rayonumuzu \u00fc\u00e7 id-man\u00e7\u0131 t\u0259msil edib. Onlardan ikisi medal qa-zan\u0131b. 52 kq \u00e7\u0259ki d\u0259r\u0259c\u0259sind\u0259 \u00e7\u0131x\u0131\u015f ed\u0259n El\u015f\u0259n C\u0259bizad\u0259 birinci, 50 kq \u00e7\u0259ki d\u0259r\u0259c\u0259sind\u0259 is\u0259 M\u0259h\u0259rr\u0259m M\u0259h\u0259rr\u0259mzad\u0259 ikinci yer\u0259 layiq g\u00f6r\u00fcl\u00fcbl\u0259r. \u0130dman\u00e7\u0131lara rayon icra hakimiyy\u0259ti t\u0259r\u0259find\u0259n qiym\u0259tli h\u0259diyy\u0259l\u0259r t\u0259qdim olunub.<br \/>\nBu g\u00fcn \u00f6lk\u0259mizd\u0259 u\u015faqlara m\u00fcnasib\u0259td\u0259 \u0259sas devizimiz bel\u0259dir: \u201cU\u015faqlara yax\u015f\u0131l\u0131q n\u0259 q\u0259d\u0259r \u00e7ox olsa, yen\u0259 azd\u0131r\u201d.<\/p>\n<p style=\"text-align: right;\"><em><strong>Svetlana Ba\u011f\u0131rova<\/strong><\/em><\/p>\n","protected":false},"excerpt":{"rendered":"<p>Q\u018fHR\u018fMAN T\u018fRT\u018fR\u0130N \u0130STEDADLI U\u015eAQLARI 1950-ci il iyunun 1-d\u0259 BMT-nin Ba\u015f Assambleyas\u0131n\u0131n t\u0259\u015fkilat\u00e7\u0131l\u0131\u011f\u0131 il\u0259 ke\u00e7iril\u0259n qad\u0131nlar\u0131n beyn\u0259lxalq konfrans\u0131nda iyunun 1-ni u\u015faqlar\u0131n m\u00fcdafi\u0259sin\u0259 h\u0259sr etm\u0259k q\u0259rara al\u0131n\u0131b. Bundan sonra h\u0259min g\u00fcn U\u015faqlar\u0131n Beyn\u0259lxalq M\u00fcdafi\u0259si G\u00fcn\u00fc kimi tarix\u0259 d\u00fc\u015f\u00fcb. \u00d6lk\u0259mizd\u0259 u\u015faqlar\u0131n probleml\u0259ri h\u0259mi\u015f\u0259 diqq\u0259t m\u0259rk\u0259zind\u0259 saxlan\u0131l\u0131r, onlar\u0131n h\u0259rt\u0259r\u0259fli inki\u015faf etm\u0259sin\u0259, xo\u015fb\u0259xt b\u00f6y\u00fcm\u0259l\u0259rin\u0259 qay\u011f\u0131 g\u00f6st\u0259rilir. Ulu \u00d6nd\u0259r Heyd\u0259r \u018fliyev [&hellip;]<\/p>\n","protected":false},"author":2,"featured_media":0,"comment_status":"closed","ping_status":"closed","sticky":false,"template":"","format":"standard","meta":[],"categories":[30],"tags":[32],"_links":{"self":[{"href":"https:\/\/yeniterter.az\/index.php?rest_route=\/wp\/v2\/posts\/3644"}],"collection":[{"href":"https:\/\/yeniterter.az\/index.php?rest_route=\/wp\/v2\/posts"}],"about":[{"href":"https:\/\/yeniterter.az\/index.php?rest_route=\/wp\/v2\/types\/post"}],"author":[{"embeddable":true,"href":"https:\/\/yeniterter.az\/index.php?rest_route=\/wp\/v2\/users\/2"}],"replies":[{"embeddable":true,"href":"https:\/\/yeniterter.az\/index.php?rest_route=%2Fwp%2Fv2%2Fcomments&post=3644"}],"version-history":[{"count":0,"href":"https:\/\/yeniterter.az\/index.php?rest_route=\/wp\/v2\/posts\/3644\/revisions"}],"wp:attachment":[{"href":"https:\/\/yeniterter.az\/index.php?rest_route=%2Fwp%2Fv2%2Fmedia&parent=3644"}],"wp:term":[{"taxonomy":"category","embeddable":true,"href":"https:\/\/yeniterter.az\/index.php?rest_route=%2Fwp%2Fv2%2Fcategories&post=3644"},{"taxonomy":"post_tag","embeddable":true,"href":"https:\/\/yeniterter.az\/index.php?rest_route=%2Fwp%2Fv2%2Ftags&post=3644"}],"curies":[{"name":"wp","href":"https:\/\/api.w.org\/{rel}","templated":true}]}}