{"id":3368,"date":"2016-04-18T10:46:49","date_gmt":"2016-04-18T07:46:49","guid":{"rendered":"http:\/\/www.yeniterter.az\/?p=3368"},"modified":"2016-04-19T09:26:04","modified_gmt":"2016-04-19T06:26:04","slug":"z%c9%99f%c9%99r-bizi-gozl%c9%99yir","status":"publish","type":"post","link":"https:\/\/yeniterter.az\/?p=3368","title":{"rendered":"Z\u018fF\u018fR B\u0130Z\u0130 G\u00d6ZL\u018fY\u0130R"},"content":{"rendered":"<p><a href=\"http:\/\/www.yeniterter.az\/wp-content\/uploads\/IMG-20160413-WA0008-1.jpg\"><img decoding=\"async\" loading=\"lazy\" class=\" wp-image-3369 alignleft\" src=\"http:\/\/www.yeniterter.az\/wp-content\/uploads\/IMG-20160413-WA0008-1-300x225.jpg\" alt=\"IMG-20160413-WA0008-1\" width=\"129\" height=\"97\" srcset=\"https:\/\/yeniterter.az\/wp-content\/uploads\/IMG-20160413-WA0008-1-300x225.jpg 300w, https:\/\/yeniterter.az\/wp-content\/uploads\/IMG-20160413-WA0008-1.jpg 856w\" sizes=\"(max-width: 129px) 100vw, 129px\" \/><\/a>Son g\u00fcnl\u0259r n\u0259inki Az\u0259rbaycan\u0131m\u0131z\u0131n, b\u00fct\u00fcn d\u00fcnya \u00f6lk\u0259l\u0259rinin diqq\u0259tini \u00f6z\u00fcn\u0259 \u00e7\u0259k\u0259n, ad\u0131na \u015feirl\u0259r, mahn\u0131lar yaz\u0131lan do\u011fma torpa\u011f\u0131m\u0131z olan Qaraba\u011f\u0131m\u0131zdan dan\u0131\u015fmaq m\u0259nim d\u0259 bir v\u0259t\u0259nda\u015fl\u0131q borcumdur. El\u0259 bir borc ki, h\u0259r k\u0259s bunu \u00f6z \u0259m\u0259lind\u0259, \u0259qid\u0259sind\u0259 g\u00f6st\u0259rir. Kimisi bunu d\u00fc\u015fm\u0259nin diversiya qrupunun t\u0259xribatlar\u0131na cavab olaraq s\u0259ng\u0259rl\u0259rd\u0259 m\u0259\u011frurcas\u0131na d\u00f6y\u00fc\u015f\u0259r\u0259k, kimisi is\u0259 xalq, v\u0259t\u0259n, torpaq yolunda \u00f6z ya\u015famaq h\u00fcququndan ke\u00e7ib \u015f\u0259hidlik zirv\u0259sin\u0259 y\u00fcks\u0259l\u0259r\u0259k, kimi is\u0259 v\u0259t\u0259n o\u011fullar\u0131n\u0131n bu m\u0259\u011frurluq v\u0259 f\u0259dakarl\u0131\u011f\u0131n\u0131 q\u0259l\u0259m\u0259 alaraq yerin\u0259 yetirir. V\u0259t\u0259nimizin ke\u015fiyind\u0259 duran kifay\u0259t q\u0259d\u0259r qeyr\u0259tli o\u011fullar oldu\u011fundan biz\u0259 d\u00fc\u015f\u0259n bunlar\u0131n haqq\u0131nda yazmaq oldu.<br \/>\n1992-ci ild\u0259 erm\u0259nil\u0259r t\u0259r\u0259find\u0259n i\u015f\u011fal edilmi\u015f torpaqlar\u0131m\u0131zdan, da\u011flar qoynunda yerl\u0259\u015f\u0259n La\u00e7\u0131n\u0131m\u0131zdan v\u0259 onun qeyr\u0259tli, v\u0259t\u0259np\u0259rv\u0259r o\u011fullar\u0131ndan biri Ramil Bax\u015fal\u0131yevd\u0259n dan\u0131\u015fmaq ist\u0259rdim. Onunla ilk tan\u0131\u015fl\u0131\u011f\u0131m\u0131z m\u0259nim \u00fc\u00e7\u00fcn \u00e7ox h\u0259y\u0259canl\u0131 v\u0259 g\u00f6zl\u0259nilm\u0259z vaxta t\u0259sad\u00fcf etdi. <!--more-->Ya\u015fad\u0131\u011f\u0131m\u0131z Qapanl\u0131 k\u0259ndi t\u0259mas x\u0259tti boyunca yerl\u0259\u015fdiyi \u00fc\u00e7\u00fcn tez-tez erm\u0259nil\u0259r t\u0259r\u0259find\u0259n at\u0259\u015f\u0259 m\u0259ruz qal\u0131rd\u0131. Son d\u00f6vrl\u0259r is\u0259 bu h\u00fccumlar daha ciddi \u015f\u0259kil ald\u0131\u011f\u0131ndan ordumuzun n\u0259 vaxtsa onlara layiqli cavab ver\u0259c\u0259yi g\u00fcn\u00fc g\u00f6zl\u0259yirdik.<br \/>\nAx\u015fam\u00e7a\u011f\u0131 k\u0259nd yolunda 2 zirehli texnika v\u0259 minat\u0259mizl\u0259y\u0259ni g\u00f6r\u00fcb h\u0259yacanland\u0131m. Qar\u015f\u0131dan g\u0259l\u0259n h\u0259rb\u00e7inin simas\u0131nda d\u00fc\u015fm\u0259n\u0259 qar\u015f\u0131 nifr\u0259t v\u0259 qisas hissi vard\u0131.<br \/>\n\u201cYolunuz a\u00e7\u0131q olsun! Allaha \u0259man\u0259t\u201d, \u2013 dey\u0259r\u0259k yanlar\u0131ndan \u00f6td\u00fcm. Bu h\u0259rb\u00e7i is\u0259 Ramilin \u00f6z\u00fc idi.<br \/>\nRamil 1981-ci ild\u0259 La\u00e7\u0131n rayonunda \u201c\u015e\u0259lv\u0259 d\u0259r\u0259si\u201d deyil\u0259n k\u0259ndd\u0259 anadan olub. 11 ya\u015f\u0131nda ik\u0259n La\u00e7\u0131n rayonu erm\u0259nil\u0259r t\u0259r\u0259find\u0259n i\u015f\u011fal edilib v\u0259 ail\u0259si B\u0259rd\u0259 rayonunda m\u0259skunla\u015f\u0131b. U\u015faql\u0131qdan h\u0259rb\u00e7i olmaq ist\u0259mi\u015f, h\u0259rbi t\u0259hsil alm\u0131\u015fd\u0131r. Be\u015f ildir ki, orduda qulluq edir. Ramilin 2 \u00f6vlad\u0131 da atas\u0131 kimi h\u0259rb\u00e7i olmaq ist\u0259yir. \u00d6z\u00fc is\u0259 h\u0259rb yolunu sec\u0259rk\u0259n anas\u0131na, m\u00fc\u0259lliml\u0259rin\u0259 s\u00f6z verib ki, torpaqlar\u0131m\u0131z azad olunanad\u0259k d\u00f6y\u00fc\u015f\u0259c\u0259k. Bu g\u00fcn onun d\u00f6y\u00fc\u015f s\u0259hn\u0259l\u0259rinin \u015fahidi bizl\u0259rik. Aprelin 3-d\u0259 h\u0259rbi ma\u015f\u0131nla Seysulan istiqam\u0259tind\u0259 h\u0259r\u0259k\u0259td\u0259 olark\u0259n d\u00fc\u015fm\u0259n t\u0259r\u0259fi ma\u015f\u0131n\u0131 vurub. Son anda \u00f6l\u00fcm\u00fcn c\u0259ngind\u0259n qurtar\u0131b. S\u00f6hb\u0259t ed\u0259rk\u0259n bildirdi ki, torpaq u\u011frunda \u00f6lm\u0259k \u015f\u0259r\u0259fdir. Ancaq biz\u0259 \u00f6ld\u00fcrm\u0259k g\u0259r\u0259kdir ki, La\u00e7\u0131n\u0131m\u0131za \u00e7ata bil\u0259k. Ax\u0131 La\u00e7\u0131n, i\u015fgalda olan dig\u0259r torpaqlar bizi g\u00f6zl\u0259yir.<br \/>\nM\u0259n Ramil Bax\u015fal\u0131yevin timsal\u0131nda milli ordumuzda olan b\u00f6y\u00fck ruh y\u00fcks\u0259kliyini g\u00f6rd\u00fcm. Art\u0131q bu g\u00fcn xalqla ordu v\u0259hd\u0259t t\u0259\u015fkil edir. G\u00fcc\u00fcm\u00fcz birliyimizd\u0259dir.<br \/>\nV\u0259t\u0259n o\u011fullar\u0131, sizl\u0259r\u0259 s\u0259sl\u0259nirik!<br \/>\nSizl\u0259rl\u0259 f\u0259xr edirik. Qaraba\u011f sava\u015f\u0131nda u\u011fur, q\u0259l\u0259b\u0259 yaln\u0131z sizl\u0259rindir.<br \/>\nQ\u0259l\u0259b\u0259 m\u00fcjd\u0259nizi g\u00f6zl\u0259yirik. Siz\u0259 \u201cYolunuz a\u00e7\u0131q olsun\u201d deyir v\u0259 Allaha \u0259man\u0259t edir\u0259m. Yaradaca\u011f\u0131n\u0131z z\u0259f\u0259r tarixind\u0259n yazmaq \u00fcm\u00fcd\u00fc il\u0259:<\/p>\n<p style=\"text-align: right;\"><em><strong>S\u0259lim\u0259 Yusibova<\/strong><\/em><\/p>\n","protected":false},"excerpt":{"rendered":"<p>Son g\u00fcnl\u0259r n\u0259inki Az\u0259rbaycan\u0131m\u0131z\u0131n, b\u00fct\u00fcn d\u00fcnya \u00f6lk\u0259l\u0259rinin diqq\u0259tini \u00f6z\u00fcn\u0259 \u00e7\u0259k\u0259n, ad\u0131na \u015feirl\u0259r, mahn\u0131lar yaz\u0131lan do\u011fma torpa\u011f\u0131m\u0131z olan Qaraba\u011f\u0131m\u0131zdan dan\u0131\u015fmaq m\u0259nim d\u0259 bir v\u0259t\u0259nda\u015fl\u0131q borcumdur. El\u0259 bir borc ki, h\u0259r k\u0259s bunu \u00f6z \u0259m\u0259lind\u0259, \u0259qid\u0259sind\u0259 g\u00f6st\u0259rir. Kimisi bunu d\u00fc\u015fm\u0259nin diversiya qrupunun t\u0259xribatlar\u0131na cavab olaraq s\u0259ng\u0259rl\u0259rd\u0259 m\u0259\u011frurcas\u0131na d\u00f6y\u00fc\u015f\u0259r\u0259k, kimisi is\u0259 xalq, v\u0259t\u0259n, torpaq yolunda \u00f6z ya\u015famaq h\u00fcququndan [&hellip;]<\/p>\n","protected":false},"author":2,"featured_media":0,"comment_status":"closed","ping_status":"closed","sticky":false,"template":"","format":"standard","meta":[],"categories":[10],"tags":[20],"_links":{"self":[{"href":"https:\/\/yeniterter.az\/index.php?rest_route=\/wp\/v2\/posts\/3368"}],"collection":[{"href":"https:\/\/yeniterter.az\/index.php?rest_route=\/wp\/v2\/posts"}],"about":[{"href":"https:\/\/yeniterter.az\/index.php?rest_route=\/wp\/v2\/types\/post"}],"author":[{"embeddable":true,"href":"https:\/\/yeniterter.az\/index.php?rest_route=\/wp\/v2\/users\/2"}],"replies":[{"embeddable":true,"href":"https:\/\/yeniterter.az\/index.php?rest_route=%2Fwp%2Fv2%2Fcomments&post=3368"}],"version-history":[{"count":0,"href":"https:\/\/yeniterter.az\/index.php?rest_route=\/wp\/v2\/posts\/3368\/revisions"}],"wp:attachment":[{"href":"https:\/\/yeniterter.az\/index.php?rest_route=%2Fwp%2Fv2%2Fmedia&parent=3368"}],"wp:term":[{"taxonomy":"category","embeddable":true,"href":"https:\/\/yeniterter.az\/index.php?rest_route=%2Fwp%2Fv2%2Fcategories&post=3368"},{"taxonomy":"post_tag","embeddable":true,"href":"https:\/\/yeniterter.az\/index.php?rest_route=%2Fwp%2Fv2%2Ftags&post=3368"}],"curies":[{"name":"wp","href":"https:\/\/api.w.org\/{rel}","templated":true}]}}