{"id":3366,"date":"2016-04-18T10:41:00","date_gmt":"2016-04-18T07:41:00","guid":{"rendered":"http:\/\/www.yeniterter.az\/?p=3366"},"modified":"2016-04-21T11:23:19","modified_gmt":"2016-04-21T08:23:19","slug":"hami-bir-n%c9%99f%c9%99r-kimi","status":"publish","type":"post","link":"https:\/\/yeniterter.az\/?p=3366","title":{"rendered":"HAMI B\u0130R N\u018fF\u018fR K\u0130M\u0130"},"content":{"rendered":"<p><a href=\"http:\/\/www.yeniterter.az\/wp-content\/uploads\/file1309107705537.jpg\"><img decoding=\"async\" loading=\"lazy\" class=\" wp-image-3410 alignleft\" src=\"http:\/\/www.yeniterter.az\/wp-content\/uploads\/file1309107705537-300x200.jpg\" alt=\"file1309107705537\" width=\"176\" height=\"117\" srcset=\"https:\/\/yeniterter.az\/wp-content\/uploads\/file1309107705537-300x200.jpg 300w, https:\/\/yeniterter.az\/wp-content\/uploads\/file1309107705537.jpg 550w\" sizes=\"(max-width: 176px) 100vw, 176px\" \/><\/a><a href=\"http:\/\/www.yeniterter.az\/wp-content\/uploads\/1f4fffbf0291.jpg\"><img decoding=\"async\" loading=\"lazy\" class=\" wp-image-3412 alignright\" src=\"http:\/\/www.yeniterter.az\/wp-content\/uploads\/1f4fffbf0291-300x163.jpg\" alt=\"1f4fffbf0291\" width=\"201\" height=\"109\" srcset=\"https:\/\/yeniterter.az\/wp-content\/uploads\/1f4fffbf0291-300x163.jpg 300w, https:\/\/yeniterter.az\/wp-content\/uploads\/1f4fffbf0291.jpg 740w\" sizes=\"(max-width: 201px) 100vw, 201px\" \/><\/a>Bu g\u00fcn Az\u0259rbaycan xalq\u0131 bir yumruq kimi Prezident ilham \u018fliyevin \u0259traf\u0131nda birl\u0259\u015f\u0259r\u0259k, torpaqlar\u0131m\u0131z\u0131n i\u015f\u011faldan azad edilm\u0259si u\u011frunda m\u00fcbariz\u0259y\u0259 qalxma\u011fa haz\u0131rd\u0131r. Ke\u00e7mi\u015f c\u0259bh\u0259\u00e7il\u0259r, v\u0259t\u0259nd\u0259n uzaqda ya\u015fayanlar, \u015f\u0259hid ana v\u0259 bac\u0131lar\u0131, bir s\u00f6zl\u0259, h\u0259r k\u0259s ordumuza \u0259lind\u0259n g\u0259l\u0259n k\u00f6m\u0259kliyi g\u00f6st\u0259rm\u0259k ist\u0259yir.<br \/>\nAprelin 2-d\u0259n t\u0259mas x\u0259tti boyunca ba\u015flanan erm\u0259ni t\u0259xribatlar\u0131na Az\u0259rbaycan Ordusunun verdiyi layiqli cavab g\u00f6st\u0259rdi ki, ordumuz 90-c\u0131 ill\u0259rin ordusu deyil. Bu, m\u00fcasir silahlarla t\u0259chiz olunmu\u015f v\u0259 h\u0259r c\u00fcr t\u0259cav\u00fcz\u0259 cavab verm\u0259y\u0259 haz\u0131r olan bir q\u00fcdr\u0259tli ordudur. El\u0259 c\u0259miyy\u0259timiz d\u0259 h\u0259min d\u00f6vr\u00fcn c\u0259miyy\u0259ti deyil. \u0130ndi c\u0259miyy\u0259timizd\u0259 m\u00fc\u015fahid\u0259 olunan ruh y\u00fcks\u0259kliyi, v\u0259t\u0259np\u0259rv\u0259rlik, birlik he\u00e7 zaman olmam\u0131\u015fd\u0131r.<br \/>\nBu hissl\u0259r Yeni Az\u0259rbaycan Partiyas\u0131n\u0131n \u00fczvl\u0259ri aras\u0131nda da \u00e7ox g\u00fccl\u00fcd\u00fcr.<br \/>\nT\u0259rt\u0259r q\u0259hr\u0259manlar diyar\u0131d\u0131r. D\u00f6y\u00fc\u015fl\u0259rd\u0259 d\u0259 t\u0259rt\u0259rlil\u0259r layiqinc\u0259 i\u015ftirak etdil\u0259r.<!--more--> Biz torpaqlar\u0131m\u0131z\u0131n bir qismini geri qaytard\u0131q. Eyni zamanda Az\u0259rbaycan\u0131n haql\u0131 oldu\u011funu bir daha d\u00fcnyaya n\u00fcmayi\u015f etdirdik.<br \/>\nAz\u0259rbaycan xalq\u0131 he\u00e7 kimin torpaqlar\u0131n\u0131 i\u015f\u011fal etm\u0259yib. Biz haqq\u0131m\u0131z\u0131 t\u0259l\u0259b edirik. Haqq i\u015fi qalib g\u0259l\u0259c\u0259k.<br \/>\n\u015e\u0259hidl\u0259rimizin qan\u0131 yerd\u0259 qalmayacaq. D\u00f6y\u00fc\u015fl\u0259rd\u0259 \u015f\u0259hid olan h\u0259rb\u00e7il\u0259rimiz\u0259, m\u00fclki v\u0259t\u0259nda\u015flar\u0131m\u0131za Allah r\u0259hm\u0259t el\u0259sin. Onlar\u0131n yax\u0131nlar\u0131na, do\u011fmalar\u0131na s\u0259br dil\u0259yirik.<\/p>\n<p style=\"text-align: right;\"><strong><em>Kamil M\u0259mm\u0259dov,<\/em><\/strong><br \/>\n<strong><em> YAP rayon t\u0259\u015fkilat\u0131<\/em><\/strong><br \/>\n<strong><em> aparat\u0131n\u0131n r\u0259hb\u0259ri<\/em><\/strong><\/p>\n","protected":false},"excerpt":{"rendered":"<p>Bu g\u00fcn Az\u0259rbaycan xalq\u0131 bir yumruq kimi Prezident ilham \u018fliyevin \u0259traf\u0131nda birl\u0259\u015f\u0259r\u0259k, torpaqlar\u0131m\u0131z\u0131n i\u015f\u011faldan azad edilm\u0259si u\u011frunda m\u00fcbariz\u0259y\u0259 qalxma\u011fa haz\u0131rd\u0131r. Ke\u00e7mi\u015f c\u0259bh\u0259\u00e7il\u0259r, v\u0259t\u0259nd\u0259n uzaqda ya\u015fayanlar, \u015f\u0259hid ana v\u0259 bac\u0131lar\u0131, bir s\u00f6zl\u0259, h\u0259r k\u0259s ordumuza \u0259lind\u0259n g\u0259l\u0259n k\u00f6m\u0259kliyi g\u00f6st\u0259rm\u0259k ist\u0259yir. Aprelin 2-d\u0259n t\u0259mas x\u0259tti boyunca ba\u015flanan erm\u0259ni t\u0259xribatlar\u0131na Az\u0259rbaycan Ordusunun verdiyi layiqli cavab g\u00f6st\u0259rdi ki, ordumuz [&hellip;]<\/p>\n","protected":false},"author":2,"featured_media":0,"comment_status":"closed","ping_status":"closed","sticky":false,"template":"","format":"standard","meta":[],"categories":[10],"tags":[20],"_links":{"self":[{"href":"https:\/\/yeniterter.az\/index.php?rest_route=\/wp\/v2\/posts\/3366"}],"collection":[{"href":"https:\/\/yeniterter.az\/index.php?rest_route=\/wp\/v2\/posts"}],"about":[{"href":"https:\/\/yeniterter.az\/index.php?rest_route=\/wp\/v2\/types\/post"}],"author":[{"embeddable":true,"href":"https:\/\/yeniterter.az\/index.php?rest_route=\/wp\/v2\/users\/2"}],"replies":[{"embeddable":true,"href":"https:\/\/yeniterter.az\/index.php?rest_route=%2Fwp%2Fv2%2Fcomments&post=3366"}],"version-history":[{"count":0,"href":"https:\/\/yeniterter.az\/index.php?rest_route=\/wp\/v2\/posts\/3366\/revisions"}],"wp:attachment":[{"href":"https:\/\/yeniterter.az\/index.php?rest_route=%2Fwp%2Fv2%2Fmedia&parent=3366"}],"wp:term":[{"taxonomy":"category","embeddable":true,"href":"https:\/\/yeniterter.az\/index.php?rest_route=%2Fwp%2Fv2%2Fcategories&post=3366"},{"taxonomy":"post_tag","embeddable":true,"href":"https:\/\/yeniterter.az\/index.php?rest_route=%2Fwp%2Fv2%2Ftags&post=3366"}],"curies":[{"name":"wp","href":"https:\/\/api.w.org\/{rel}","templated":true}]}}