{"id":3287,"date":"2016-04-07T09:44:18","date_gmt":"2016-04-07T06:44:18","guid":{"rendered":"http:\/\/www.yeniterter.az\/?p=3287"},"modified":"2016-04-07T09:44:18","modified_gmt":"2016-04-07T06:44:18","slug":"bacariqli-masinist-ekskavatorcu","status":"publish","type":"post","link":"https:\/\/yeniterter.az\/?p=3287","title":{"rendered":"BACARIQLI     MA\u015e\u0130N\u0130ST\u2013EKSKAVATOR\u00c7U"},"content":{"rendered":"<p><a href=\"http:\/\/www.yeniterter.az\/wp-content\/uploads\/\u0418\u0437\u043e\u0431\u0440\u0430\u0436\u0435\u043d\u0438\u0435-1042.jpg\"><img decoding=\"async\" loading=\"lazy\" class=\" wp-image-3288 alignleft\" src=\"http:\/\/www.yeniterter.az\/wp-content\/uploads\/\u0418\u0437\u043e\u0431\u0440\u0430\u0436\u0435\u043d\u0438\u0435-1042-300x201.jpg\" alt=\"\u0418\u0437\u043e\u0431\u0440\u0430\u0436\u0435\u043d\u0438\u0435 104\" width=\"152\" height=\"102\" srcset=\"https:\/\/yeniterter.az\/wp-content\/uploads\/\u0418\u0437\u043e\u0431\u0440\u0430\u0436\u0435\u043d\u0438\u0435-1042-300x201.jpg 300w, https:\/\/yeniterter.az\/wp-content\/uploads\/\u0418\u0437\u043e\u0431\u0440\u0430\u0436\u0435\u043d\u0438\u0435-1042-1024x685.jpg 1024w, https:\/\/yeniterter.az\/wp-content\/uploads\/\u0418\u0437\u043e\u0431\u0440\u0430\u0436\u0435\u043d\u0438\u0435-1042.jpg 1500w\" sizes=\"(max-width: 152px) 100vw, 152px\" \/><\/a>\u00d6t\u0259n ilin iyun ay\u0131ndan ba\u015flayaraq rayonumuzda su v\u0259 kanalizasiya sistemini qura\u015fd\u0131ran TT\u015e \u201c\u0130n\u015faat\u201d\u0131n i\u015f\u00e7il\u0259ri h\u0259r k\u00fc\u00e7\u0259d\u0259, h\u0259r evd\u0259 \u0259ziz qona\u011fa \u00e7evrilibl\u0259r. Qaz\u0131nt\u0131 i\u015fl\u0259ri \u015f\u0259h\u0259rin yollar\u0131nda m\u00fcv\u0259qq\u0259ti \u00e7\u0259tinlik yaratsa da, ham\u0131 anlay\u0131r ki, layih\u0259 ba\u015fa \u00e7atandan sonra bunlar unudulacaq, \u0259v\u0259zind\u0259 is\u0259 t\u0259rt\u0259rlil\u0259r \u00e7oxdan h\u0259sr\u0259tind\u0259 olduqlar\u0131 rahatl\u0131\u011fa qovu\u015facaqlar. Qonaqp\u0259rv\u0259r sakinl\u0259r yay\u0131n istisind\u0259, q\u0131\u015f\u0131n soyu\u011funda \u015firk\u0259td\u0259 \u00e7al\u0131\u015fanlara qay\u011f\u0131ke\u015flikl\u0259 yana\u015f\u0131rlar. \u00a0Art\u0131q \u015f\u0259h\u0259rd\u0259 kollektivin qabaqc\u0131l i\u015f\u00e7il\u0259rini d\u0259 yax\u015f\u0131 tan\u0131y\u0131rlar. Bunlardan biri ma\u015finist-ekskavator\u00e7u Tofiq Qurbanovdur. Z\u0259hm\u0259tke\u015f insan\u0131n \u00fcz\u0259rin\u0259 d\u00fc\u015f\u0259n v\u0259zif\u0259 borcu x\u0259tl\u0259rin layih\u0259 \u00fczr\u0259 t\u0259l\u0259b olunan d\u0259rinlikd\u0259 qaz\u0131lmas\u0131 v\u0259 \u0259ks doldurulmas\u0131d\u0131r.<br \/>\nPe\u015f\u0259sinin sirl\u0259rini ilk n\u00f6vb\u0259d\u0259 atas\u0131 Yaqub Qurbanovdan \u00f6yr\u0259n\u0259n v\u0259 1978-ci ild\u0259 T\u0259rt\u0259rd\u0259ki texniki pe\u015f\u0259 m\u0259kt\u0259bind\u0259 sevdiyi ixtisas \u00fczr\u0259 t\u0259hsil alaraq daha da p\u00fcxt\u0259l\u0259\u015f\u0259n Tofiq Qurbanovun ilk i\u015f yeri B\u0259rd\u0259 Su Meliorasiya \u0130dar\u0259si olub. 2015-ci ild\u0259n is\u0259 TT\u015e \u201c\u0130n\u015faat\u201dda \u00e7al\u0131\u015f\u0131r.<!--more--><br \/>\nBir i\u015f\u00e7i v\u0259 qay\u011f\u0131ke\u015f insan kimi kollektiv \u00fczvl\u0259ri aras\u0131nda h\u00f6rm\u0259t qazan\u0131b. \u015eirk\u0259td\u0259 mexanik v\u0259zif\u0259sind\u0259 \u00e7al\u0131\u015fan Alim A\u011fayev deyir ki, qabaqc\u0131l ma\u015finist-ekskavator\u00e7unun f\u0259aliyy\u0259ti burada \u00e7al\u0131\u015fan g\u0259ncl\u0259r \u00fc\u00e7\u00fcn n\u00fcmun\u0259dir.<br \/>\nLayih\u0259 ba\u015fa \u00e7atd\u0131qdan sonra \u015f\u0259h\u0259rimizin v\u0259 \u0259traf bir ne\u00e7\u0259 k\u0259ndin \u0259halisi daimi olaraq i\u00e7m\u0259li sudan istifad\u0259 etm\u0259k im-kan\u0131 \u0259ld\u0259 ed\u0259c\u0259k, \u00e7irkab sular daha k\u00fc\u00e7\u0259l\u0259rimizi b\u0259rbad v\u0259ziyy\u0259t\u0259 qoymayacaq.<br \/>\nT\u0259rt\u0259rlil\u0259r layih\u0259nin h\u0259yata ke\u00e7irilm\u0259sind\u0259 z\u0259hm\u0259ti olan insanlara minn\u0259tdarl\u0131qlar\u0131n\u0131 bildirirl\u0259r.<\/p>\n<p style=\"text-align: right;\"><strong><em>K\u0259nan H\u00fcseynzad\u0259<\/em><\/strong><\/p>\n","protected":false},"excerpt":{"rendered":"<p>\u00d6t\u0259n ilin iyun ay\u0131ndan ba\u015flayaraq rayonumuzda su v\u0259 kanalizasiya sistemini qura\u015fd\u0131ran TT\u015e \u201c\u0130n\u015faat\u201d\u0131n i\u015f\u00e7il\u0259ri h\u0259r k\u00fc\u00e7\u0259d\u0259, h\u0259r evd\u0259 \u0259ziz qona\u011fa \u00e7evrilibl\u0259r. Qaz\u0131nt\u0131 i\u015fl\u0259ri \u015f\u0259h\u0259rin yollar\u0131nda m\u00fcv\u0259qq\u0259ti \u00e7\u0259tinlik yaratsa da, ham\u0131 anlay\u0131r ki, layih\u0259 ba\u015fa \u00e7atandan sonra bunlar unudulacaq, \u0259v\u0259zind\u0259 is\u0259 t\u0259rt\u0259rlil\u0259r \u00e7oxdan h\u0259sr\u0259tind\u0259 olduqlar\u0131 rahatl\u0131\u011fa qovu\u015facaqlar. Qonaqp\u0259rv\u0259r sakinl\u0259r yay\u0131n istisind\u0259, q\u0131\u015f\u0131n soyu\u011funda \u015firk\u0259td\u0259 \u00e7al\u0131\u015fanlara qay\u011f\u0131ke\u015flikl\u0259 [&hellip;]<\/p>\n","protected":false},"author":2,"featured_media":0,"comment_status":"closed","ping_status":"closed","sticky":false,"template":"","format":"standard","meta":[],"categories":[10],"tags":[20],"_links":{"self":[{"href":"https:\/\/yeniterter.az\/index.php?rest_route=\/wp\/v2\/posts\/3287"}],"collection":[{"href":"https:\/\/yeniterter.az\/index.php?rest_route=\/wp\/v2\/posts"}],"about":[{"href":"https:\/\/yeniterter.az\/index.php?rest_route=\/wp\/v2\/types\/post"}],"author":[{"embeddable":true,"href":"https:\/\/yeniterter.az\/index.php?rest_route=\/wp\/v2\/users\/2"}],"replies":[{"embeddable":true,"href":"https:\/\/yeniterter.az\/index.php?rest_route=%2Fwp%2Fv2%2Fcomments&post=3287"}],"version-history":[{"count":0,"href":"https:\/\/yeniterter.az\/index.php?rest_route=\/wp\/v2\/posts\/3287\/revisions"}],"wp:attachment":[{"href":"https:\/\/yeniterter.az\/index.php?rest_route=%2Fwp%2Fv2%2Fmedia&parent=3287"}],"wp:term":[{"taxonomy":"category","embeddable":true,"href":"https:\/\/yeniterter.az\/index.php?rest_route=%2Fwp%2Fv2%2Fcategories&post=3287"},{"taxonomy":"post_tag","embeddable":true,"href":"https:\/\/yeniterter.az\/index.php?rest_route=%2Fwp%2Fv2%2Ftags&post=3287"}],"curies":[{"name":"wp","href":"https:\/\/api.w.org\/{rel}","templated":true}]}}