{"id":31662,"date":"2026-09-01T08:59:38","date_gmt":"2026-09-01T05:59:38","guid":{"rendered":"https:\/\/yeniterter.az\/?p=31662"},"modified":"2026-09-01T08:59:38","modified_gmt":"2026-09-01T05:59:38","slug":"icra-bascisi-s%c9%99hid-intiqam-m%c9%99nsimlinin-qardasinin-toy-s%c9%99nliyind%c9%99-istirak-edib","status":"publish","type":"post","link":"https:\/\/yeniterter.az\/?p=31662","title":{"rendered":"\u0130cra ba\u015f\u00e7\u0131s\u0131 \u015f\u0259hid \u0130ntiqam M\u0259nsimlinin qarda\u015f\u0131n\u0131n toy \u015f\u0259nliyind\u0259 i\u015ftirak edib"},"content":{"rendered":"<p><img decoding=\"async\" loading=\"lazy\" class=\"size-medium wp-image-31663 alignleft\" src=\"https:\/\/yeniterter.az\/wp-content\/uploads\/242843da8c00272ca7373b3f22489697-300x200.jpg\" alt=\"\" width=\"300\" height=\"200\" srcset=\"https:\/\/yeniterter.az\/wp-content\/uploads\/242843da8c00272ca7373b3f22489697-300x200.jpg 300w, https:\/\/yeniterter.az\/wp-content\/uploads\/242843da8c00272ca7373b3f22489697-1024x683.jpg 1024w, https:\/\/yeniterter.az\/wp-content\/uploads\/242843da8c00272ca7373b3f22489697-768x512.jpg 768w, https:\/\/yeniterter.az\/wp-content\/uploads\/242843da8c00272ca7373b3f22489697.jpg 1152w\" sizes=\"(max-width: 300px) 100vw, 300px\" \/>T\u0259rt\u0259r rayonunun K\u0259ng\u0259rli k\u0259ndind\u0259n olan V\u0259t\u0259n M\u00fcharib\u0259si \u015f\u0259hidi M\u0259nsimli \u0130ntiqam R\u00f6v\u015f\u0259n o\u011flunun qarda\u015f\u0131 M\u0259nsimli El\u00e7inin toy m\u0259rasimi ke\u00e7irilib. Toy \u015f\u0259nliyind\u0259 ail\u0259 \u00fczvl\u0259ri il\u0259 b\u0259rab\u0259r T\u0259rt\u0259r Rayon \u0130cra Hakimiyy\u0259tinin ba\u015f\u00e7\u0131s\u0131 M\u00fcst\u0259qim M\u0259mm\u0259dov, D\u00f6vl\u0259t T\u0259hl\u00fck\u0259sizlik Xidm\u0259tinin T\u0259rt\u0259r Rayon \u015f\u00f6b\u0259sinin r\u0259isi R\u0259\u015fad Nadirov, YAP T\u0259rt\u0259r Rayon T\u0259\u015fkilat\u0131n\u0131n s\u0259dri Eldar \u018fs\u0259dov, Milli M\u0259clisin deputat\u0131 Anar M\u0259mm\u0259dovun k\u00f6m\u0259k\u00e7isi El\u00e7in Cahangirov, Qafqaz M\u00fcs\u0259lmanlar \u0130dar\u0259sinin s\u0259lahiyy\u0259tli n\u00fcmay\u0259nd\u0259si T\u0259rt\u0259r C\u00fcm\u0259 M\u0259scidinin imam\u0131 Sadiq C\u0259f\u0259rov, \u015f\u0259hid ail\u0259l\u0259ri, V\u0259t\u0259n m\u00fcharib\u0259si qazil\u0259ri, veteranlar\u0131 i\u015ftirak edibl\u0259r.<\/p>\n<p>T\u0259rt\u0259r rayon \u0130cra Hakimiyy\u0259tinin ba\u015f\u00e7\u0131s\u0131 M\u00fcst\u0259qim M\u0259mm\u0259dov toy \u015f\u0259nliyind\u0259 \u00e7\u0131x\u0131\u015f ed\u0259r\u0259k yeni ail\u0259 quran g\u0259ncl\u0259ri t\u0259brik edib, onlara xo\u015fb\u0259xtlik, firavan h\u0259yat arzulay\u0131b.<\/p>\n<p>Rayon r\u0259hb\u0259ri d\u00f6vl\u0259t ba\u015f\u00e7\u0131s\u0131 c\u0259nab \u0130lham \u018fliyevin v\u0259 Birinci vitse-prezident Mehriban xan\u0131m \u018fliyevan\u0131n daim \u015f\u0259hid v\u0259 qazi ail\u0259l\u0259rinin yan\u0131nda olduqlar\u0131n\u0131, onlar\u0131n probleml\u0259rin\u0259 diqq\u0259t v\u0259 qay\u011f\u0131 il\u0259 yana\u015fd\u0131qlar\u0131n\u0131 v\u0259 m\u00f6ht\u0259r\u0259m Prezidentin b\u00fct\u00fcn d\u00f6vl\u0259t qurumlar\u0131n\u0131n qar\u015f\u0131s\u0131nda bu h\u0259ssas t\u0259b\u0259q\u0259y\u0259 aid olan insanlar\u0131n probleml\u0259rinin h\u0259llini bir n\u00f6mr\u0259li v\u0259zif\u0259 kimi m\u00fc\u0259yy\u0259n etdiyini vur\u011fulay\u0131b. \u015e\u0259hid ail\u0259l\u0259rin\u0259, qazil\u0259r\u0259 v\u0259 veteranlara g\u00f6st\u0259ril\u0259n diqq\u0259t v\u0259 qay\u011f\u0131n\u0131n d\u00f6vl\u0259t siyas\u0259tinin prioritetl\u0259rind\u0259n oldu\u011funu qeyd edib.<\/p>\n<p>Toy \u015f\u0259nliyind\u0259 dig\u0259r \u00e7\u0131x\u0131\u015f ed\u0259nl\u0259r d\u0259 yeni ail\u0259 quran \u00e7\u00fctl\u00fcy\u00fc t\u0259brik edib, onlara xo\u015f arzular\u0131n\u0131 \u00e7atd\u0131r\u0131b, xo\u015fb\u0259xt, firavan h\u0259yat arzulay\u0131blar.<\/p>\n<p>Qeyd ed\u0259k ki, \u015f\u0259hid M\u0259nsimli \u0130ntiqam 1998-ci il iyunun 5-d\u0259 T\u0259rt\u0259r rayonun K\u0259ng\u0259rli k\u0259ndind\u0259 anadan olub. 2020-ci il oktyabr ay\u0131n\u0131n 16-da Tal\u0131\u015f k\u0259ndi istiqam\u0259tind\u0259 ged\u0259n d\u00f6y\u00fc\u015fl\u0259rd\u0259 \u015f\u0259hid olub, oktyabr\u0131n 17-d\u0259 do\u011fuldu\u011fu T\u0259rt\u0259r rayonunun\u00a0 K\u0259ng\u0259rli k\u0259ndind\u0259 d\u0259fn olub.<\/p>\n<p>\u00d6l\u00fcm\u00fcnd\u0259n sonra o, d\u00f6y\u00fc\u015fl\u0259rd\u0259 g\u00f6st\u0259rdiyi igidliy\u0259 g\u00f6r\u0259 Az\u0259rbaycan Respublikas\u0131 Prezidentinin\u00a0 m\u00fcvafiq S\u0259r\u0259ncam\u0131 il\u0259 3\u2013c\u00fc d\u0259r\u0259c\u0259li \u201cV\u0259t\u0259n\u0259 xidm\u0259t\u0259 g\u00f6r\u0259\u201d \u00a0ordeni v\u0259 \u201cC\u0259sur d\u00f6y\u00fc\u015f\u00e7\u00fc\u201d, \u201cV\u0259t\u0259n u\u011frunda\u201d, \u201cSuqovu\u015fan\u0131n azad olunmas\u0131na g\u00f6r\u0259\u201d medallar\u0131 il\u0259 t\u0259ltif olunub.<\/p>\n<p>\u015e\u0259hidin ail\u0259 \u00fczvl\u0259ri \u015f\u0259hid ail\u0259l\u0259rin\u0259 g\u00f6st\u0259ril\u0259n diqq\u0259t v\u0259 qay\u011f\u0131ya g\u00f6r\u0259 Az\u0259rbaycan Respublikas\u0131n\u0131n Prezidenti c\u0259nab \u0130lham \u018fliyev\u0259 v\u0259 Birinci vitse-prezident Mehriban xan\u0131m \u018fliyevaya minnn\u0259tdarl\u0131qlar\u0131n\u0131 bildiribl\u0259r.<\/p>\n<p>&nbsp;<\/p>\n","protected":false},"excerpt":{"rendered":"<p>T\u0259rt\u0259r rayonunun K\u0259ng\u0259rli k\u0259ndind\u0259n olan V\u0259t\u0259n M\u00fcharib\u0259si \u015f\u0259hidi M\u0259nsimli \u0130ntiqam R\u00f6v\u015f\u0259n o\u011flunun qarda\u015f\u0131 M\u0259nsimli El\u00e7inin toy m\u0259rasimi ke\u00e7irilib. Toy \u015f\u0259nliyind\u0259 ail\u0259 \u00fczvl\u0259ri il\u0259 b\u0259rab\u0259r T\u0259rt\u0259r Rayon \u0130cra Hakimiyy\u0259tinin ba\u015f\u00e7\u0131s\u0131 M\u00fcst\u0259qim M\u0259mm\u0259dov, D\u00f6vl\u0259t T\u0259hl\u00fck\u0259sizlik Xidm\u0259tinin T\u0259rt\u0259r Rayon \u015f\u00f6b\u0259sinin r\u0259isi R\u0259\u015fad Nadirov, YAP T\u0259rt\u0259r Rayon T\u0259\u015fkilat\u0131n\u0131n s\u0259dri Eldar \u018fs\u0259dov, Milli M\u0259clisin deputat\u0131 Anar M\u0259mm\u0259dovun k\u00f6m\u0259k\u00e7isi El\u00e7in Cahangirov, [&hellip;]<\/p>\n","protected":false},"author":2,"featured_media":0,"comment_status":"closed","ping_status":"closed","sticky":false,"template":"","format":"standard","meta":[],"categories":[28],"tags":[],"_links":{"self":[{"href":"https:\/\/yeniterter.az\/index.php?rest_route=\/wp\/v2\/posts\/31662"}],"collection":[{"href":"https:\/\/yeniterter.az\/index.php?rest_route=\/wp\/v2\/posts"}],"about":[{"href":"https:\/\/yeniterter.az\/index.php?rest_route=\/wp\/v2\/types\/post"}],"author":[{"embeddable":true,"href":"https:\/\/yeniterter.az\/index.php?rest_route=\/wp\/v2\/users\/2"}],"replies":[{"embeddable":true,"href":"https:\/\/yeniterter.az\/index.php?rest_route=%2Fwp%2Fv2%2Fcomments&post=31662"}],"version-history":[{"count":1,"href":"https:\/\/yeniterter.az\/index.php?rest_route=\/wp\/v2\/posts\/31662\/revisions"}],"predecessor-version":[{"id":31664,"href":"https:\/\/yeniterter.az\/index.php?rest_route=\/wp\/v2\/posts\/31662\/revisions\/31664"}],"wp:attachment":[{"href":"https:\/\/yeniterter.az\/index.php?rest_route=%2Fwp%2Fv2%2Fmedia&parent=31662"}],"wp:term":[{"taxonomy":"category","embeddable":true,"href":"https:\/\/yeniterter.az\/index.php?rest_route=%2Fwp%2Fv2%2Fcategories&post=31662"},{"taxonomy":"post_tag","embeddable":true,"href":"https:\/\/yeniterter.az\/index.php?rest_route=%2Fwp%2Fv2%2Ftags&post=31662"}],"curies":[{"name":"wp","href":"https:\/\/api.w.org\/{rel}","templated":true}]}}