{"id":31649,"date":"2026-09-01T08:52:10","date_gmt":"2026-09-01T05:52:10","guid":{"rendered":"https:\/\/yeniterter.az\/?p=31649"},"modified":"2026-09-01T08:52:10","modified_gmt":"2026-09-01T05:52:10","slug":"t%c9%99rt%c9%99r-rayonunda-2025-2026-ci-t%c9%99dris-ilinin-yekunlari-v%c9%99-yeni-t%c9%99dris-ilind%c9%99-qarsida-duran-h%c9%99d%c9%99fl%c9%99r-movzusunda-sentyabr-konfransi-kecirilib","status":"publish","type":"post","link":"https:\/\/yeniterter.az\/?p=31649","title":{"rendered":"T\u0259rt\u0259r rayonunda &#8220;2025\u20132026-c\u0131 t\u0259dris ilinin yekunlar\u0131 v\u0259 yeni t\u0259dris ilind\u0259 qar\u015f\u0131da duran h\u0259d\u0259fl\u0259r&#8221; m\u00f6vzusunda sentyabr konfrans\u0131 ke\u00e7irilib."},"content":{"rendered":"<p><img decoding=\"async\" loading=\"lazy\" class=\" wp-image-31650 alignleft\" src=\"https:\/\/yeniterter.az\/wp-content\/uploads\/4a7dcc11b6cd57715bceab1a32ccd2a0-300x200.jpeg\" alt=\"\" width=\"269\" height=\"179\" srcset=\"https:\/\/yeniterter.az\/wp-content\/uploads\/4a7dcc11b6cd57715bceab1a32ccd2a0-300x200.jpeg 300w, https:\/\/yeniterter.az\/wp-content\/uploads\/4a7dcc11b6cd57715bceab1a32ccd2a0-1024x682.jpeg 1024w, https:\/\/yeniterter.az\/wp-content\/uploads\/4a7dcc11b6cd57715bceab1a32ccd2a0-768x512.jpeg 768w, https:\/\/yeniterter.az\/wp-content\/uploads\/4a7dcc11b6cd57715bceab1a32ccd2a0-1536x1023.jpeg 1536w, https:\/\/yeniterter.az\/wp-content\/uploads\/4a7dcc11b6cd57715bceab1a32ccd2a0.jpeg 1600w\" sizes=\"(max-width: 269px) 100vw, 269px\" \/>T\u0259rt\u0259r rayonunda &#8220;2025\u20132026-c\u0131 t\u0259dris ilinin yekunlar\u0131 v\u0259 yeni t\u0259dris ilind\u0259 qar\u015f\u0131da duran h\u0259d\u0259fl\u0259r&#8221; m\u00f6vzusunda sentyabr konfrans\u0131 ke\u00e7irilib.<\/p>\n<p>T\u0259dbird\u0259n \u0259vv\u0259l \u00dcmummilli Lider Heyd\u0259r \u018fliyevin abid\u0259si ziyar\u0259t olunub, abid\u0259 \u00f6n\u00fcn\u0259 g\u00fcl d\u0259st\u0259l\u0259ri d\u00fcz\u00fcl\u00fcb.<\/p>\n<p>T\u0259dbird\u0259 T\u0259rt\u0259r Rayon \u0130cra Hakimiyy\u0259ti ba\u015f\u00e7\u0131s\u0131 M\u00fcst\u0259qim M\u0259mm\u0259dov, Qaraba\u011f Regional T\u0259hsil \u0130dar\u0259sinin m\u00fcdiri S\u0259nan M\u0259nsimli, T\u0259rt\u0259r rayonu \u00fczr\u0259 t\u0259hsil sektorunun m\u00fcdiri Oqtay Sar\u0131ki\u015fiyev v\u0259 sektorun \u0259m\u0259kda\u015flar\u0131, t\u0259hsil m\u00fc\u0259ssis\u0259l\u0259rinin direktorlar\u0131, m\u00fcavinl\u0259ri, m\u0259kt\u0259bd\u0259nk\u0259nar v\u0259 m\u0259kt\u0259b\u0259q\u0259d\u0259r t\u0259hsil m\u00fc\u0259ssis\u0259l\u0259rinin m\u00fcdirl\u0259ri, metodistl\u0259r v\u0259 qabaqc\u0131l t\u0259hsil i\u015f\u00e7il\u0259ri i\u015ftirak edibl\u0259r.<\/p>\n<p>Konfrans Az\u0259rbaycan Respublikas\u0131n\u0131n D\u00f6vl\u0259t Himninin s\u0259sl\u0259ndirilm\u0259si il\u0259 ba\u015flay\u0131b. Ard\u0131nca Az\u0259rbaycan\u0131n \u0259razi b\u00fct\u00f6vl\u00fcy\u00fc v\u0259 suverenliyi u\u011frunda canlar\u0131ndan ke\u00e7mi\u015f \u015f\u0259hidl\u0259rin \u0259ziz xatir\u0259si bir d\u0259qiq\u0259lik s\u00fckutla yad edilib.<!--more--><\/p>\n<p>Konfrans zaman\u0131 2025-2026-c\u0131 t\u0259dris ili \u00fczr\u0259 f\u0259aliyy\u0259t plan\u0131n\u0131n icras\u0131, IV v\u0259 VI sinifl\u0259r \u00fczr\u0259 t\u0259k\u015fil edilmi\u015f monitorinq n\u0259tic\u0259l\u0259rinin, IX v\u0259 XI sinifl\u0259r \u00fczr\u0259 burax\u0131l\u0131\u015f imtahanlar\u0131n\u0131n g\u00f6st\u0259ricil\u0259ri, apar\u0131lm\u0131\u015f d\u0259rsdinl\u0259m\u0259l\u0259rin, BSQ v\u0259 KSQ, respublika f\u0259nn olimpiadalar\u0131n\u0131n n\u0259tic\u0259l\u0259rinin t\u0259hlili konfrans i\u015ftirak\u00e7\u0131lar\u0131n\u0131n diqq\u0259tin\u0259 \u00e7atd\u0131r\u0131l\u0131b.<\/p>\n<p>Bununla yana\u015f\u0131, rayon v\u0259 m\u0259kt\u0259bl\u0259r \u00fczr\u0259 orta ballar, \u00a0yeni t\u0259dris ili \u00fc\u00e7\u00fcn qar\u015f\u0131da duran \u0259sas h\u0259d\u0259fl\u0259r v\u0259 f\u0259aliyy\u0259t istiqam\u0259tl\u0259ri, m\u0259kt\u0259bd\u0259nk\u0259nar t\u0259hsil m\u00fc\u0259ssis\u0259l\u0259rinin f\u0259aliyy\u0259ti, m\u0259kt\u0259b\u0259q\u0259d\u0259r t\u0259hsil\u0259 c\u0259lbetm\u0259 s\u0259viyy\u0259si, m\u00f6vcud probleml\u0259r v\u0259 t\u0259lim n\u0259tic\u0259l\u0259ri m\u00fczakir\u0259 olunub.<\/p>\n<p>Konfrans\u0131n sonunda yeni t\u0259dris ilind\u0259 qar\u015f\u0131ya qoyulan h\u0259d\u0259fl\u0259r\u0259 \u00e7atmaq \u00fc\u00e7\u00fcn at\u0131lacaq add\u0131mlar \u00a0v\u0259 rayon \u00fczr\u0259 t\u0259hsilin keyfiyy\u0259tinin daha da y\u00fcks\u0259ldilm\u0259si istiqam\u0259tind\u0259 g\u00f6st\u0259ril\u0259n f\u0259aliyy\u0259tin davam etdiril\u0259c\u0259yi bar\u0259d\u0259 fikirl\u0259r s\u0259sl\u0259ndirilib.<\/p>\n<p><img decoding=\"async\" loading=\"lazy\" class=\"alignnone  wp-image-31651\" src=\"https:\/\/yeniterter.az\/wp-content\/uploads\/b539a86abc7d9bdffa1a56f988d88ff5-300x200.jpeg\" alt=\"\" width=\"227\" height=\"151\" srcset=\"https:\/\/yeniterter.az\/wp-content\/uploads\/b539a86abc7d9bdffa1a56f988d88ff5-300x200.jpeg 300w, https:\/\/yeniterter.az\/wp-content\/uploads\/b539a86abc7d9bdffa1a56f988d88ff5.jpeg 375w\" sizes=\"(max-width: 227px) 100vw, 227px\" \/> <img decoding=\"async\" loading=\"lazy\" class=\"alignnone  wp-image-31653\" src=\"https:\/\/yeniterter.az\/wp-content\/uploads\/434a8ce2873c1891c50e08b25ef3abde-300x200.jpeg\" alt=\"\" width=\"227\" height=\"151\" srcset=\"https:\/\/yeniterter.az\/wp-content\/uploads\/434a8ce2873c1891c50e08b25ef3abde-300x200.jpeg 300w, https:\/\/yeniterter.az\/wp-content\/uploads\/434a8ce2873c1891c50e08b25ef3abde.jpeg 375w\" sizes=\"(max-width: 227px) 100vw, 227px\" \/><img decoding=\"async\" loading=\"lazy\" class=\"alignnone  wp-image-31654\" src=\"https:\/\/yeniterter.az\/wp-content\/uploads\/1aea9251ce05eae942d53be03505cbff-1-300x200.jpeg\" alt=\"\" width=\"236\" height=\"157\" srcset=\"https:\/\/yeniterter.az\/wp-content\/uploads\/1aea9251ce05eae942d53be03505cbff-1-300x200.jpeg 300w, https:\/\/yeniterter.az\/wp-content\/uploads\/1aea9251ce05eae942d53be03505cbff-1.jpeg 375w\" sizes=\"(max-width: 236px) 100vw, 236px\" \/><\/p>\n<p>&nbsp;<\/p>\n","protected":false},"excerpt":{"rendered":"<p>T\u0259rt\u0259r rayonunda &#8220;2025\u20132026-c\u0131 t\u0259dris ilinin yekunlar\u0131 v\u0259 yeni t\u0259dris ilind\u0259 qar\u015f\u0131da duran h\u0259d\u0259fl\u0259r&#8221; m\u00f6vzusunda sentyabr konfrans\u0131 ke\u00e7irilib. T\u0259dbird\u0259n \u0259vv\u0259l \u00dcmummilli Lider Heyd\u0259r \u018fliyevin abid\u0259si ziyar\u0259t olunub, abid\u0259 \u00f6n\u00fcn\u0259 g\u00fcl d\u0259st\u0259l\u0259ri d\u00fcz\u00fcl\u00fcb. T\u0259dbird\u0259 T\u0259rt\u0259r Rayon \u0130cra Hakimiyy\u0259ti ba\u015f\u00e7\u0131s\u0131 M\u00fcst\u0259qim M\u0259mm\u0259dov, Qaraba\u011f Regional T\u0259hsil \u0130dar\u0259sinin m\u00fcdiri S\u0259nan M\u0259nsimli, T\u0259rt\u0259r rayonu \u00fczr\u0259 t\u0259hsil sektorunun m\u00fcdiri Oqtay Sar\u0131ki\u015fiyev v\u0259 [&hellip;]<\/p>\n","protected":false},"author":2,"featured_media":0,"comment_status":"closed","ping_status":"closed","sticky":false,"template":"","format":"standard","meta":[],"categories":[5],"tags":[],"_links":{"self":[{"href":"https:\/\/yeniterter.az\/index.php?rest_route=\/wp\/v2\/posts\/31649"}],"collection":[{"href":"https:\/\/yeniterter.az\/index.php?rest_route=\/wp\/v2\/posts"}],"about":[{"href":"https:\/\/yeniterter.az\/index.php?rest_route=\/wp\/v2\/types\/post"}],"author":[{"embeddable":true,"href":"https:\/\/yeniterter.az\/index.php?rest_route=\/wp\/v2\/users\/2"}],"replies":[{"embeddable":true,"href":"https:\/\/yeniterter.az\/index.php?rest_route=%2Fwp%2Fv2%2Fcomments&post=31649"}],"version-history":[{"count":1,"href":"https:\/\/yeniterter.az\/index.php?rest_route=\/wp\/v2\/posts\/31649\/revisions"}],"predecessor-version":[{"id":31655,"href":"https:\/\/yeniterter.az\/index.php?rest_route=\/wp\/v2\/posts\/31649\/revisions\/31655"}],"wp:attachment":[{"href":"https:\/\/yeniterter.az\/index.php?rest_route=%2Fwp%2Fv2%2Fmedia&parent=31649"}],"wp:term":[{"taxonomy":"category","embeddable":true,"href":"https:\/\/yeniterter.az\/index.php?rest_route=%2Fwp%2Fv2%2Fcategories&post=31649"},{"taxonomy":"post_tag","embeddable":true,"href":"https:\/\/yeniterter.az\/index.php?rest_route=%2Fwp%2Fv2%2Ftags&post=31649"}],"curies":[{"name":"wp","href":"https:\/\/api.w.org\/{rel}","templated":true}]}}