{"id":31643,"date":"2026-09-01T08:44:12","date_gmt":"2026-09-01T05:44:12","guid":{"rendered":"https:\/\/yeniterter.az\/?p=31643"},"modified":"2026-09-01T08:44:12","modified_gmt":"2026-09-01T05:44:12","slug":"t%c9%99rt%c9%99r-rayon-icra-hakimiyy%c9%99tinin-bascisi-must%c9%99qim-m%c9%99mm%c9%99dov-birinci-qarabag-muharib%c9%99si-%c9%99lili-ismayil-ismayilovun-yas-m%c9%99rasimind%c9%99-istirak-edib","status":"publish","type":"post","link":"https:\/\/yeniterter.az\/?p=31643","title":{"rendered":"T\u0259rt\u0259r Rayon \u0130cra Hakimiyy\u0259tinin ba\u015f\u00e7\u0131s\u0131 M\u00fcst\u0259qim M\u0259mm\u0259dov Birinci Qaraba\u011f m\u00fcharib\u0259si \u0259lili \u0130smay\u0131l \u0130smay\u0131lovun yas m\u0259rasimind\u0259 i\u015ftirak edib"},"content":{"rendered":"<p><img decoding=\"async\" loading=\"lazy\" class=\" wp-image-31644 alignleft\" src=\"https:\/\/yeniterter.az\/wp-content\/uploads\/799f9d4ea4a231c9fcd1d73bb7da8584-300x225.jpeg\" alt=\"\" width=\"235\" height=\"176\" srcset=\"https:\/\/yeniterter.az\/wp-content\/uploads\/799f9d4ea4a231c9fcd1d73bb7da8584-300x225.jpeg 300w, https:\/\/yeniterter.az\/wp-content\/uploads\/799f9d4ea4a231c9fcd1d73bb7da8584.jpeg 333w\" sizes=\"(max-width: 235px) 100vw, 235px\" \/>T\u0259rt\u0259r Rayon \u0130cra Hakimiyy\u0259tinin ba\u015f\u00e7\u0131s\u0131 M\u00fcst\u0259qim M\u0259mm\u0259dov T\u0259rt\u0259r \u015f\u0259h\u0259rind\u0259 Birinci Qaraba\u011f m\u00fcharib\u0259sinin II d\u0259r\u0259c\u0259 \u0259lili \u0130smay\u0131lov \u0130smay\u0131l \u018fmirxan o\u011flunun yas m\u0259rasimind\u0259 i\u015ftirak edib, m\u0259rhumun ail\u0259 \u00fczvl\u0259rin\u0259 v\u0259 yax\u0131nlar\u0131na d\u0259rin h\u00fcznl\u0259 ba\u015fsa\u011fl\u0131\u011f\u0131 verib.<\/p>\n<p>M\u0259lumat \u00fc\u00e7\u00fcn bildiririk ki, Birinci Qaraba\u011f m\u00fcharib\u0259sinin II d\u0259r\u0259c\u0259 \u0259lili \u0130smay\u0131lov \u0130smay\u0131l \u018fmirxan o\u011flu 1971-ci ild\u0259 T\u0259rt\u0259r \u015f\u0259h\u0259rind\u0259 anadan olub. O, Erm\u0259nistan\u0131n \u00f6lk\u0259miz\u0259 qar\u015f\u0131 h\u0259rbi t\u0259cav\u00fcz\u00fcn\u00fcn qar\u015f\u0131s\u0131n\u0131n al\u0131nmas\u0131nda f\u0259al i\u015ftirak edib, polis \u0259m\u0259kda\u015f\u0131 kimi A\u011fd\u0259r\u0259 istiqam\u0259tind\u0259 ged\u0259n a\u011f\u0131r d\u00f6y\u00fc\u015fl\u0259rd\u0259 \u015f\u00fcca\u0259t g\u00f6st\u0259rib. D\u00f6y\u00fc\u015fl\u0259r zaman\u0131 ald\u0131\u011f\u0131 x\u0259sar\u0259tl\u0259r\u0259 g\u00f6r\u0259 ona II d\u0259r\u0259c\u0259 \u0259lillik t\u0259yin olunub v\u0259 d\u00f6vl\u0259t t\u0259r\u0259find\u0259n m\u0259nzill\u0259 t\u0259min edilib.<\/p>\n<p>M\u0259rhumun yax\u0131nlar\u0131 \u015f\u0259hid ail\u0259l\u0259rin\u0259, m\u00fcharib\u0259 \u0259lill\u0259rin\u0259 v\u0259 veteranlara g\u00f6st\u0259ril\u0259n diqq\u0259t v\u0259 qay\u011f\u0131ya g\u00f6r\u0259 Az\u0259rbaycan Respublikas\u0131n\u0131n Prezidenti c\u0259nab \u0130lham \u018fliyev\u0259 v\u0259 Birinci vitse-prezident Mehriban xan\u0131m \u018fliyevaya minn\u0259tdarl\u0131qlar\u0131n\u0131 bildiribl\u0259r.<\/p>\n<p>&nbsp;<\/p>\n","protected":false},"excerpt":{"rendered":"<p>T\u0259rt\u0259r Rayon \u0130cra Hakimiyy\u0259tinin ba\u015f\u00e7\u0131s\u0131 M\u00fcst\u0259qim M\u0259mm\u0259dov T\u0259rt\u0259r \u015f\u0259h\u0259rind\u0259 Birinci Qaraba\u011f m\u00fcharib\u0259sinin II d\u0259r\u0259c\u0259 \u0259lili \u0130smay\u0131lov \u0130smay\u0131l \u018fmirxan o\u011flunun yas m\u0259rasimind\u0259 i\u015ftirak edib, m\u0259rhumun ail\u0259 \u00fczvl\u0259rin\u0259 v\u0259 yax\u0131nlar\u0131na d\u0259rin h\u00fcznl\u0259 ba\u015fsa\u011fl\u0131\u011f\u0131 verib. M\u0259lumat \u00fc\u00e7\u00fcn bildiririk ki, Birinci Qaraba\u011f m\u00fcharib\u0259sinin II d\u0259r\u0259c\u0259 \u0259lili \u0130smay\u0131lov \u0130smay\u0131l \u018fmirxan o\u011flu 1971-ci ild\u0259 T\u0259rt\u0259r \u015f\u0259h\u0259rind\u0259 anadan olub. O, Erm\u0259nistan\u0131n \u00f6lk\u0259miz\u0259 [&hellip;]<\/p>\n","protected":false},"author":2,"featured_media":0,"comment_status":"closed","ping_status":"closed","sticky":false,"template":"","format":"standard","meta":[],"categories":[10],"tags":[],"_links":{"self":[{"href":"https:\/\/yeniterter.az\/index.php?rest_route=\/wp\/v2\/posts\/31643"}],"collection":[{"href":"https:\/\/yeniterter.az\/index.php?rest_route=\/wp\/v2\/posts"}],"about":[{"href":"https:\/\/yeniterter.az\/index.php?rest_route=\/wp\/v2\/types\/post"}],"author":[{"embeddable":true,"href":"https:\/\/yeniterter.az\/index.php?rest_route=\/wp\/v2\/users\/2"}],"replies":[{"embeddable":true,"href":"https:\/\/yeniterter.az\/index.php?rest_route=%2Fwp%2Fv2%2Fcomments&post=31643"}],"version-history":[{"count":1,"href":"https:\/\/yeniterter.az\/index.php?rest_route=\/wp\/v2\/posts\/31643\/revisions"}],"predecessor-version":[{"id":31645,"href":"https:\/\/yeniterter.az\/index.php?rest_route=\/wp\/v2\/posts\/31643\/revisions\/31645"}],"wp:attachment":[{"href":"https:\/\/yeniterter.az\/index.php?rest_route=%2Fwp%2Fv2%2Fmedia&parent=31643"}],"wp:term":[{"taxonomy":"category","embeddable":true,"href":"https:\/\/yeniterter.az\/index.php?rest_route=%2Fwp%2Fv2%2Fcategories&post=31643"},{"taxonomy":"post_tag","embeddable":true,"href":"https:\/\/yeniterter.az\/index.php?rest_route=%2Fwp%2Fv2%2Ftags&post=31643"}],"curies":[{"name":"wp","href":"https:\/\/api.w.org\/{rel}","templated":true}]}}