{"id":31113,"date":"2026-05-01T10:57:05","date_gmt":"2026-05-01T07:57:05","guid":{"rendered":"https:\/\/yeniterter.az\/?p=31113"},"modified":"2026-05-01T10:57:05","modified_gmt":"2026-05-01T07:57:05","slug":"az%c9%99rbaycanin-idman-qudr%c9%99tinin-t%c9%99nt%c9%99n%c9%99si","status":"publish","type":"post","link":"https:\/\/yeniterter.az\/?p=31113","title":{"rendered":"Az\u0259rbaycan\u0131n idman q\u00fcdr\u0259tinin t\u0259nt\u0259n\u0259si"},"content":{"rendered":"<p>2026-c\u0131 il aprelin 30-da Az\u0259rbaycan Respublikas\u0131n\u0131n Prezidenti c\u0259nab \u0130lham \u018fliyev Albaniyan\u0131n paytaxt\u0131 Tiranada ke\u00e7irilmi\u015f g\u00fcl\u0259\u015f \u00fczr\u0259 Avropa \u00e7empionat\u0131nda h\u0259m f\u0259rdi, h\u0259m d\u0259 komanda hesab\u0131nda parlaq z\u0259f\u0259r qazanm\u0131\u015f milli komandam\u0131z\u0131n \u00fczvl\u0259rini, m\u0259\u015fq\u00e7il\u0259r korpusunu v\u0259 Az\u0259rbaycan G\u00fcl\u0259\u015f Federasiyas\u0131n\u0131n r\u0259hb\u0259rliyini q\u0259bul etmi\u015fdir. Bu g\u00f6r\u00fc\u015f sad\u0259c\u0259 bir idman u\u011furunun qeyd edilm\u0259si deyil, h\u0259m d\u0259 Az\u0259rbaycan\u0131n d\u00fcnya idman arenas\u0131nda artan n\u00fcfuzunun, d\u00f6vl\u0259tin g\u0259nc n\u0259sl\u0259 v\u0259 milli d\u0259y\u0259rl\u0259r\u0259 verdiyi y\u00fcks\u0259k qiym\u0259tin n\u00f6vb\u0259ti t\u0259zah\u00fcr\u00fc olmu\u015fdur.<\/p>\n<p>Tiranada ke\u00e7iril\u0259n qit\u0259 birinciliyi Az\u0259rbaycan g\u00fcl\u0259\u015f m\u0259kt\u0259binin n\u0259 q\u0259d\u0259r d\u0259rin k\u00f6kl\u0259r\u0259 v\u0259 sars\u0131lmaz sistem\u0259 malik oldu\u011funu bir daha b\u00fct\u00fcn d\u00fcnyaya n\u00fcmayi\u015f etdirdi. X\u00fcsusil\u0259 yunan-Roma g\u00fcl\u0259\u015fi \u00fczr\u0259 y\u0131\u011fma komandam\u0131z\u0131n 133 xal toplayaraq komanda hesab\u0131nda Avropa \u00e7empionu olmas\u0131, \u0259n yax\u0131n izl\u0259yicil\u0259ri olan T\u00fcrkiy\u0259 v\u0259 G\u00fcrc\u00fcstan kimi g\u00fccl\u00fc g\u00fcl\u0259\u015f \u00f6lk\u0259l\u0259rini b\u00f6y\u00fck f\u0259rql\u0259 gerid\u0259 qoymas\u0131 tarixi nailiyy\u0259tdir.<\/p>\n<p>D\u00f6vl\u0259t ba\u015f\u00e7\u0131s\u0131 q\u0259bul zaman\u0131 bu u\u011furu x\u00fcsusi vurgulayaraq qeyd etmi\u015fdir ki, komanda hesab\u0131nda birinci olmaq h\u0259r bir \u00e7\u0259ki d\u0259r\u0259c\u0259sind\u0259 g\u00fccl\u00fc idman\u00e7\u0131ya malik olmaq dem\u0259kdir. Bu, bir t\u0259sad\u00fcf deyil, ill\u0259rl\u0259 apar\u0131lan m\u0259qs\u0259dy\u00f6nl\u00fc haz\u0131rl\u0131\u011f\u0131n, idman\u00e7\u0131lar\u0131n \u0259zmkarl\u0131\u011f\u0131n\u0131n v\u0259 federasiyan\u0131n d\u00fczg\u00fcn strategiyas\u0131n\u0131n b\u0259hr\u0259sidir.<\/p>\n<p>G\u00f6r\u00fc\u015fd\u0259 67 kq \u00e7\u0259ki d\u0259r\u0259c\u0259sind\u0259 m\u00fcbariz\u0259 aparan v\u0259 finalda r\u0259qibini m\u0259\u011flub ed\u0259r\u0259k d\u00f6rdqat Avropa \u00e7empionu ad\u0131n\u0131 qazanaraq yeni rekorda imza atan H\u0259sr\u0259t C\u0259f\u0259rovun u\u011furu x\u00fcsusi r\u0259\u011fb\u0259tl\u0259 qar\u015f\u0131lanm\u0131\u015fd\u0131r. Prezident \u0130lham \u018fliyev H\u0259sr\u0259tin g\u0259nc ya\u015f\u0131na r\u0259\u011fm\u0259n bu c\u00fcr sabit v\u0259 y\u00fcks\u0259k n\u0259tic\u0259l\u0259r g\u00f6st\u0259rm\u0259sini dig\u0259r g\u0259nc idman\u00e7\u0131lar \u00fc\u00e7\u00fcn n\u00fcmun\u0259 adland\u0131rm\u0131\u015fd\u0131r.<\/p>\n<p>M\u00f6ht\u0259r\u0259m Prezidentimiz q\u0259buldak\u0131 d\u0259rin m\u0259zmunlu \u00e7\u0131x\u0131\u015f\u0131nda bir ne\u00e7\u0259 m\u00fch\u00fcm strateji m\u0259qama toxunaraq qeyd etdi ki,birinci idmanda \u0259dal\u0259tsizlikl\u0259 m\u00fcbariz\u0259 m\u0259s\u0259l\u0259sidir. Prezident qeyd etdi ki, b\u0259z\u0259n beyn\u0259lxalq yar\u0131\u015flarda Az\u0259rbaycan idman\u00e7\u0131lar\u0131na qar\u015f\u0131 q\u0259r\u0259zli v\u0259 subyektiv yana\u015fmalar m\u00fc\u015fahid\u0259 olunur. Lakin bizim g\u00fcl\u0259\u015f\u00e7il\u0259rimiz xal\u00e7a \u00fcz\u0259rind\u0259 el\u0259 bir \u00fcst\u00fcnl\u00fck n\u00fcmayi\u015f etdirirl\u0259r ki, he\u00e7 bir k\u0259nar m\u00fcdaxil\u0259 onlar\u0131n q\u0259l\u0259b\u0259sin\u0259 mane ola bilmir. &#8220;Sizin q\u0259l\u0259b\u0259niz h\u0259m d\u0259 \u0259dal\u0259tin z\u0259f\u0259ridir&#8221; \u2013 dey\u0259 d\u00f6vl\u0259t ba\u015f\u00e7\u0131m\u0131z bildirmi\u015fdir. \u0130kincisi, g\u00fcl\u0259\u015fin milli s\u0259rv\u0259timiz olmas\u0131d\u0131r. G\u00fcl\u0259\u015fin Az\u0259rbaycan xalq\u0131n\u0131n genetik yadda\u015f\u0131nda x\u00fcsusi yer tutdu\u011funu dey\u0259n \u0130lham \u018fliyev, bu idman n\u00f6v\u00fcn\u00fcn k\u00fctl\u0259vil\u0259\u015fm\u0259sinin g\u0259ncl\u0259rin sa\u011flam v\u0259 v\u0259t\u0259np\u0259rv\u0259r ruhda b\u00f6y\u00fcm\u0259sind\u0259ki rolunu \u00f6n\u0259 \u00e7\u0259kmi\u015fdir. \u00dc\u00e7\u00fcnc\u00fcs\u00fc is\u0259 d\u00f6vl\u0259t d\u0259st\u0259yinin davaml\u0131l\u0131\u011f\u0131d\u0131r. Prezident \u0259min etdi ki, Az\u0259rbaycan d\u00f6vl\u0259ti idman\u00e7\u0131lar\u0131n sosial m\u0259i\u015f\u0259t \u015f\u0259raitinin yax\u015f\u0131la\u015fd\u0131r\u0131lmas\u0131, m\u00fcasir m\u0259\u015fq bazalar\u0131n\u0131n yarad\u0131lmas\u0131 v\u0259 onlar\u0131n beyn\u0259lxalq s\u0259viyy\u0259d\u0259 m\u00fcdafi\u0259si \u00fc\u00e7\u00fcn bundan sonra da b\u00fct\u00fcn imkanlar\u0131n\u0131 s\u0259f\u0259rb\u0259r ed\u0259c\u0259kdir.<\/p>\n<p>G\u00f6r\u00fc\u015fd\u0259 \u00e7\u0131x\u0131\u015f ed\u0259n ba\u015f m\u0259\u015fq\u00e7il\u0259r v\u0259 idman\u00e7\u0131lar d\u00f6vl\u0259t ba\u015f\u00e7\u0131s\u0131na onlara g\u00f6st\u0259ril\u0259n ali diqq\u0259t v\u0259 qay\u011f\u0131ya g\u00f6r\u0259 d\u0259rin minn\u0259tdarl\u0131qlar\u0131n\u0131 ifad\u0259 etmi\u015fl\u0259r. Qeyd olunmu\u015fdur ki, Prezidentin h\u0259r bir yar\u0131\u015fdan sonra idman\u00e7\u0131lar\u0131 q\u0259bul etm\u0259si, onlar\u0131n qay\u011f\u0131lar\u0131 il\u0259 \u015f\u0259xs\u0259n maraqlanmas\u0131 onlar \u00fc\u00e7\u00fcn \u0259n b\u00f6y\u00fck motivasiya m\u0259nb\u0259yidir. \u0130dman\u00e7\u0131lar bu diqq\u0259tin qar\u015f\u0131l\u0131\u011f\u0131nda qar\u015f\u0131dan g\u0259l\u0259n D\u00fcnya \u00e7empionat\u0131nda v\u0259 n\u00f6vb\u0259ti beyn\u0259lxalq turnirl\u0259rd\u0259 Az\u0259rbaycan bayra\u011f\u0131n\u0131 daha uca zirv\u0259l\u0259r\u0259 qald\u0131racaqlar\u0131na s\u00f6z vermi\u015fl\u0259r.<\/p>\n<p>30 aprel 2026-c\u0131 il tarixind\u0259 ke\u00e7iril\u0259n bu q\u0259bul bir daha s\u00fcbut etdi ki, Az\u0259rbaycan idman\u0131 \u00f6z\u00fcn\u00fcn intibah d\u00f6vr\u00fcn\u00fc ya\u015fay\u0131r. Prezident \u0130lham \u018fliyevin r\u0259hb\u0259rliyi il\u0259 h\u0259yata ke\u00e7iril\u0259n idman siyas\u0259ti Az\u0259rbaycan\u0131 d\u00fcnyada h\u0259m g\u00fccl\u00fc r\u0259qib, h\u0259m d\u0259 m\u00f6ht\u0259\u015f\u0259m ev sahibi kimi tan\u0131d\u0131r. G\u00fcl\u0259\u015f\u00e7il\u0259rimizin Tiranadak\u0131 z\u0259f\u0259ri v\u0259 Bak\u0131dak\u0131 ali s\u0259viyy\u0259li q\u0259bul, xalq\u0131m\u0131z\u0131n birliyinin v\u0259 d\u00f6vl\u0259timizin q\u00fcdr\u0259tinin n\u00f6vb\u0259ti n\u00fcmayi\u015fi kimi tarixin q\u0131z\u0131l s\u0259hif\u0259l\u0259rin\u0259 yaz\u0131ld\u0131.<\/p>\n<p>&nbsp;<\/p>\n<p>Eldar \u018fs\u0259dov<\/p>\n<p>YAP T\u0259rt\u0259r rayon t\u0259\u015fkilat\u0131n\u0131n s\u0259dri<\/p>\n","protected":false},"excerpt":{"rendered":"<p>2026-c\u0131 il aprelin 30-da Az\u0259rbaycan Respublikas\u0131n\u0131n Prezidenti c\u0259nab \u0130lham \u018fliyev Albaniyan\u0131n paytaxt\u0131 Tiranada ke\u00e7irilmi\u015f g\u00fcl\u0259\u015f \u00fczr\u0259 Avropa \u00e7empionat\u0131nda h\u0259m f\u0259rdi, h\u0259m d\u0259 komanda hesab\u0131nda parlaq z\u0259f\u0259r qazanm\u0131\u015f milli komandam\u0131z\u0131n \u00fczvl\u0259rini, m\u0259\u015fq\u00e7il\u0259r korpusunu v\u0259 Az\u0259rbaycan G\u00fcl\u0259\u015f Federasiyas\u0131n\u0131n r\u0259hb\u0259rliyini q\u0259bul etmi\u015fdir. Bu g\u00f6r\u00fc\u015f sad\u0259c\u0259 bir idman u\u011furunun qeyd edilm\u0259si deyil, h\u0259m d\u0259 Az\u0259rbaycan\u0131n d\u00fcnya idman arenas\u0131nda artan [&hellip;]<\/p>\n","protected":false},"author":2,"featured_media":0,"comment_status":"closed","ping_status":"closed","sticky":false,"template":"","format":"standard","meta":[],"categories":[10],"tags":[],"_links":{"self":[{"href":"https:\/\/yeniterter.az\/index.php?rest_route=\/wp\/v2\/posts\/31113"}],"collection":[{"href":"https:\/\/yeniterter.az\/index.php?rest_route=\/wp\/v2\/posts"}],"about":[{"href":"https:\/\/yeniterter.az\/index.php?rest_route=\/wp\/v2\/types\/post"}],"author":[{"embeddable":true,"href":"https:\/\/yeniterter.az\/index.php?rest_route=\/wp\/v2\/users\/2"}],"replies":[{"embeddable":true,"href":"https:\/\/yeniterter.az\/index.php?rest_route=%2Fwp%2Fv2%2Fcomments&post=31113"}],"version-history":[{"count":1,"href":"https:\/\/yeniterter.az\/index.php?rest_route=\/wp\/v2\/posts\/31113\/revisions"}],"predecessor-version":[{"id":31115,"href":"https:\/\/yeniterter.az\/index.php?rest_route=\/wp\/v2\/posts\/31113\/revisions\/31115"}],"wp:attachment":[{"href":"https:\/\/yeniterter.az\/index.php?rest_route=%2Fwp%2Fv2%2Fmedia&parent=31113"}],"wp:term":[{"taxonomy":"category","embeddable":true,"href":"https:\/\/yeniterter.az\/index.php?rest_route=%2Fwp%2Fv2%2Fcategories&post=31113"},{"taxonomy":"post_tag","embeddable":true,"href":"https:\/\/yeniterter.az\/index.php?rest_route=%2Fwp%2Fv2%2Ftags&post=31113"}],"curies":[{"name":"wp","href":"https:\/\/api.w.org\/{rel}","templated":true}]}}