{"id":31110,"date":"2026-05-01T08:47:22","date_gmt":"2026-05-01T05:47:22","guid":{"rendered":"https:\/\/yeniterter.az\/?p=31110"},"modified":"2026-05-01T08:47:22","modified_gmt":"2026-05-01T05:47:22","slug":"prezident-ilham-%c9%99liyev-n%c9%99sill%c9%99r-d%c9%99yisir-az%c9%99rbaycan-idmaninin-ugurlari-is%c9%99-d%c9%99yism%c9%99z-qalir","status":"publish","type":"post","link":"https:\/\/yeniterter.az\/?p=31110","title":{"rendered":"Prezident \u0130lham \u018fliyev: &#8220;N\u0259sill\u0259r d\u0259yi\u015fir, Az\u0259rbaycan idman\u0131n\u0131n u\u011furlar\u0131 is\u0259 d\u0259yi\u015fm\u0259z qal\u0131r&#8221;"},"content":{"rendered":"<p><img decoding=\"async\" loading=\"lazy\" class=\"size-medium wp-image-31111 alignleft\" src=\"https:\/\/yeniterter.az\/wp-content\/uploads\/686195328_122127712983144567_4630304080945732302_n-300x198.jpg\" alt=\"\" width=\"300\" height=\"198\" srcset=\"https:\/\/yeniterter.az\/wp-content\/uploads\/686195328_122127712983144567_4630304080945732302_n-300x198.jpg 300w, https:\/\/yeniterter.az\/wp-content\/uploads\/686195328_122127712983144567_4630304080945732302_n.jpg 590w\" sizes=\"(max-width: 300px) 100vw, 300px\" \/>Az\u0259rbaycan d\u00f6vl\u0259tinin idmana v\u0259 idman\u00e7\u0131lara g\u00f6st\u0259rdiyi y\u00fcks\u0259k diqq\u0259t v\u0259 qay\u011f\u0131 n\u00f6vb\u0259ti tarixi u\u011furla taclan\u0131b. Tiranada ke\u00e7irilmi\u015f Avropa \u00e7empionat\u0131nda h\u0259m s\u0259rb\u0259st, h\u0259m d\u0259 yunan-Roma g\u00fcl\u0259\u015fi \u00fczr\u0259 milli komandam\u0131z\u0131n komanda hesab\u0131nda birinci yeri tutmas\u0131 \u00f6lk\u0259mizin idman q\u00fcdr\u0259tinin n\u00f6vb\u0259ti n\u00fcmayi\u015fi oldu. Bu m\u00f6ht\u0259\u015f\u0259m q\u0259l\u0259b\u0259 m\u00fcnasib\u0259til\u0259 idman\u00e7\u0131lar\u0131 q\u0259bul ed\u0259n Prezident \u0130lham \u018fliyev qazan\u0131lan u\u011furu y\u00fcks\u0259k qiym\u0259tl\u0259ndir\u0259r\u0259k, bu z\u0259f\u0259rin b\u00fct\u00fcn xalq\u0131m\u0131za b\u00f6y\u00fck q\u00fcrur hissi b\u0259x\u015f etdiyini vur\u011fulad\u0131.<\/p>\n<p>D\u00f6vl\u0259t ba\u015f\u00e7\u0131s\u0131 qeyd etdi ki, m\u00fcasir d\u00f6vrd\u0259 d\u00fcnyada v\u0259 Avropada g\u00fcl\u0259\u015f \u00fczr\u0259 r\u0259qab\u0259tin k\u0259skin artd\u0131\u011f\u0131 bir \u015f\u0259raitd\u0259 komanda hesab\u0131nda birinciliyi \u0259ld\u0259 etm\u0259k b\u00f6y\u00fck nailiyy\u0259tdir. X\u00fcsusil\u0259 g\u0259nc g\u00fcl\u0259\u015f\u00e7il\u0259rin tan\u0131nm\u0131\u015f idman\u00e7\u0131larla \u00e7iyin-\u00e7iyin\u0259 y\u00fcks\u0259k n\u0259tic\u0259l\u0259r g\u00f6st\u0259rm\u0259si Az\u0259rbaycanda m\u0259\u015fq v\u0259 seleksiya prosesinin d\u00fczg\u00fcn quruldu\u011funun, g\u00fcl\u0259\u015f \u0259n\u0259n\u0259l\u0259rinin u\u011furla ya\u015fad\u0131ld\u0131\u011f\u0131n\u0131n bariz g\u00f6st\u0259ricisidir. Bu inki\u015faf z\u0259nciri \u2014 veteran \u00e7empionlar\u0131n bu g\u00fcn federasiya r\u0259hb\u0259rliyind\u0259 v\u0259 m\u0259\u015fq\u00e7i korpusunda t\u0259msil olunmas\u0131, onlar\u0131n yetirm\u0259l\u0259rinin is\u0259 yeni zirv\u0259l\u0259r f\u0259th etm\u0259si Az\u0259rbaycan idman\u0131nda varislik prinsipinin qorundu\u011funu s\u00fcbut edir.<\/p>\n<p>\u00d6lk\u0259mizd\u0259 idman sad\u0259c\u0259 fiziki haz\u0131rl\u0131q deyil, h\u0259m d\u0259 c\u0259miyy\u0259tin ayr\u0131lmaz hiss\u0259si v\u0259 g\u0259nc n\u0259slin v\u0259t\u0259np\u0259rv\u0259rlik ruhunda t\u0259rbiy\u0259 olunmas\u0131 \u00fc\u00e7\u00fcn m\u00fch\u00fcm amildir. Prezident \u0130lham \u018fliyevin 30 il\u0259 yax\u0131n m\u00fcdd\u0259td\u0259 Milli Olimpiya Komit\u0259sin\u0259 r\u0259hb\u0259rlik etm\u0259si bu sah\u0259d\u0259 dayan\u0131ql\u0131 inki\u015faf\u0131n t\u0259minat\u00e7\u0131s\u0131na \u00e7evrilib. Bu g\u00fcn h\u0259r bir b\u00f6lg\u0259d\u0259, o c\u00fcml\u0259d\u0259n T\u0259rt\u0259r rayonunda v\u0259 dig\u0259r rayonlar\u0131m\u0131zda f\u0259aliyy\u0259t g\u00f6st\u0259r\u0259n Olimpiya \u0130dman kompleksl\u0259ri v\u0259 g\u00fcl\u0259\u015f zallar\u0131 g\u0259l\u0259c\u0259k u\u011furlar\u0131m\u0131z\u0131n \u0259sas bazas\u0131n\u0131 t\u0259\u015fkil edir. \u0130dmana qay\u011f\u0131 art\u0131q d\u00f6vl\u0259t siyas\u0259tinin prioritet istiqam\u0259tl\u0259rind\u0259n biridir.<!--more--><\/p>\n<p>Milli komandam\u0131z\u0131n q\u0259l\u0259b\u0259si h\u0259m d\u0259 m\u0259n\u0259vi ucal\u0131\u011f\u0131n t\u0259nt\u0259n\u0259sidir. G\u00f6r\u00fc\u015f zaman\u0131 x\u00fcsusi vur\u011fuland\u0131 ki, idman\u00e7\u0131lar\u0131m\u0131z t\u0259kc\u0259 xal\u00e7a \u00fcz\u0259rind\u0259 deyil, h\u0259m d\u0259 g\u00fcnd\u0259lik h\u0259yatda \u00f6z l\u0259yaq\u0259tli davran\u0131\u015flar\u0131 il\u0259 n\u00fcmun\u0259 olmal\u0131d\u0131rlar. B\u0259z\u0259n beyn\u0259lxalq yar\u0131\u015flarda, x\u00fcsus\u0259n d\u0259 Avropa miqyasl\u0131 turnirl\u0259rd\u0259 Az\u0259rbaycan idman\u00e7\u0131lar\u0131na qar\u015f\u0131 q\u0259r\u0259zli yana\u015fmalar v\u0259 hakim \u0259dal\u0259tsizlikl\u0259ri olsa da, p\u0259hl\u0259vanlar\u0131m\u0131z\u0131n t\u0259mkin n\u00fcmayi\u015f etdir\u0259r\u0259k \u0259dal\u0259tli m\u00fcbariz\u0259d\u0259 qalib g\u0259lm\u0259l\u0259ri onlar\u0131n h\u0259m pe\u015f\u0259karl\u0131\u011f\u0131n\u0131, h\u0259m d\u0259 y\u00fcks\u0259k m\u0259n\u0259vi keyfiyy\u0259tl\u0259rini g\u00f6st\u0259rir.<\/p>\n<p>Qad\u0131n g\u00fcl\u0259\u015f\u00e7il\u0259rimizin d\u0259 medal\u00e7\u0131lar s\u0131ras\u0131nda yer almas\u0131 bu n\u00f6v\u0259 olan mara\u011f\u0131n artmas\u0131ndan x\u0259b\u0259r verir v\u0259 g\u0259l\u0259c\u0259kd\u0259 q\u0131zlar\u0131m\u0131z\u0131n da q\u0131z\u0131l medallar qazanaca\u011f\u0131na b\u00f6y\u00fck inam yarad\u0131r. Az\u0259rbaycan bu g\u00fcn qalib d\u00f6vl\u0259t v\u0259 qalib xalq kimi b\u00fct\u00fcn sah\u0259l\u0259rd\u0259, o c\u00fcml\u0259d\u0259n idmanda \u00f6z s\u00f6z\u00fcn\u00fc deyir. N\u0259sill\u0259r d\u0259yi\u015fs\u0259 d\u0259, Az\u0259rbaycan idman\u0131n\u0131n u\u011furlar\u0131 d\u0259yi\u015fm\u0259z qal\u0131r v\u0259 bayra\u011f\u0131m\u0131z\u0131n zirv\u0259l\u0259rd\u0259 dal\u011falanmas\u0131 h\u0259r bir v\u0259t\u0259nda\u015f\u0131m\u0131zda sonsuz iftixar hissi oyad\u0131r.<\/p>\n<p>&nbsp;<\/p>\n","protected":false},"excerpt":{"rendered":"<p>Az\u0259rbaycan d\u00f6vl\u0259tinin idmana v\u0259 idman\u00e7\u0131lara g\u00f6st\u0259rdiyi y\u00fcks\u0259k diqq\u0259t v\u0259 qay\u011f\u0131 n\u00f6vb\u0259ti tarixi u\u011furla taclan\u0131b. Tiranada ke\u00e7irilmi\u015f Avropa \u00e7empionat\u0131nda h\u0259m s\u0259rb\u0259st, h\u0259m d\u0259 yunan-Roma g\u00fcl\u0259\u015fi \u00fczr\u0259 milli komandam\u0131z\u0131n komanda hesab\u0131nda birinci yeri tutmas\u0131 \u00f6lk\u0259mizin idman q\u00fcdr\u0259tinin n\u00f6vb\u0259ti n\u00fcmayi\u015fi oldu. Bu m\u00f6ht\u0259\u015f\u0259m q\u0259l\u0259b\u0259 m\u00fcnasib\u0259til\u0259 idman\u00e7\u0131lar\u0131 q\u0259bul ed\u0259n Prezident \u0130lham \u018fliyev qazan\u0131lan u\u011furu y\u00fcks\u0259k qiym\u0259tl\u0259ndir\u0259r\u0259k, bu z\u0259f\u0259rin b\u00fct\u00fcn [&hellip;]<\/p>\n","protected":false},"author":2,"featured_media":0,"comment_status":"closed","ping_status":"closed","sticky":false,"template":"","format":"standard","meta":[],"categories":[10],"tags":[],"_links":{"self":[{"href":"https:\/\/yeniterter.az\/index.php?rest_route=\/wp\/v2\/posts\/31110"}],"collection":[{"href":"https:\/\/yeniterter.az\/index.php?rest_route=\/wp\/v2\/posts"}],"about":[{"href":"https:\/\/yeniterter.az\/index.php?rest_route=\/wp\/v2\/types\/post"}],"author":[{"embeddable":true,"href":"https:\/\/yeniterter.az\/index.php?rest_route=\/wp\/v2\/users\/2"}],"replies":[{"embeddable":true,"href":"https:\/\/yeniterter.az\/index.php?rest_route=%2Fwp%2Fv2%2Fcomments&post=31110"}],"version-history":[{"count":1,"href":"https:\/\/yeniterter.az\/index.php?rest_route=\/wp\/v2\/posts\/31110\/revisions"}],"predecessor-version":[{"id":31112,"href":"https:\/\/yeniterter.az\/index.php?rest_route=\/wp\/v2\/posts\/31110\/revisions\/31112"}],"wp:attachment":[{"href":"https:\/\/yeniterter.az\/index.php?rest_route=%2Fwp%2Fv2%2Fmedia&parent=31110"}],"wp:term":[{"taxonomy":"category","embeddable":true,"href":"https:\/\/yeniterter.az\/index.php?rest_route=%2Fwp%2Fv2%2Fcategories&post=31110"},{"taxonomy":"post_tag","embeddable":true,"href":"https:\/\/yeniterter.az\/index.php?rest_route=%2Fwp%2Fv2%2Ftags&post=31110"}],"curies":[{"name":"wp","href":"https:\/\/api.w.org\/{rel}","templated":true}]}}