{"id":31104,"date":"2026-04-28T13:37:00","date_gmt":"2026-04-28T10:37:00","guid":{"rendered":"https:\/\/yeniterter.az\/?p=31104"},"modified":"2026-04-28T13:37:00","modified_gmt":"2026-04-28T10:37:00","slug":"t%c9%99rt%c9%99rd%c9%99-akademik-z%c9%99rif%c9%99-%c9%99liyevanin-103-cu-ildonumu-boyuk-t%c9%99n-t%c9%99n%c9%99-il%c9%99-qeyd-olunub","status":"publish","type":"post","link":"https:\/\/yeniterter.az\/?p=31104","title":{"rendered":"T\u0259rt\u0259rd\u0259 Akademik Z\u0259rif\u0259 \u018fliyevan\u0131n 103-c\u00fc ild\u00f6n\u00fcm\u00fc b\u00f6y\u00fck t\u0259n-t\u0259n\u0259 il\u0259 qeyd olunub"},"content":{"rendered":"<p><img decoding=\"async\" loading=\"lazy\" class=\" wp-image-31105 alignright\" src=\"https:\/\/yeniterter.az\/wp-content\/uploads\/8b15cc21b7ac20ecb490b3f9226d52a4-300x200.jpg\" alt=\"\" width=\"258\" height=\"172\" srcset=\"https:\/\/yeniterter.az\/wp-content\/uploads\/8b15cc21b7ac20ecb490b3f9226d52a4-300x200.jpg 300w, https:\/\/yeniterter.az\/wp-content\/uploads\/8b15cc21b7ac20ecb490b3f9226d52a4-1024x683.jpg 1024w, https:\/\/yeniterter.az\/wp-content\/uploads\/8b15cc21b7ac20ecb490b3f9226d52a4-768x512.jpg 768w, https:\/\/yeniterter.az\/wp-content\/uploads\/8b15cc21b7ac20ecb490b3f9226d52a4.jpg 1152w\" sizes=\"(max-width: 258px) 100vw, 258px\" \/>T\u0259rt\u0259r Rayon \u0130cra Hakimiyy\u0259tinin, YAP rayon t\u0259\u015fkilat\u0131n\u0131n, rayon M\u0259rk\u0259zi X\u0259st\u0259xanas\u0131 Publik H\u00fcquqi \u015e\u0259xsin v\u0259 Qaraba\u011f Regional M\u0259d\u0259niyy\u0259t \u0130dar\u0259sinin T\u0259rt\u0259r rayonu \u00fczr\u0259 n\u00fcmay\u0259nd\u0259liyinin birg\u0259 t\u0259\u015fkilat\u00e7\u0131l\u0131\u011f\u0131 il\u0259 rayon M\u0259d\u0259niyy\u0259t M\u0259rk\u0259zind\u0259 Akademik Z\u0259rif\u0259 xan\u0131m \u018fliyevan\u0131n anadan olmas\u0131n\u0131n 103-c\u00fc ild\u00f6n\u00fcm\u00fc m\u00fcnasib\u0259til\u0259 t\u0259dbir ke\u00e7irilib.<\/p>\n<p>\u018fvv\u0259lc\u0259 t\u0259dbir i\u015ftirak\u00e7\u0131lar\u0131 m\u0259rk\u0259zi meydanda Ulu \u00d6nd\u0259r Heyd\u0259r \u018fliyevin abid\u0259sini ziyar\u0259t edib \u00f6n\u00fcn\u0259 g\u00fcl-\u00e7i\u00e7\u0259k d\u0259st\u0259l\u0259ri d\u00fcz\u00fcb, xatir\u0259sini ehtiramla yad edibl\u0259r.<\/p>\n<p>T\u0259dbird\u0259 rayon icra hakimiyy\u0259tinin ba\u015f\u00e7\u0131s\u0131 M\u00fcst\u0259qim M\u0259mm\u0259dov, YAP rayon t\u0259\u015fkilat\u0131n\u0131n s\u0259dri Eldar \u018fs\u0259dov, m\u0259hk\u0259m\u0259 v\u0259 h\u00fcquq-m\u00fchafiz\u0259 orqanlar\u0131n\u0131n r\u0259hb\u0259rl\u0259ri, rayon icra hakimiyy\u0259ti ba\u015f\u00e7\u0131s\u0131 aparat\u0131n\u0131n m\u0259sul \u0259m\u0259kda\u015flar\u0131, idar\u0259, m\u00fc\u0259ssis\u0259 v\u0259 t\u0259\u015fkilat r\u0259hb\u0259rl\u0259ri, s\u0259hiyy\u0259, t\u0259hsil, m\u0259d\u0259niyy\u0259t i\u015fcil\u0259ri, b\u0259l\u0259diyy\u0259 s\u0259drl\u0259ri v\u0259 rayon i\u00e7timaiyy\u0259tinin n\u00fcmay\u0259nd\u0259l\u0259ri i\u015ftirak edibl\u0259r.<\/p>\n<p>\u018fvv\u0259lc\u0259 t\u0259dbir i\u015ftirak\u00e7\u0131lar\u0131 akademik\u00a0 Z\u0259rif\u0259 xan\u0131m \u018fliyevan\u0131n h\u0259yat v\u0259 f\u0259aliyy\u0259tini \u0259ks etdir\u0259n foto s\u0259rgiy\u0259 bax\u0131blar.<\/p>\n<p>Sonra \u00a0t\u0259dbir rayon M\u0259d\u0259niyy\u0259t M\u0259rk\u0259zinin zal\u0131nda davam etdirilib.<!--more--><\/p>\n<p>Az\u0259rbaycan xalq\u0131n\u0131n \u00dcmummilli Lideri Heyd\u0259r \u018fliyevin, g\u00f6rk\u0259mli oftalmoloq-alim, akademik Z\u0259rif\u0259 xan\u0131m \u018fliyevan\u0131n v\u0259 V\u0259t\u0259n u\u011frunda can\u0131ndan ke\u00e7mi\u015f \u015f\u0259hidl\u0259rin \u0259ziz xatir\u0259si bir d\u0259qiq\u0259lik s\u00fckutla yad olunduqdan sonra Az\u0259rbaycan Respublikas\u0131n\u0131n D\u00f6vl\u0259t Himni s\u0259sl\u0259ndirilib.<\/p>\n<p>T\u0259dbir \u00e7\u0259r\u00e7iv\u0259sind\u0259 akademik Z\u0259rif\u0259 \u018fliyevan\u0131n h\u0259yat v\u0259 f\u0259aliyy\u0259tin\u0259 h\u0259sr olunmu\u015f video\u00e7arx n\u00fcmayi\u015f etdirilib.<\/p>\n<p>Rayon icra hakimiyy\u0259tinin ba\u015f\u00e7\u0131s\u0131 M\u00fcst\u0259qim M\u0259mm\u0259dov \u00e7\u0131x\u0131\u015f ed\u0259r\u0259k, bildirib ki, akademik Z\u0259rif\u0259 xan\u0131m \u018fliyeva Az\u0259rbaycan tibb elminin inki\u015faf\u0131nda m\u00fcst\u0259sna xidm\u0259tl\u0259ri olan g\u00f6rk\u0259mli alim, y\u00fcks\u0259k m\u0259n\u0259viyyat sahibi v\u0259 \u0259sl ziyal\u0131 kimi xalq\u0131m\u0131z\u0131n yadda\u015f\u0131nda \u0259b\u0259di ya\u015fay\u0131r. Qeyd olunub ki, onun oftalmologiya elmin\u0259 g\u0259tirdiyi yenilikl\u0259r, yeti\u015fdirdiyi pe\u015f\u0259kar kadrlar v\u0259 insan sa\u011flaml\u0131\u011f\u0131n\u0131n ke\u015fiyind\u0259 dayanmaq namin\u0259 g\u00f6st\u0259rdiyi f\u0259dakarl\u0131q bu g\u00fcn d\u0259 s\u0259hiyy\u0259 i\u015f\u00e7il\u0259ri \u00fc\u00e7\u00fcn n\u00fcmun\u0259dir.<\/p>\n<p>Rayon r\u0259hb\u0259ri \u00e7\u0131x\u0131\u015f\u0131nda qeyd edib ki, akademik Z\u0259rif\u0259 xan\u0131m \u018fliyeva g\u00f6rm\u0259 orqan\u0131n\u0131n pe\u015f\u0259 patologiyas\u0131 sah\u0259sind\u0259 apard\u0131\u011f\u0131 elmi t\u0259dqiqatlara g\u00f6r\u0259 1981-ci ild\u0259 oftalmologiya al\u0259mind\u0259 \u0259n y\u00fcks\u0259k m\u00fckafata\u2013SSR\u0130 Tibb Elml\u0259ri Akademiyas\u0131n\u0131n akademik M.\u0130.Averbax ad\u0131na m\u00fckafat\u0131na layiq g\u00f6r\u00fcl\u00fcb v\u0259 professor h\u0259min m\u00fckafata layiq g\u00f6r\u00fcl\u0259n ilk qad\u0131n idi.<\/p>\n<p>\u0130cra ba\u015f\u00e7\u0131s\u0131 Z\u0259rif\u0259 \u018fliyevan\u0131n z\u0259ngin elmi irsi v\u0259 humanist f\u0259aliyy\u0259tinin \u00a0Az\u0259rbaycan s\u0259hiyy\u0259sinin inki\u015faf\u0131nda m\u00fch\u00fcm rol oynamaqda davam etdiyini, onun h\u0259yat yolunun g\u0259nc n\u0259slin v\u0259 tibb i\u015f\u00e7il\u0259rinin v\u0259t\u0259n\u0259 v\u0259 pe\u015f\u0259y\u0259 s\u0259daq\u0259t ruhunda formala\u015fmas\u0131na t\u00f6hf\u0259 verdiyini d\u0259 vur\u011fulay\u0131b .<\/p>\n<p>Yeni Az\u0259rbaycan Partiyas\u0131 rayon t\u0259\u015fkilat\u0131n\u0131n s\u0259dri Eldar \u018fs\u0259dov, rayon m\u0259rk\u0259zi x\u0259st\u0259xanas\u0131n\u0131n ba\u015f h\u0259kimi B\u0259kir Na\u011f\u0131yev, Ail\u0259 Sa\u011flaml\u0131q M\u0259rk\u0259zinin \u015f\u00f6b\u0259 m\u00fcdiri \u015e\u0259faq\u0259t \u018fzimova v\u0259 s\u0259hiyy\u0259 i\u015f\u00e7il\u0259ri h\u0259mkarlar ittifaq\u0131n\u0131n rayon komit\u0259sinin s\u0259dri P\u0259rvan\u0259 Xudiyeva \u00e7\u0131x\u0131\u015f ed\u0259r\u0259k akademik Z\u0259rif\u0259 xan\u0131m \u018fliyevan\u0131n Az\u0259rbaycan s\u0259hiyy\u0259sin\u0259 v\u0259 tibb elmin\u0259 verdiyi t\u00f6hf\u0259l\u0259rd\u0259n dan\u0131\u015f\u0131blar.<\/p>\n<p>T\u0259dbir konsert proqram\u0131 il\u0259 ba\u015fa \u00e7at\u0131b.<\/p>\n<p><img decoding=\"async\" loading=\"lazy\" class=\" wp-image-31106 alignleft\" src=\"https:\/\/yeniterter.az\/wp-content\/uploads\/87a2d6a3e4d904df7daad9176557c10e-300x200.jpg\" alt=\"\" width=\"213\" height=\"142\" srcset=\"https:\/\/yeniterter.az\/wp-content\/uploads\/87a2d6a3e4d904df7daad9176557c10e-300x200.jpg 300w, https:\/\/yeniterter.az\/wp-content\/uploads\/87a2d6a3e4d904df7daad9176557c10e.jpg 375w\" sizes=\"(max-width: 213px) 100vw, 213px\" \/><\/p>\n<p><img decoding=\"async\" loading=\"lazy\" class=\"alignnone  wp-image-31107\" src=\"https:\/\/yeniterter.az\/wp-content\/uploads\/7409b438d46a66cb24c17ee9320d90ff-300x200.jpg\" alt=\"\" width=\"227\" height=\"151\" srcset=\"https:\/\/yeniterter.az\/wp-content\/uploads\/7409b438d46a66cb24c17ee9320d90ff-300x200.jpg 300w, https:\/\/yeniterter.az\/wp-content\/uploads\/7409b438d46a66cb24c17ee9320d90ff.jpg 375w\" sizes=\"(max-width: 227px) 100vw, 227px\" \/> <img decoding=\"async\" loading=\"lazy\" class=\"alignnone  wp-image-31108\" src=\"https:\/\/yeniterter.az\/wp-content\/uploads\/9eb0bd15d8f3c6c2b7185a4bd34e0a46-300x200.jpg\" alt=\"\" width=\"248\" height=\"165\" srcset=\"https:\/\/yeniterter.az\/wp-content\/uploads\/9eb0bd15d8f3c6c2b7185a4bd34e0a46-300x200.jpg 300w, https:\/\/yeniterter.az\/wp-content\/uploads\/9eb0bd15d8f3c6c2b7185a4bd34e0a46.jpg 375w\" sizes=\"(max-width: 248px) 100vw, 248px\" \/><\/p>\n","protected":false},"excerpt":{"rendered":"<p>T\u0259rt\u0259r Rayon \u0130cra Hakimiyy\u0259tinin, YAP rayon t\u0259\u015fkilat\u0131n\u0131n, rayon M\u0259rk\u0259zi X\u0259st\u0259xanas\u0131 Publik H\u00fcquqi \u015e\u0259xsin v\u0259 Qaraba\u011f Regional M\u0259d\u0259niyy\u0259t \u0130dar\u0259sinin T\u0259rt\u0259r rayonu \u00fczr\u0259 n\u00fcmay\u0259nd\u0259liyinin birg\u0259 t\u0259\u015fkilat\u00e7\u0131l\u0131\u011f\u0131 il\u0259 rayon M\u0259d\u0259niyy\u0259t M\u0259rk\u0259zind\u0259 Akademik Z\u0259rif\u0259 xan\u0131m \u018fliyevan\u0131n anadan olmas\u0131n\u0131n 103-c\u00fc ild\u00f6n\u00fcm\u00fc m\u00fcnasib\u0259til\u0259 t\u0259dbir ke\u00e7irilib. \u018fvv\u0259lc\u0259 t\u0259dbir i\u015ftirak\u00e7\u0131lar\u0131 m\u0259rk\u0259zi meydanda Ulu \u00d6nd\u0259r Heyd\u0259r \u018fliyevin abid\u0259sini ziyar\u0259t edib \u00f6n\u00fcn\u0259 g\u00fcl-\u00e7i\u00e7\u0259k d\u0259st\u0259l\u0259ri d\u00fcz\u00fcb, [&hellip;]<\/p>\n","protected":false},"author":2,"featured_media":0,"comment_status":"closed","ping_status":"closed","sticky":false,"template":"","format":"standard","meta":[],"categories":[30],"tags":[],"_links":{"self":[{"href":"https:\/\/yeniterter.az\/index.php?rest_route=\/wp\/v2\/posts\/31104"}],"collection":[{"href":"https:\/\/yeniterter.az\/index.php?rest_route=\/wp\/v2\/posts"}],"about":[{"href":"https:\/\/yeniterter.az\/index.php?rest_route=\/wp\/v2\/types\/post"}],"author":[{"embeddable":true,"href":"https:\/\/yeniterter.az\/index.php?rest_route=\/wp\/v2\/users\/2"}],"replies":[{"embeddable":true,"href":"https:\/\/yeniterter.az\/index.php?rest_route=%2Fwp%2Fv2%2Fcomments&post=31104"}],"version-history":[{"count":1,"href":"https:\/\/yeniterter.az\/index.php?rest_route=\/wp\/v2\/posts\/31104\/revisions"}],"predecessor-version":[{"id":31109,"href":"https:\/\/yeniterter.az\/index.php?rest_route=\/wp\/v2\/posts\/31104\/revisions\/31109"}],"wp:attachment":[{"href":"https:\/\/yeniterter.az\/index.php?rest_route=%2Fwp%2Fv2%2Fmedia&parent=31104"}],"wp:term":[{"taxonomy":"category","embeddable":true,"href":"https:\/\/yeniterter.az\/index.php?rest_route=%2Fwp%2Fv2%2Fcategories&post=31104"},{"taxonomy":"post_tag","embeddable":true,"href":"https:\/\/yeniterter.az\/index.php?rest_route=%2Fwp%2Fv2%2Ftags&post=31104"}],"curies":[{"name":"wp","href":"https:\/\/api.w.org\/{rel}","templated":true}]}}