{"id":31101,"date":"2026-04-28T13:34:20","date_gmt":"2026-04-28T10:34:20","guid":{"rendered":"https:\/\/yeniterter.az\/?p=31101"},"modified":"2026-04-28T13:34:20","modified_gmt":"2026-04-28T10:34:20","slug":"prezident-ilham-%c9%99liyev-2026-ci-il-aprelin-27-d%c9%99-cex-respublikasinin-bas-naziri-andrey-babisin-az%c9%99rbaycana-s%c9%99f%c9%99ri-zamani-m%c9%99tbuata-b%c9%99yanat-verib","status":"publish","type":"post","link":"https:\/\/yeniterter.az\/?p=31101","title":{"rendered":"Prezident \u0130lham \u018fliyev 2026-c\u0131 il aprelin 27-d\u0259 \u00c7ex Respublikas\u0131n\u0131n Ba\u015f naziri Andrey Babi\u015fin Az\u0259rbaycana s\u0259f\u0259ri zaman\u0131 m\u0259tbuata b\u0259yanat verib"},"content":{"rendered":"<p><img decoding=\"async\" loading=\"lazy\" class=\"size-medium wp-image-31102 alignleft\" src=\"https:\/\/yeniterter.az\/wp-content\/uploads\/683371262_122127430779144567_9111442744844836941_n-300x208.jpg\" alt=\"\" width=\"300\" height=\"208\" srcset=\"https:\/\/yeniterter.az\/wp-content\/uploads\/683371262_122127430779144567_9111442744844836941_n-300x208.jpg 300w, https:\/\/yeniterter.az\/wp-content\/uploads\/683371262_122127430779144567_9111442744844836941_n-768x532.jpg 768w, https:\/\/yeniterter.az\/wp-content\/uploads\/683371262_122127430779144567_9111442744844836941_n.jpg 909w\" sizes=\"(max-width: 300px) 100vw, 300px\" \/>D\u00f6vl\u0259t ba\u015f\u00e7\u0131s\u0131 deyib:<\/p>\n<p>\u2013 Bu, bizim birinci g\u00f6r\u00fc\u015f\u00fcm\u00fcz olmu\u015fdur v\u0259 g\u00f6r\u00fc\u015f \u00e7ox m\u0259hsuldar ke\u00e7mi\u015fdir, bir \u00e7ox m\u0259s\u0259l\u0259l\u0259r \u0259traf\u0131nda fikir m\u00fcbadil\u0259si apard\u0131q. M\u0259n c\u0259nab Ba\u015f naziri Az\u0259rbaycana r\u0259smi s\u0259f\u0259r\u0259 d\u0259v\u0259t etmi\u015f\u0259m v\u0259 \u015fadam ki, bu g\u00fcn c\u0259nab Ba\u015f nazir bu s\u0259f\u0259ri Az\u0259rbaycana h\u0259yata ke\u00e7irir. Bu, iki \u00f6lk\u0259 aras\u0131ndak\u0131 \u0259laq\u0259l\u0259rin dinamik \u015f\u0259kild\u0259 inki\u015faf\u0131n\u0131 g\u00f6st\u0259rir. Bizim indi \u00e7ox f\u0259al siyasi dialoqumuz var. Bu g\u00fcn bir \u00e7ox m\u0259s\u0259l\u0259l\u0259r \u2013 h\u0259m regional, h\u0259m ikit\u0259r\u0259fli, h\u0259m d\u0259 daha qlobal xarakter da\u015f\u0131yan m\u0259s\u0259l\u0259l\u0259r \u0259traf\u0131nda fikir m\u00fcbadil\u0259si apar\u0131lm\u0131\u015fd\u0131r.<\/p>\n<p>Bildirilib ki, iqtisadi sah\u0259d\u0259 g\u00f6r\u00fcl\u0259c\u0259k i\u015fl\u0259rl\u0259 ba\u011fl\u0131 konkret t\u0259klifl\u0259r var. C\u0259nab Ba\u015f nazirl\u0259 birlikd\u0259 Az\u0259rbaycana \u00c7exiyadan b\u00f6y\u00fck qrup i\u015f adamlar\u0131 g\u0259lmi\u015fdir v\u0259 bu g\u00fcn ke\u00e7iril\u0259c\u0259k biznes-forumda h\u0259m yeni t\u0259maslar qurulacaq, h\u0259m d\u0259 m\u00f6vcud layih\u0259l\u0259rl\u0259 ba\u011fl\u0131 fikir m\u00fcbadil\u0259si apar\u0131lacaq. Bizim \u00e7ox b\u00f6y\u00fck \u00fcmidimiz ondan ibar\u0259tdir ki, ticar\u0259t d\u00f6vriyy\u0259mizi daha da y\u00fcks\u0259k s\u0259viyy\u0259y\u0259 qald\u0131raq. Halbuki bu g\u00fcn d\u0259 ticar\u0259t d\u00f6vriyy\u0259miz \u0259h\u0259miyy\u0259tli d\u0259r\u0259c\u0259d\u0259 artm\u0131\u015fd\u0131r, 800 milyon dollardan \u00e7oxdur. Amma \u0259g\u0259r biz ticar\u0259t d\u00f6vriyy\u0259sinin strukturuna baxsaq g\u00f6r\u0259rik ki, burada \u0259sas\u0259n Az\u0259rbaycan neftinin ixrac\u0131 g\u00f6z\u0259 d\u0259yir. Ona g\u00f6r\u0259 biz ticar\u0259t d\u00f6vriyy\u0259sinin daha tarazl\u0131 olmas\u0131n\u0131 v\u0259 strukturun t\u0259kmill\u0259\u015fdirilm\u0259sini arzulay\u0131r\u0131q.<\/p>\n<p>Diqq\u0259t\u0259 \u00e7atd\u0131r\u0131l\u0131b ki, \u0259m\u0259kda\u015fl\u0131\u011f\u0131m\u0131z\u0131n b\u00f6y\u00fck hiss\u0259si energetika sektoruna aiddir.<\/p>\n<p>Burada da uzun ill\u0259r \u0259rzind\u0259 \u00c7exiya v\u0259 Az\u0259rbaycan \u00e7ox etibarl\u0131 t\u0259r\u0259fda\u015flard\u0131r. Az\u0259rbaycan nefti \u00c7exiyaya ixrac edilir v\u0259 \u00c7exiyan\u0131n enerji balans\u0131nda \u00f6n\u0259mli yer tutur. Az\u0259rbaycan d\u00fcnya bazarlar\u0131na \u00f6z enerji resurslar\u0131n\u0131 ixrac ed\u0259n etibarl\u0131 \u00f6lk\u0259l\u0259r s\u0131ras\u0131ndad\u0131r. Bunu, o c\u00fcml\u0259d\u0259n Avropa \u0130ttifaq\u0131 da qeyd edir v\u0259 Az\u0259rbaycan\u0131 etibarl\u0131 t\u0259r\u0259fda\u015f kimi qiym\u0259tl\u0259ndirir;<\/p>\n<p>Az\u0259rbaycan qaz\u0131 16 \u00f6lk\u0259y\u0259 ixrac edilir v\u0259 onlardan 10 \u00f6lk\u0259 Avropa \u0130ttifaq\u0131n\u0131n \u00fczv\u00fcd\u00fcr.<\/p>\n<p>O c\u00fcml\u0259d\u0259n Az\u0259rbaycan \u00c7exiyaya qon\u015fu olan \u00f6lk\u0259l\u0259r\u0259 t\u0259bii qaz ixrac edir.<\/p>\n<p>Prezident \u0130lham \u018fliyev deyib ki, \u00f6lk\u0259l\u0259rimiz aras\u0131nda dig\u0259r \u00f6n\u0259mli \u0259m\u0259kda\u015fl\u0131q sah\u0259si m\u00fcdafi\u0259 s\u0259nayesi il\u0259 ba\u011fl\u0131d\u0131r.<\/p>\n<p>Burada da uzun m\u00fcdd\u0259t \u0259rzind\u0259 u\u011furlu \u0259m\u0259kda\u015fl\u0131q apar\u0131l\u0131r. Biz \u00c7exiyadan bir \u00e7ox h\u0259rbi t\u0259yinatl\u0131 m\u0259hsullar al\u0131r\u0131q v\u0259 indiki m\u0259rh\u0259l\u0259d\u0259 birg\u0259 istehsalla ba\u011fl\u0131 konkret layih\u0259l\u0259r \u00fcz\u0259rind\u0259 dan\u0131\u015f\u0131qlar gedir. \u018fmin\u0259m ki, bu sah\u0259 d\u0259 \u00e7ox geni\u015fmiqyasl\u0131 olacaq. \u00c7\u00fcnki Az\u0259rbaycan \u00f6z m\u00fcdafi\u0259 potensial\u0131n\u0131, o c\u00fcml\u0259d\u0259n yerli istehsal hesab\u0131na t\u0259min edir v\u0259 g\u0259l\u0259c\u0259kd\u0259 bu sah\u0259d\u0259 b\u00f6y\u00fck t\u0259cr\u00fcb\u0259si olan \u00c7exiya kimi \u00f6lk\u0259l\u0259rl\u0259 bizim m\u00fc\u015ft\u0259r\u0259k i\u015fl\u0259rimiz x\u00fcsusi \u00f6n\u0259m da\u015f\u0131y\u0131r.<\/p>\n<p>Bu g\u00fcn bir \u00e7ox dig\u0259r sah\u0259l\u0259r \u0259traf\u0131nda fikir m\u00fcbadil\u0259si apar\u0131ld\u0131. H\u00f6kum\u0259tl\u0259raras\u0131 Komissiyan\u0131n tezlikl\u0259 t\u0259dbir ke\u00e7irm\u0259si, yenid\u0259n g\u00f6r\u00fc\u015fm\u0259si il\u0259 ba\u011fl\u0131 fikir m\u00fcbadil\u0259si apar\u0131lm\u0131\u015fd\u0131r. Y\u0259ni bu g\u00fcn bir daha \u00c7exiya-Az\u0259rbaycan dostlu\u011fu, \u0259m\u0259kda\u015fl\u0131\u011f\u0131 \u00f6z t\u0259sdiqini tap\u0131r v\u0259 bizim qar\u015f\u0131m\u0131zda \u00e7ox g\u00f6z\u0259l perspektivl\u0259r a\u00e7\u0131l\u0131r.<\/p>\n<p>Az\u0259rbaycan Respublikas\u0131 v\u0259 \u00c7ex Respublikas\u0131 aras\u0131nda ikit\u0259r\u0259fli m\u00fcnasib\u0259tl\u0259r:<\/p>\n<p><a href=\"https:\/\/l.facebook.com\/l.php?u=https%3A%2F%2Fmfa.gov.az%2Faz%2Fcategory%2Favropa%2Fcexiya%3Ffbclid%3DIwZXh0bgNhZW0CMTAAYnJpZBExUmZzTERPRVVvRGdHSzNjTnNydGMGYXBwX2lkEDIyMjAzOTE3ODgyMDA4OTIAAR5RUnWjFTVU4BhY1D3qnInVVhLHo_2t5YuCcdlgXAHtjfIvnHEdwzRpeNzBnQ_aem_c7AarsYN-KTyowmWom1cgQ&amp;h=AT5OseR7UBVSspYWWlsYVEUQHNtFomunTDxvse44ECcUdEZbrE6hR2Nis5Z-kaZNXM9aY41s8FrhhgLiJCKF81cAAYGJq2h779r5Pv7qOr3CTnL80Mm9a3kDjRH6AFsG_YuVrzimLIme0LQcag&amp;__tn__=-UK-R&amp;c%5b0%5d=AT4m57SZr1yvC2NDf0NsLZUuMS98GpqKOGscb8Oa4Guy0IF-ApLKDqL9qjhVV1d13BfgoSXzrhGd5LVMcMCPqJ4wyuUy-ChIuhrUcCXor2UbwwUBfhjtyj8mJz5Y7Tm19sPN7Lt81hwC9phzbWzTTLPXXxUvcSCNcVZCDvZxBW5phNtPjddjaO3RyAgfTlRlfiEbB8-PVJWuvCqhhB36I40T4g-WQQ\"><strong>https:\/\/mfa.gov.az\/az\/category\/avropa\/cexiya<\/strong><\/a><\/p>\n<p>&nbsp;<\/p>\n","protected":false},"excerpt":{"rendered":"<p>D\u00f6vl\u0259t ba\u015f\u00e7\u0131s\u0131 deyib: \u2013 Bu, bizim birinci g\u00f6r\u00fc\u015f\u00fcm\u00fcz olmu\u015fdur v\u0259 g\u00f6r\u00fc\u015f \u00e7ox m\u0259hsuldar ke\u00e7mi\u015fdir, bir \u00e7ox m\u0259s\u0259l\u0259l\u0259r \u0259traf\u0131nda fikir m\u00fcbadil\u0259si apard\u0131q. M\u0259n c\u0259nab Ba\u015f naziri Az\u0259rbaycana r\u0259smi s\u0259f\u0259r\u0259 d\u0259v\u0259t etmi\u015f\u0259m v\u0259 \u015fadam ki, bu g\u00fcn c\u0259nab Ba\u015f nazir bu s\u0259f\u0259ri Az\u0259rbaycana h\u0259yata ke\u00e7irir. Bu, iki \u00f6lk\u0259 aras\u0131ndak\u0131 \u0259laq\u0259l\u0259rin dinamik \u015f\u0259kild\u0259 inki\u015faf\u0131n\u0131 g\u00f6st\u0259rir. Bizim indi \u00e7ox [&hellip;]<\/p>\n","protected":false},"author":2,"featured_media":0,"comment_status":"closed","ping_status":"closed","sticky":false,"template":"","format":"standard","meta":[],"categories":[10],"tags":[],"_links":{"self":[{"href":"https:\/\/yeniterter.az\/index.php?rest_route=\/wp\/v2\/posts\/31101"}],"collection":[{"href":"https:\/\/yeniterter.az\/index.php?rest_route=\/wp\/v2\/posts"}],"about":[{"href":"https:\/\/yeniterter.az\/index.php?rest_route=\/wp\/v2\/types\/post"}],"author":[{"embeddable":true,"href":"https:\/\/yeniterter.az\/index.php?rest_route=\/wp\/v2\/users\/2"}],"replies":[{"embeddable":true,"href":"https:\/\/yeniterter.az\/index.php?rest_route=%2Fwp%2Fv2%2Fcomments&post=31101"}],"version-history":[{"count":1,"href":"https:\/\/yeniterter.az\/index.php?rest_route=\/wp\/v2\/posts\/31101\/revisions"}],"predecessor-version":[{"id":31103,"href":"https:\/\/yeniterter.az\/index.php?rest_route=\/wp\/v2\/posts\/31101\/revisions\/31103"}],"wp:attachment":[{"href":"https:\/\/yeniterter.az\/index.php?rest_route=%2Fwp%2Fv2%2Fmedia&parent=31101"}],"wp:term":[{"taxonomy":"category","embeddable":true,"href":"https:\/\/yeniterter.az\/index.php?rest_route=%2Fwp%2Fv2%2Fcategories&post=31101"},{"taxonomy":"post_tag","embeddable":true,"href":"https:\/\/yeniterter.az\/index.php?rest_route=%2Fwp%2Fv2%2Ftags&post=31101"}],"curies":[{"name":"wp","href":"https:\/\/api.w.org\/{rel}","templated":true}]}}