{"id":31098,"date":"2026-04-28T08:50:19","date_gmt":"2026-04-28T05:50:19","guid":{"rendered":"https:\/\/yeniterter.az\/?p=31098"},"modified":"2026-04-28T08:50:19","modified_gmt":"2026-04-28T05:50:19","slug":"az%c9%99rbaycan-ukrayna-strateji-t%c9%99r%c9%99fdasligi-yeni-%c9%99m%c9%99kdasliq-perspektivl%c9%99ri-v%c9%99-guclu-siyasi-irad%c9%99","status":"publish","type":"post","link":"https:\/\/yeniterter.az\/?p=31098","title":{"rendered":"Az\u0259rbaycan-Ukrayna strateji t\u0259r\u0259fda\u015fl\u0131\u011f\u0131: Yeni \u0259m\u0259kda\u015fl\u0131q perspektivl\u0259ri v\u0259 g\u00fccl\u00fc siyasi irad\u0259"},"content":{"rendered":"<p><img decoding=\"async\" loading=\"lazy\" class=\"size-medium wp-image-31099 alignright\" src=\"https:\/\/yeniterter.az\/wp-content\/uploads\/681882158_122127316971144567_8572450157449778865_n-300x152.jpg\" alt=\"\" width=\"300\" height=\"152\" srcset=\"https:\/\/yeniterter.az\/wp-content\/uploads\/681882158_122127316971144567_8572450157449778865_n-300x152.jpg 300w, https:\/\/yeniterter.az\/wp-content\/uploads\/681882158_122127316971144567_8572450157449778865_n.jpg 584w\" sizes=\"(max-width: 300px) 100vw, 300px\" \/>Az\u0259rbaycan Respublikas\u0131n\u0131n Prezidenti \u0130lham \u018fliyev v\u0259 Ukrayna Prezidenti Volodimir Zelenskinin aprelin 25-d\u0259 ke\u00e7iril\u0259n g\u00f6r\u00fc\u015f\u00fc iki \u00f6lk\u0259 aras\u0131nda strateji t\u0259r\u0259fda\u015fl\u0131\u011f\u0131n y\u00fcks\u0259k s\u0259viyy\u0259d\u0259 oldu\u011funu bir daha t\u0259sdiql\u0259yib. G\u00f6r\u00fc\u015f zaman\u0131 \u0259m\u0259kda\u015fl\u0131\u011f\u0131n m\u00f6vcud v\u0259ziyy\u0259ti, g\u0259l\u0259c\u0259k perspektivl\u0259ri v\u0259 qar\u015f\u0131l\u0131ql\u0131 maraq do\u011furan m\u0259s\u0259l\u0259l\u0259r \u0259trafl\u0131 m\u00fczakir\u0259 olunub.<\/p>\n<p>D\u00f6vl\u0259t ba\u015f\u00e7\u0131lar\u0131 s\u0259viyy\u0259sind\u0259ki t\u0259maslar\u0131n intensiv xarakter da\u015f\u0131d\u0131\u011f\u0131n\u0131 vur\u011fulayan Prezident \u0130lham \u018fliyev, son d\u00f6rd il \u0259rzind\u0259 ke\u00e7iril\u0259n yeddi g\u00f6r\u00fc\u015f\u00fcn ikit\u0259r\u0259fli \u0259laq\u0259l\u0259rin dinamik inki\u015faf\u0131n\u0131n g\u00f6st\u0259ricisi oldu\u011funu bildirib. D\u00f6vl\u0259t ba\u015f\u00e7\u0131lar\u0131 aras\u0131nda formala\u015fm\u0131\u015f \u015f\u0259xsi dostluq v\u0259 y\u00fcks\u0259k etimad m\u00fcnasib\u0259tl\u0259ri strateji t\u0259r\u0259fda\u015fl\u0131\u011f\u0131n \u0259sas t\u0259m\u0259ll\u0259rind\u0259n biridir.<\/p>\n<p>Az\u0259rbaycan-Ukrayna \u0259m\u0259kda\u015fl\u0131\u011f\u0131 m\u00f6hk\u0259m siyasi-h\u00fcquqi bazaya malikdir. 2008 v\u0259 2011-ci ill\u0259rd\u0259 imzalanm\u0131\u015f strateji t\u0259r\u0259fda\u015fl\u0131\u011fa dair s\u0259n\u0259dl\u0259r iki \u00f6lk\u0259nin bir-birinin suverenliyin\u0259, \u0259razi b\u00fct\u00f6vl\u00fcy\u00fcn\u0259 v\u0259 s\u0259rh\u0259dl\u0259rin toxunulmazl\u0131\u011f\u0131na verdiyi d\u0259st\u0259yi t\u0259sbit edir. T\u0259r\u0259fl\u0259r beyn\u0259lxalq t\u0259\u015fkilatlarda qar\u015f\u0131l\u0131ql\u0131 olaraq bir-birinin \u0259razi b\u00fct\u00f6vl\u00fcy\u00fcn\u00fc prinsipial \u015f\u0259kild\u0259 d\u0259st\u0259kl\u0259yirl\u0259r v\u0259 bu x\u0259tt g\u0259l\u0259c\u0259kd\u0259 d\u0259 davam etdiril\u0259c\u0259k.<\/p>\n<p>Energetika sah\u0259si \u0259m\u0259kda\u015fl\u0131\u011f\u0131n prioritet istiqam\u0259tl\u0259rind\u0259n biridir. SOCAR-\u0131n Ukraynada uzun ill\u0259rdir u\u011furla f\u0259aliyy\u0259t g\u00f6st\u0259rm\u0259si, bu sah\u0259d\u0259 \u0259ld\u0259 olunan nailiyy\u0259tl\u0259r v\u0259 yeni birg\u0259 perspektivl\u0259r m\u00fczakir\u0259 edilib. Eyni zamanda, ticar\u0259t d\u00f6vriyy\u0259sinin yar\u0131m milyard dollar\u0131 \u00f6td\u00fcy\u00fcn\u00fc vur\u011fulayan d\u00f6vl\u0259t ba\u015f\u00e7\u0131s\u0131, bu r\u0259q\u0259min daha da art\u0131r\u0131lmas\u0131 \u00fc\u00e7\u00fcn b\u00f6y\u00fck potensial\u0131n oldu\u011funu bildirib.<\/p>\n<p>H\u0259m\u00e7inin, h\u0259r iki \u00f6lk\u0259nin inki\u015faf etmi\u015f h\u0259rbi s\u0259naye kompleksi m\u00f6vcuddur ki, bu da birg\u0259 istehsal v\u0259 s\u0259naye sah\u0259sind\u0259 \u0259m\u0259kda\u015fl\u0131q \u00fc\u00e7\u00fcn geni\u015f imkanlar yarad\u0131r. Sonda Az\u0259rbaycan Prezidenti vur\u011fulay\u0131b ki, bu s\u0259f\u0259r qar\u015f\u0131l\u0131ql\u0131 h\u00f6rm\u0259t v\u0259 maraqlar\u0131n t\u0259min edilm\u0259si \u0259sas\u0131nda qurulan Az\u0259rbaycan-Ukrayna dostluq \u0259laq\u0259l\u0259rinin inki\u015faf\u0131na n\u00f6vb\u0259ti m\u00fch\u00fcm t\u00f6hf\u0259 olacaq.<\/p>\n<p>&nbsp;<\/p>\n","protected":false},"excerpt":{"rendered":"<p>Az\u0259rbaycan Respublikas\u0131n\u0131n Prezidenti \u0130lham \u018fliyev v\u0259 Ukrayna Prezidenti Volodimir Zelenskinin aprelin 25-d\u0259 ke\u00e7iril\u0259n g\u00f6r\u00fc\u015f\u00fc iki \u00f6lk\u0259 aras\u0131nda strateji t\u0259r\u0259fda\u015fl\u0131\u011f\u0131n y\u00fcks\u0259k s\u0259viyy\u0259d\u0259 oldu\u011funu bir daha t\u0259sdiql\u0259yib. G\u00f6r\u00fc\u015f zaman\u0131 \u0259m\u0259kda\u015fl\u0131\u011f\u0131n m\u00f6vcud v\u0259ziyy\u0259ti, g\u0259l\u0259c\u0259k perspektivl\u0259ri v\u0259 qar\u015f\u0131l\u0131ql\u0131 maraq do\u011furan m\u0259s\u0259l\u0259l\u0259r \u0259trafl\u0131 m\u00fczakir\u0259 olunub. D\u00f6vl\u0259t ba\u015f\u00e7\u0131lar\u0131 s\u0259viyy\u0259sind\u0259ki t\u0259maslar\u0131n intensiv xarakter da\u015f\u0131d\u0131\u011f\u0131n\u0131 vur\u011fulayan Prezident \u0130lham \u018fliyev, son d\u00f6rd il \u0259rzind\u0259 [&hellip;]<\/p>\n","protected":false},"author":2,"featured_media":0,"comment_status":"closed","ping_status":"closed","sticky":false,"template":"","format":"standard","meta":[],"categories":[10],"tags":[],"_links":{"self":[{"href":"https:\/\/yeniterter.az\/index.php?rest_route=\/wp\/v2\/posts\/31098"}],"collection":[{"href":"https:\/\/yeniterter.az\/index.php?rest_route=\/wp\/v2\/posts"}],"about":[{"href":"https:\/\/yeniterter.az\/index.php?rest_route=\/wp\/v2\/types\/post"}],"author":[{"embeddable":true,"href":"https:\/\/yeniterter.az\/index.php?rest_route=\/wp\/v2\/users\/2"}],"replies":[{"embeddable":true,"href":"https:\/\/yeniterter.az\/index.php?rest_route=%2Fwp%2Fv2%2Fcomments&post=31098"}],"version-history":[{"count":1,"href":"https:\/\/yeniterter.az\/index.php?rest_route=\/wp\/v2\/posts\/31098\/revisions"}],"predecessor-version":[{"id":31100,"href":"https:\/\/yeniterter.az\/index.php?rest_route=\/wp\/v2\/posts\/31098\/revisions\/31100"}],"wp:attachment":[{"href":"https:\/\/yeniterter.az\/index.php?rest_route=%2Fwp%2Fv2%2Fmedia&parent=31098"}],"wp:term":[{"taxonomy":"category","embeddable":true,"href":"https:\/\/yeniterter.az\/index.php?rest_route=%2Fwp%2Fv2%2Fcategories&post=31098"},{"taxonomy":"post_tag","embeddable":true,"href":"https:\/\/yeniterter.az\/index.php?rest_route=%2Fwp%2Fv2%2Ftags&post=31098"}],"curies":[{"name":"wp","href":"https:\/\/api.w.org\/{rel}","templated":true}]}}