{"id":31094,"date":"2026-04-27T11:23:46","date_gmt":"2026-04-27T08:23:46","guid":{"rendered":"https:\/\/yeniterter.az\/?p=31094"},"modified":"2026-04-27T11:25:27","modified_gmt":"2026-04-27T08:25:27","slug":"az%c9%99rbaycan-v%c9%99-ukrayna-arasinda-%c9%99m%c9%99kdasliq-gund%c9%99liyi-genisl%c9%99nir","status":"publish","type":"post","link":"https:\/\/yeniterter.az\/?p=31094","title":{"rendered":"Az\u0259rbaycan v\u0259 Ukrayna aras\u0131nda \u0259m\u0259kda\u015fl\u0131q g\u00fcnd\u0259liyi geni\u015fl\u0259nir"},"content":{"rendered":"<p><img decoding=\"async\" loading=\"lazy\" class=\"size-medium wp-image-30982 alignleft\" src=\"https:\/\/yeniterter.az\/wp-content\/uploads\/9aba06f0-2b5b-4303-9106-77d4bf2b290c-300x225.jpg\" alt=\"\" width=\"300\" height=\"225\" srcset=\"https:\/\/yeniterter.az\/wp-content\/uploads\/9aba06f0-2b5b-4303-9106-77d4bf2b290c-300x225.jpg 300w, https:\/\/yeniterter.az\/wp-content\/uploads\/9aba06f0-2b5b-4303-9106-77d4bf2b290c-1024x768.jpg 1024w, https:\/\/yeniterter.az\/wp-content\/uploads\/9aba06f0-2b5b-4303-9106-77d4bf2b290c-768x576.jpg 768w, https:\/\/yeniterter.az\/wp-content\/uploads\/9aba06f0-2b5b-4303-9106-77d4bf2b290c.jpg 1080w\" sizes=\"(max-width: 300px) 100vw, 300px\" \/>Prezident \u0130lham \u018fliyevin 25 aprel 2026-c\u0131 il tarixind\u0259 Ukrayna Prezidenti Volodimir Zelenskinin Az\u0259rbaycana r\u0259smi s\u0259f\u0259ri \u00e7\u0259r\u00e7iv\u0259sind\u0259 m\u0259tbuata verdiyi b\u0259yanat, iki \u00f6lk\u0259 aras\u0131ndak\u0131 m\u00fcnasib\u0259tl\u0259rin strateji mahiyy\u0259tini, regional t\u0259hl\u00fck\u0259sizlik arxitekturas\u0131ndak\u0131 yerini v\u0259 g\u0259l\u0259c\u0259k inki\u015faf vektorlar\u0131n\u0131 m\u00fc\u0259yy\u0259n ed\u0259n h\u0259rt\u0259r\u0259fli bir yol x\u0259rit\u0259si xarakteri da\u015f\u0131y\u0131r. Bu b\u0259yanat, m\u00fcasir beyn\u0259lxalq m\u00fcnasib\u0259tl\u0259r sisteminin m\u00fcr\u0259kk\u0259b fonunda Az\u0259rbaycan\u0131n prinsipial, m\u00fcst\u0259qil v\u0259 humanizm d\u0259y\u0259rl\u0259rin\u0259 sadiq xarici siyas\u0259t kursunu bir daha b\u00fct\u00fcn dol\u011funlu\u011fu il\u0259 n\u00fcmayi\u015f etdirdi.<\/p>\n<p>C\u0259nab \u0130lham \u018fliyev \u00e7\u0131x\u0131\u015f\u0131nda \u0259n fundamental m\u0259qam beyn\u0259lxalq h\u00fcququn norma v\u0259 prinsipl\u0259rin\u0259, x\u00fcsusil\u0259 d\u0259 \u00f6lk\u0259l\u0259rin \u0259razi b\u00fct\u00f6vl\u00fcy\u00fc v\u0259 suverenliyin\u0259 veril\u0259n sars\u0131lmaz d\u0259st\u0259k idi. Prezident \u0130lham \u018fliyev xat\u0131rlatd\u0131 ki, Az\u0259rbaycan v\u0259 Ukrayna h\u0259r zaman beyn\u0259lxalq m\u00fcst\u0259vid\u0259 bir-birinin haql\u0131 m\u00f6vqeyini m\u00fcdafi\u0259 edib. Bu d\u0259st\u0259k sad\u0259c\u0259 diplomatik bir etiket deyil, eyni zamanda h\u0259r iki d\u00f6vl\u0259tin suverenlik u\u011frunda ke\u00e7diyi \u00e7\u0259tin s\u0131naqlar\u0131n v\u0259 ortaq d\u0259y\u0259rl\u0259rin t\u0259zah\u00fcr\u00fcd\u00fcr. Az\u0259rbaycan\u0131n bu m\u0259s\u0259l\u0259d\u0259ki q\u0259tiyy\u0259ti, beyn\u0259lxalq s\u0259viyy\u0259d\u0259 tan\u0131nm\u0131\u015f s\u0259rh\u0259dl\u0259rin toxunulmazl\u0131\u011f\u0131n\u0131n b\u00fct\u00fcn d\u00f6vl\u0259tl\u0259r \u00fc\u00e7\u00fcn b\u0259rab\u0259r t\u0259tbiq olunmal\u0131 oldu\u011fu mesaj\u0131n\u0131 yenid\u0259n g\u00fcnd\u0259m\u0259 g\u0259tirdi.<\/p>\n<p>\u0130qtisadi v\u0259 enerji \u0259m\u0259kda\u015fl\u0131\u011f\u0131 b\u0259yanat\u0131n s\u00fctunlar\u0131ndan birini t\u0259\u015fkil edirdi. Prezident \u0130lham \u018fliyev qeyd etdi ki, Az\u0259rbaycan\u0131n enerji resurslar\u0131 v\u0259 Avropan\u0131n enerji t\u0259hl\u00fck\u0259sizliyind\u0259 oynad\u0131\u011f\u0131 m\u00fch\u00fcm rol Ukrayna il\u0259 \u0259laq\u0259l\u0259rd\u0259 yeni perspektivl\u0259r a\u00e7\u0131r. SOCAR-\u0131n Ukrayna bazar\u0131ndak\u0131 aktiv f\u0259aliyy\u0259ti, enerji infrastrukturuna qoyulan investisiyalar v\u0259 yanacaq t\u0259minat\u0131nda g\u00f6st\u0259ril\u0259n etibarl\u0131l\u0131q iki \u00f6lk\u0259 aras\u0131ndak\u0131 iqtisadi etimad\u0131n \u0259n bariz g\u00f6st\u0259ricisidir. Bundan \u0259lav\u0259, Az\u0259rbaycan\u0131n t\u0259\u015f\u0259bb\u00fcskar\u0131 oldu\u011fu n\u0259qliyyat-logistika layih\u0259l\u0259ri, x\u00fcsusil\u0259 &#8220;Orta D\u0259hliz&#8221; v\u0259 Bak\u0131-Tbilisi-Qars d\u0259mir yolu x\u0259tti vasit\u0259sil\u0259 Ukraynan\u0131n \u015e\u0259rq-Q\u0259rb y\u00fckda\u015f\u0131malar\u0131na inteqrasiyas\u0131 m\u0259s\u0259l\u0259si geni\u015f m\u00fczakir\u0259 olunan m\u00f6vzular aras\u0131nda yer ald\u0131. Bu, t\u0259kc\u0259 ikit\u0259r\u0259fli ticar\u0259t d\u00f6vriyy\u0259sinin artmas\u0131na deyil, h\u0259m d\u0259 b\u00fct\u00fcn regionun iqtisadi dayan\u0131ql\u0131l\u0131\u011f\u0131na xidm\u0259t ed\u0259n strateji bir add\u0131md\u0131r.<\/p>\n<p style=\"text-align: right;\"><em><strong> Eldar \u018fs\u0259dov,<\/strong><\/em><\/p>\n<p style=\"text-align: right;\"><em><strong>YAP T\u0259rt\u0259r rayon t\u0259\u015fkilat\u0131n\u0131n s\u0259dri\u00a0<\/strong><\/em><\/p>\n","protected":false},"excerpt":{"rendered":"<p>Prezident \u0130lham \u018fliyevin 25 aprel 2026-c\u0131 il tarixind\u0259 Ukrayna Prezidenti Volodimir Zelenskinin Az\u0259rbaycana r\u0259smi s\u0259f\u0259ri \u00e7\u0259r\u00e7iv\u0259sind\u0259 m\u0259tbuata verdiyi b\u0259yanat, iki \u00f6lk\u0259 aras\u0131ndak\u0131 m\u00fcnasib\u0259tl\u0259rin strateji mahiyy\u0259tini, regional t\u0259hl\u00fck\u0259sizlik arxitekturas\u0131ndak\u0131 yerini v\u0259 g\u0259l\u0259c\u0259k inki\u015faf vektorlar\u0131n\u0131 m\u00fc\u0259yy\u0259n ed\u0259n h\u0259rt\u0259r\u0259fli bir yol x\u0259rit\u0259si xarakteri da\u015f\u0131y\u0131r. Bu b\u0259yanat, m\u00fcasir beyn\u0259lxalq m\u00fcnasib\u0259tl\u0259r sisteminin m\u00fcr\u0259kk\u0259b fonunda Az\u0259rbaycan\u0131n prinsipial, m\u00fcst\u0259qil v\u0259 humanizm d\u0259y\u0259rl\u0259rin\u0259 [&hellip;]<\/p>\n","protected":false},"author":2,"featured_media":0,"comment_status":"closed","ping_status":"closed","sticky":false,"template":"","format":"standard","meta":[],"categories":[10],"tags":[],"_links":{"self":[{"href":"https:\/\/yeniterter.az\/index.php?rest_route=\/wp\/v2\/posts\/31094"}],"collection":[{"href":"https:\/\/yeniterter.az\/index.php?rest_route=\/wp\/v2\/posts"}],"about":[{"href":"https:\/\/yeniterter.az\/index.php?rest_route=\/wp\/v2\/types\/post"}],"author":[{"embeddable":true,"href":"https:\/\/yeniterter.az\/index.php?rest_route=\/wp\/v2\/users\/2"}],"replies":[{"embeddable":true,"href":"https:\/\/yeniterter.az\/index.php?rest_route=%2Fwp%2Fv2%2Fcomments&post=31094"}],"version-history":[{"count":2,"href":"https:\/\/yeniterter.az\/index.php?rest_route=\/wp\/v2\/posts\/31094\/revisions"}],"predecessor-version":[{"id":31096,"href":"https:\/\/yeniterter.az\/index.php?rest_route=\/wp\/v2\/posts\/31094\/revisions\/31096"}],"wp:attachment":[{"href":"https:\/\/yeniterter.az\/index.php?rest_route=%2Fwp%2Fv2%2Fmedia&parent=31094"}],"wp:term":[{"taxonomy":"category","embeddable":true,"href":"https:\/\/yeniterter.az\/index.php?rest_route=%2Fwp%2Fv2%2Fcategories&post=31094"},{"taxonomy":"post_tag","embeddable":true,"href":"https:\/\/yeniterter.az\/index.php?rest_route=%2Fwp%2Fv2%2Ftags&post=31094"}],"curies":[{"name":"wp","href":"https:\/\/api.w.org\/{rel}","templated":true}]}}